{"id":10779,"date":"2023-11-30T18:27:41","date_gmt":"2023-11-30T18:27:41","guid":{"rendered":"https:\/\/macite.tg\/?p=10779"},"modified":"2023-11-30T18:37:56","modified_gmt":"2023-11-30T18:37:56","slug":"cooperation-togo-kazakhstan-visites-et-partages-dexperiences-au-menu-de-la-visite-officielle-de-faure-a-astana","status":"publish","type":"post","link":"https:\/\/macite.tg\/?p=10779","title":{"rendered":"COOP\u00c9RATION TOGO-KAZAKHSTAN\u00a0: Visites et partages d\u2019exp\u00e9riences au menu de la visite officielle de Faure \u00e0 Astana"},"content":{"rendered":"\n<p class=\"wp-block-paragraph\"><strong><em>En visite officielle \u00e0 Astana au Kazakhstan, le mardi\u00a028 novembre dernier, le chef de l\u2019\u00c9tat togolais, Faure Gnassingb\u00e9, a eu un agenda charg\u00e9. Entre visites et partages d\u2019exp\u00e9riences, la d\u00e9l\u00e9gation togolaise avait \u00e0 c\u0153ur d\u2019appr\u00e9cier les r\u00e9alisations socio-\u00e9conomiques phares de ce pays d\u2019Asie centrale, ceci avec en ligne de mire un partage d\u2019exp\u00e9riences.<\/em><\/strong><\/p>\n\n\n\n<p class=\"wp-block-paragraph\">Apr\u00e8s avoir re\u00e7u les honneurs dus \u00e0 son rang, au cours d\u2019un d\u00e9jeuner marqu\u00e9 par une c\u00e9r\u00e9monie solennelle de remise de chapan traditionnel kazakh, symbole d\u2019amiti\u00e9 et de fraternit\u00e9, le Pr\u00e9sident togolais a effectu\u00e9 plusieurs visites.<\/p>\n\n\n<div class=\"wp-block-image\">\n<figure class=\"aligncenter size-large is-resized\"><img loading=\"lazy\" decoding=\"async\" src=\"https:\/\/macite.tg\/wp-content\/uploads\/2023\/11\/WhatsApp-Image-2023-10-09-at-17.28.15-1-1024x1024.jpeg\" alt=\"\" class=\"wp-image-10647\" width=\"513\" height=\"513\" srcset=\"https:\/\/macite.tg\/wp-content\/uploads\/2023\/11\/WhatsApp-Image-2023-10-09-at-17.28.15-1-1024x1024.jpeg 1024w, https:\/\/macite.tg\/wp-content\/uploads\/2023\/11\/WhatsApp-Image-2023-10-09-at-17.28.15-1-300x300.jpeg 300w, https:\/\/macite.tg\/wp-content\/uploads\/2023\/11\/WhatsApp-Image-2023-10-09-at-17.28.15-1-150x150.jpeg 150w, https:\/\/macite.tg\/wp-content\/uploads\/2023\/11\/WhatsApp-Image-2023-10-09-at-17.28.15-1-768x768.jpeg 768w, https:\/\/macite.tg\/wp-content\/uploads\/2023\/11\/WhatsApp-Image-2023-10-09-at-17.28.15-1-122x122.jpeg 122w, https:\/\/macite.tg\/wp-content\/uploads\/2023\/11\/WhatsApp-Image-2023-10-09-at-17.28.15-1.jpeg 1280w\" sizes=\"auto, (max-width: 513px) 100vw, 513px\" \/><\/figure>\n<\/div>\n\n\n<p class=\"wp-block-paragraph\">D\u2019abord, le num\u00e9ro 1 togolais s\u2019est rendu au S\u00e9nat karakh o\u00f9 il a eu des \u00e9changes avec le pr\u00e9sident de la chambre haute du Parlement, Maulen Ashimbayev. Le pr\u00e9sident Faure Gnassingb\u00e9 a saisi l\u2019occasion pour sceller un partenariat dans le domaine parlementaire, notamment, qui va se manifester par un dialogue permanent et un partage d\u2019exp\u00e9riences surtout en mati\u00e8re de r\u00e9formes institutionnelles.<\/p>\n\n\n\n<p class=\"wp-block-paragraph\">Le haut responsable kazakh a \u00e9galement souhait\u00e9 un <em>\u00ab&nbsp;partenariat \u00e9conomique fructueux entre les deux pays \u00e0 travers des \u00e9changes commerciaux avec comme \u00e9picentre le Port autonome de Lom\u00e9 (Pal) qui pourrait servir de porte d\u2019entr\u00e9e strat\u00e9gique pour les march\u00e9s europ\u00e9en et asiatique&nbsp;\u00bb.<\/em><\/p>\n\n\n\n<p class=\"wp-block-paragraph\">Ensuite, la d\u00e9l\u00e9gation togolaise a visit\u00e9 plusieurs sites industriels, notamment le parc Swiss-Grow, sp\u00e9cialis\u00e9 dans la production des fertilisants, le complexe militaro-industriel (Kazakhstan Paramount Engineering), et Astana International Financial Centre (Aifc), le nouveau centre financier de cette zone eurasienne.<\/p>\n\n\n<div class=\"wp-block-image\">\n<figure class=\"aligncenter size-large is-resized\"><img loading=\"lazy\" decoding=\"async\" src=\"https:\/\/macite.tg\/wp-content\/uploads\/2023\/11\/ANNONCES-1-1024x426.jpg\" alt=\"\" class=\"wp-image-10689\" width=\"675\" height=\"280\" srcset=\"https:\/\/macite.tg\/wp-content\/uploads\/2023\/11\/ANNONCES-1-1024x426.jpg 1024w, https:\/\/macite.tg\/wp-content\/uploads\/2023\/11\/ANNONCES-1-300x125.jpg 300w, https:\/\/macite.tg\/wp-content\/uploads\/2023\/11\/ANNONCES-1-768x319.jpg 768w, https:\/\/macite.tg\/wp-content\/uploads\/2023\/11\/ANNONCES-1.jpg 1080w\" sizes=\"auto, (max-width: 675px) 100vw, 675px\" \/><\/figure>\n<\/div>\n\n\n<p class=\"wp-block-paragraph\">La d\u00e9l\u00e9gation togolaise a \u00e9galement fait une escale \u00e0 l\u2019Op\u00e9ra national et Th\u00e9\u00e2tre de ballet d\u2019Astana, symboles de la richesse culturelle et artistique de la capitale du Kazakhstan.<\/p>\n\n\n\n<p class=\"wp-block-paragraph\">Faure Gnassingb\u00e9 et ses collaborateurs ont suivi, avec int\u00e9r\u00eat, la pr\u00e9sentation de ces sites et leur contribution au d\u00e9veloppement socio-\u00e9conomique de ce pays, sans oublier leurs performances en Asie.<\/p>\n\n\n\n<p class=\"wp-block-paragraph\">A l\u2019issue de ces d\u00e9placements, le leader togolais entend \u00e9tablir un partenariat gagnant-gagnant avec ce pays, un des premiers producteurs du p\u00e9trole, mais aussi de l\u2019uranium, du gaz et des m\u00e9taux, sans oublier de bl\u00e9.<\/p>\n\n\n\n<p class=\"wp-block-paragraph\"><strong>JPB<\/strong><\/p>\n\n\n\n<p class=\"wp-block-paragraph\"><strong><em>@macite.tg&nbsp;&nbsp;&nbsp;&nbsp;&nbsp;&nbsp;&nbsp;&nbsp;<\/em><\/strong><\/p>\n\n\n\n<p class=\"wp-block-paragraph\"><strong><em>E-mail&nbsp;: <\/em><\/strong><a href=\"mailto:maciteinfo@gmail.com\"><strong><em>maciteinfo@gmail.com<\/em><\/strong><\/a><strong><em>; <\/em><\/strong><a href=\"mailto:bawela1@gmail.com\"><strong><em>bawela1@gmail.com<\/em><\/strong><\/a><strong><em><\/em><\/strong><\/p>\n\n\n\n<p class=\"wp-block-paragraph\"><strong><em>Pour vos annonces, (publi)reportages, etc., joignez-nous au (00228)91515309\/<strong>79872224 <\/strong>www.macite.tg, L\u2019information, la bonne&nbsp;!<\/em><\/strong><\/p>\n","protected":false},"excerpt":{"rendered":"<p class=\"text-justify mb-2\" >En visite officielle \u00e0 Astana au Kazakhstan, le mardi\u00a028 novembre dernier, le chef de l\u2019\u00c9tat togolais, Faure Gnassingb\u00e9, a eu un agenda charg\u00e9. Entre visites et partages d\u2019exp\u00e9riences, la d\u00e9l\u00e9gation togolaise avait \u00e0 c\u0153ur d\u2019appr\u00e9cier les r\u00e9alisations socio-\u00e9conomiques phares de ce pays d\u2019Asie centrale, ceci [&hellip;]<\/p>\n","protected":false},"author":2,"featured_media":10782,"comment_status":"open","ping_status":"open","sticky":false,"template":"","format":"standard","meta":{"footnotes":""},"categories":[20,16],"tags":[],"class_list":["post-10779","post","type-post","status-publish","format-standard","has-post-thumbnail","hentry","category-actualite","category-cooperation"],"yoast_head":"<!-- This site is optimized with the Yoast SEO plugin v28.4 - https:\/\/yoast.com\/product\/yoast-seo-wordpress\/ -->\n<title>COOP\u00c9RATION TOGO-KAZAKHSTAN\u00a0: Visites et partages d\u2019exp\u00e9riences au menu de la visite officielle de Faure \u00e0 Astana -<\/title>\n<meta name=\"robots\" content=\"index, follow, max-snippet:-1, max-image-preview:large, max-video-preview:-1\" \/>\n<link rel=\"canonical\" href=\"https:\/\/macite.tg\/?p=10779\" \/>\n<meta property=\"og:locale\" content=\"fr_FR\" \/>\n<meta property=\"og:type\" content=\"article\" \/>\n<meta property=\"og:title\" content=\"COOP\u00c9RATION TOGO-KAZAKHSTAN\u00a0: Visites et partages d\u2019exp\u00e9riences au menu de la visite officielle de Faure \u00e0 Astana -\" \/>\n<meta property=\"og:description\" content=\"En visite officielle \u00e0 Astana au Kazakhstan, le mardi\u00a028 novembre dernier, le chef de l\u2019\u00c9tat togolais, Faure Gnassingb\u00e9, a eu un agenda charg\u00e9. Entre visites et partages d\u2019exp\u00e9riences, la d\u00e9l\u00e9gation togolaise avait \u00e0 c\u0153ur d\u2019appr\u00e9cier les r\u00e9alisations socio-\u00e9conomiques phares de ce pays d\u2019Asie centrale, ceci [&hellip;]\" \/>\n<meta property=\"og:url\" content=\"https:\/\/macite.tg\/?p=10779\" \/>\n<meta property=\"article:published_time\" content=\"2023-11-30T18:27:41+00:00\" \/>\n<meta property=\"article:modified_time\" content=\"2023-11-30T18:37:56+00:00\" \/>\n<meta property=\"og:image\" content=\"https:\/\/macite.tg\/wp-content\/uploads\/2023\/11\/astana.jpg\" \/>\n\t<meta property=\"og:image:width\" content=\"545\" \/>\n\t<meta property=\"og:image:height\" content=\"180\" \/>\n\t<meta property=\"og:image:type\" content=\"image\/jpeg\" \/>\n<meta name=\"author\" content=\"Jean Pierre BAWELA\" \/>\n<meta name=\"twitter:card\" content=\"summary_large_image\" \/>\n<meta name=\"twitter:label1\" content=\"\u00c9crit par\" \/>\n\t<meta name=\"twitter:data1\" content=\"Jean Pierre BAWELA\" \/>\n\t<meta name=\"twitter:label2\" content=\"Dur\u00e9e de lecture estim\u00e9e\" \/>\n\t<meta name=\"twitter:data2\" content=\"2 minutes\" \/>\n<script type=\"application\/ld+json\" class=\"yoast-schema-graph\">{\"@context\":\"https:\\\/\\\/schema.org\",\"@graph\":[{\"@type\":\"Article\",\"@id\":\"https:\\\/\\\/macite.tg\\\/?p=10779#article\",\"isPartOf\":{\"@id\":\"https:\\\/\\\/macite.tg\\\/?p=10779\"},\"author\":{\"name\":\"Jean Pierre BAWELA\",\"@id\":\"https:\\\/\\\/macite.tg\\\/#\\\/schema\\\/person\\\/e9f2de7e5dbbe7770a9402c7ce82f5c2\"},\"headline\":\"COOP\u00c9RATION TOGO-KAZAKHSTAN\u00a0: Visites et partages d\u2019exp\u00e9riences au menu de la visite officielle de Faure \u00e0 Astana\",\"datePublished\":\"2023-11-30T18:27:41+00:00\",\"dateModified\":\"2023-11-30T18:37:56+00:00\",\"mainEntityOfPage\":{\"@id\":\"https:\\\/\\\/macite.tg\\\/?p=10779\"},\"wordCount\":428,\"commentCount\":0,\"image\":{\"@id\":\"https:\\\/\\\/macite.tg\\\/?p=10779#primaryimage\"},\"thumbnailUrl\":\"https:\\\/\\\/macite.tg\\\/wp-content\\\/uploads\\\/2023\\\/11\\\/astana.jpg\",\"articleSection\":[\"ACTUALITE\",\"COOPERATION\"],\"inLanguage\":\"fr-FR\",\"potentialAction\":[{\"@type\":\"CommentAction\",\"name\":\"Comment\",\"target\":[\"https:\\\/\\\/macite.tg\\\/?p=10779#respond\"]}]},{\"@type\":\"WebPage\",\"@id\":\"https:\\\/\\\/macite.tg\\\/?p=10779\",\"url\":\"https:\\\/\\\/macite.tg\\\/?p=10779\",\"name\":\"COOP\u00c9RATION TOGO-KAZAKHSTAN\u00a0: Visites et partages d\u2019exp\u00e9riences au menu de la visite officielle de Faure \u00e0 Astana -\",\"isPartOf\":{\"@id\":\"https:\\\/\\\/macite.tg\\\/#website\"},\"primaryImageOfPage\":{\"@id\":\"https:\\\/\\\/macite.tg\\\/?p=10779#primaryimage\"},\"image\":{\"@id\":\"https:\\\/\\\/macite.tg\\\/?p=10779#primaryimage\"},\"thumbnailUrl\":\"https:\\\/\\\/macite.tg\\\/wp-content\\\/uploads\\\/2023\\\/11\\\/astana.jpg\",\"datePublished\":\"2023-11-30T18:27:41+00:00\",\"dateModified\":\"2023-11-30T18:37:56+00:00\",\"author\":{\"@id\":\"https:\\\/\\\/macite.tg\\\/#\\\/schema\\\/person\\\/e9f2de7e5dbbe7770a9402c7ce82f5c2\"},\"breadcrumb\":{\"@id\":\"https:\\\/\\\/macite.tg\\\/?p=10779#breadcrumb\"},\"inLanguage\":\"fr-FR\",\"potentialAction\":[{\"@type\":\"ReadAction\",\"target\":[\"https:\\\/\\\/macite.tg\\\/?p=10779\"]}]},{\"@type\":\"ImageObject\",\"inLanguage\":\"fr-FR\",\"@id\":\"https:\\\/\\\/macite.tg\\\/?p=10779#primaryimage\",\"url\":\"https:\\\/\\\/macite.tg\\\/wp-content\\\/uploads\\\/2023\\\/11\\\/astana.jpg\",\"contentUrl\":\"https:\\\/\\\/macite.tg\\\/wp-content\\\/uploads\\\/2023\\\/11\\\/astana.jpg\",\"width\":545,\"height\":180},{\"@type\":\"BreadcrumbList\",\"@id\":\"https:\\\/\\\/macite.tg\\\/?p=10779#breadcrumb\",\"itemListElement\":[{\"@type\":\"ListItem\",\"position\":1,\"name\":\"Accueil\",\"item\":\"https:\\\/\\\/macite.tg\\\/\"},{\"@type\":\"ListItem\",\"position\":2,\"name\":\"COOP\u00c9RATION TOGO-KAZAKHSTAN\u00a0: Visites et partages d\u2019exp\u00e9riences au menu de la visite officielle de Faure \u00e0 Astana\"}]},{\"@type\":\"WebSite\",\"@id\":\"https:\\\/\\\/macite.tg\\\/#website\",\"url\":\"https:\\\/\\\/macite.tg\\\/\",\"name\":\"\",\"description\":\"L&#039;information, la bonne!!!\",\"potentialAction\":[{\"@type\":\"SearchAction\",\"target\":{\"@type\":\"EntryPoint\",\"urlTemplate\":\"https:\\\/\\\/macite.tg\\\/?s={search_term_string}\"},\"query-input\":{\"@type\":\"PropertyValueSpecification\",\"valueRequired\":true,\"valueName\":\"search_term_string\"}}],\"inLanguage\":\"fr-FR\"},{\"@type\":\"Person\",\"@id\":\"https:\\\/\\\/macite.tg\\\/#\\\/schema\\\/person\\\/e9f2de7e5dbbe7770a9402c7ce82f5c2\",\"name\":\"Jean Pierre BAWELA\",\"image\":{\"@type\":\"ImageObject\",\"inLanguage\":\"fr-FR\",\"@id\":\"https:\\\/\\\/macite.tg\\\/wp-content\\\/uploads\\\/2023\\\/09\\\/WhatsApp-Image-2023-09-19-at-14.44.41-122x122.jpeg\",\"url\":\"https:\\\/\\\/macite.tg\\\/wp-content\\\/uploads\\\/2023\\\/09\\\/WhatsApp-Image-2023-09-19-at-14.44.41-122x122.jpeg\",\"contentUrl\":\"https:\\\/\\\/macite.tg\\\/wp-content\\\/uploads\\\/2023\\\/09\\\/WhatsApp-Image-2023-09-19-at-14.44.41-122x122.jpeg\",\"caption\":\"Jean Pierre BAWELA\"},\"url\":\"https:\\\/\\\/macite.tg\\\/?author=2\"}]}<\/script>\n<!-- \/ Yoast SEO plugin. -->","yoast_head_json":{"title":"COOP\u00c9RATION TOGO-KAZAKHSTAN\u00a0: Visites et partages d\u2019exp\u00e9riences au menu de la visite officielle de Faure \u00e0 Astana -","robots":{"index":"index","follow":"follow","max-snippet":"max-snippet:-1","max-image-preview":"max-image-preview:large","max-video-preview":"max-video-preview:-1"},"canonical":"https:\/\/macite.tg\/?p=10779","og_locale":"fr_FR","og_type":"article","og_title":"COOP\u00c9RATION TOGO-KAZAKHSTAN\u00a0: Visites et partages d\u2019exp\u00e9riences au menu de la visite officielle de Faure \u00e0 Astana -","og_description":"En visite officielle \u00e0 Astana au Kazakhstan, le mardi\u00a028 novembre dernier, le chef de l\u2019\u00c9tat togolais, Faure Gnassingb\u00e9, a eu un agenda charg\u00e9. Entre visites et partages d\u2019exp\u00e9riences, la d\u00e9l\u00e9gation togolaise avait \u00e0 c\u0153ur d\u2019appr\u00e9cier les r\u00e9alisations socio-\u00e9conomiques phares de ce pays d\u2019Asie centrale, ceci [&hellip;]","og_url":"https:\/\/macite.tg\/?p=10779","article_published_time":"2023-11-30T18:27:41+00:00","article_modified_time":"2023-11-30T18:37:56+00:00","og_image":[{"width":545,"height":180,"url":"https:\/\/macite.tg\/wp-content\/uploads\/2023\/11\/astana.jpg","type":"image\/jpeg"}],"author":"Jean Pierre BAWELA","twitter_card":"summary_large_image","twitter_misc":{"\u00c9crit par":"Jean Pierre BAWELA","Dur\u00e9e de lecture estim\u00e9e":"2 minutes"},"schema":{"@context":"https:\/\/schema.org","@graph":[{"@type":"Article","@id":"https:\/\/macite.tg\/?p=10779#article","isPartOf":{"@id":"https:\/\/macite.tg\/?p=10779"},"author":{"name":"Jean Pierre BAWELA","@id":"https:\/\/macite.tg\/#\/schema\/person\/e9f2de7e5dbbe7770a9402c7ce82f5c2"},"headline":"COOP\u00c9RATION TOGO-KAZAKHSTAN\u00a0: Visites et partages d\u2019exp\u00e9riences au menu de la visite officielle de Faure \u00e0 Astana","datePublished":"2023-11-30T18:27:41+00:00","dateModified":"2023-11-30T18:37:56+00:00","mainEntityOfPage":{"@id":"https:\/\/macite.tg\/?p=10779"},"wordCount":428,"commentCount":0,"image":{"@id":"https:\/\/macite.tg\/?p=10779#primaryimage"},"thumbnailUrl":"https:\/\/macite.tg\/wp-content\/uploads\/2023\/11\/astana.jpg","articleSection":["ACTUALITE","COOPERATION"],"inLanguage":"fr-FR","potentialAction":[{"@type":"CommentAction","name":"Comment","target":["https:\/\/macite.tg\/?p=10779#respond"]}]},{"@type":"WebPage","@id":"https:\/\/macite.tg\/?p=10779","url":"https:\/\/macite.tg\/?p=10779","name":"COOP\u00c9RATION TOGO-KAZAKHSTAN\u00a0: Visites et partages d\u2019exp\u00e9riences au menu de la visite officielle de Faure \u00e0 Astana -","isPartOf":{"@id":"https:\/\/macite.tg\/#website"},"primaryImageOfPage":{"@id":"https:\/\/macite.tg\/?p=10779#primaryimage"},"image":{"@id":"https:\/\/macite.tg\/?p=10779#primaryimage"},"thumbnailUrl":"https:\/\/macite.tg\/wp-content\/uploads\/2023\/11\/astana.jpg","datePublished":"2023-11-30T18:27:41+00:00","dateModified":"2023-11-30T18:37:56+00:00","author":{"@id":"https:\/\/macite.tg\/#\/schema\/person\/e9f2de7e5dbbe7770a9402c7ce82f5c2"},"breadcrumb":{"@id":"https:\/\/macite.tg\/?p=10779#breadcrumb"},"inLanguage":"fr-FR","potentialAction":[{"@type":"ReadAction","target":["https:\/\/macite.tg\/?p=10779"]}]},{"@type":"ImageObject","inLanguage":"fr-FR","@id":"https:\/\/macite.tg\/?p=10779#primaryimage","url":"https:\/\/macite.tg\/wp-content\/uploads\/2023\/11\/astana.jpg","contentUrl":"https:\/\/macite.tg\/wp-content\/uploads\/2023\/11\/astana.jpg","width":545,"height":180},{"@type":"BreadcrumbList","@id":"https:\/\/macite.tg\/?p=10779#breadcrumb","itemListElement":[{"@type":"ListItem","position":1,"name":"Accueil","item":"https:\/\/macite.tg\/"},{"@type":"ListItem","position":2,"name":"COOP\u00c9RATION TOGO-KAZAKHSTAN\u00a0: Visites et partages d\u2019exp\u00e9riences au menu de la visite officielle de Faure \u00e0 Astana"}]},{"@type":"WebSite","@id":"https:\/\/macite.tg\/#website","url":"https:\/\/macite.tg\/","name":"","description":"L&#039;information, la bonne!!!","potentialAction":[{"@type":"SearchAction","target":{"@type":"EntryPoint","urlTemplate":"https:\/\/macite.tg\/?s={search_term_string}"},"query-input":{"@type":"PropertyValueSpecification","valueRequired":true,"valueName":"search_term_string"}}],"inLanguage":"fr-FR"},{"@type":"Person","@id":"https:\/\/macite.tg\/#\/schema\/person\/e9f2de7e5dbbe7770a9402c7ce82f5c2","name":"Jean Pierre BAWELA","image":{"@type":"ImageObject","inLanguage":"fr-FR","@id":"https:\/\/macite.tg\/wp-content\/uploads\/2023\/09\/WhatsApp-Image-2023-09-19-at-14.44.41-122x122.jpeg","url":"https:\/\/macite.tg\/wp-content\/uploads\/2023\/09\/WhatsApp-Image-2023-09-19-at-14.44.41-122x122.jpeg","contentUrl":"https:\/\/macite.tg\/wp-content\/uploads\/2023\/09\/WhatsApp-Image-2023-09-19-at-14.44.41-122x122.jpeg","caption":"Jean Pierre BAWELA"},"url":"https:\/\/macite.tg\/?author=2"}]}},"_links":{"self":[{"href":"https:\/\/macite.tg\/index.php?rest_route=\/wp\/v2\/posts\/10779","targetHints":{"allow":["GET"]}}],"collection":[{"href":"https:\/\/macite.tg\/index.php?rest_route=\/wp\/v2\/posts"}],"about":[{"href":"https:\/\/macite.tg\/index.php?rest_route=\/wp\/v2\/types\/post"}],"author":[{"embeddable":true,"href":"https:\/\/macite.tg\/index.php?rest_route=\/wp\/v2\/users\/2"}],"replies":[{"embeddable":true,"href":"https:\/\/macite.tg\/index.php?rest_route=%2Fwp%2Fv2%2Fcomments&post=10779"}],"version-history":[{"count":0,"href":"https:\/\/macite.tg\/index.php?rest_route=\/wp\/v2\/posts\/10779\/revisions"}],"wp:featuredmedia":[{"embeddable":true,"href":"https:\/\/macite.tg\/index.php?rest_route=\/wp\/v2\/media\/10782"}],"wp:attachment":[{"href":"https:\/\/macite.tg\/index.php?rest_route=%2Fwp%2Fv2%2Fmedia&parent=10779"}],"wp:term":[{"taxonomy":"category","embeddable":true,"href":"https:\/\/macite.tg\/index.php?rest_route=%2Fwp%2Fv2%2Fcategories&post=10779"},{"taxonomy":"post_tag","embeddable":true,"href":"https:\/\/macite.tg\/index.php?rest_route=%2Fwp%2Fv2%2Ftags&post=10779"}],"curies":[{"name":"wp","href":"https:\/\/api.w.org\/{rel}","templated":true}]}}