{"id":10762,"date":"2023-11-30T16:07:44","date_gmt":"2023-11-30T16:07:44","guid":{"rendered":"https:\/\/macite.tg\/?p=10762"},"modified":"2023-11-30T18:32:15","modified_gmt":"2023-11-30T18:32:15","slug":"initiative-du-roi-du-maroc-vers-un-nouveau-modele-de-co-developpement-en-afrique","status":"publish","type":"post","link":"https:\/\/macite.tg\/?p=10762","title":{"rendered":"INITIATIVE DU ROI DU MAROC\u00a0: Vers un nouveau mod\u00e8le de co-d\u00e9veloppement en Afrique"},"content":{"rendered":"\n<p class=\"wp-block-paragraph\"><strong><em>De plus en plus de voix s\u2019\u00e9l\u00e8vent pour parler du d\u00e9veloppement de l\u2019Afrique. Celles les plus poignantes, nous viennent de l\u2019Afrique du Nord, notamment du Royaume du Maroc par l\u2019entremise de Sa Majest\u00e9 le Roi Mohammed VI, que Dieu l\u2019assiste. Le Souverain marocain a fait du d\u00e9veloppement de l\u2019espace de l\u2019Afrique Atlantique, un moyen des plus s\u00fbrs pour faire du continent africain, un p\u00f4le strat\u00e9gique tant sur le plan \u00e9conomique et que g\u00e9opolitique. Cet optimisme de Sa Majest\u00e9 le Roi, bien \u00e9lucid\u00e9 dans la Vision Royale pour le d\u00e9veloppement de la c\u00f4te Atlantique de l\u2019Afrique, trace cette belle initiative salvatrice pour le continent.<\/em><\/strong><\/p>\n\n\n\n<p class=\"wp-block-paragraph\">Dans une perspective globale d\u2019int\u00e9gration \u00e9conomique endog\u00e8ne, le Souverain propose une meilleure exploitation des potentialit\u00e9s du continent pour impulser son propre d\u00e9veloppement. Une approche inclusive devrait permettre d\u2019atteindre cet objectif pour le grand bonheur des populations des diff\u00e9rents pays impliqu\u00e9s.<\/p>\n\n\n<div class=\"wp-block-image\">\n<figure class=\"aligncenter size-large is-resized\"><img loading=\"lazy\" decoding=\"async\" src=\"https:\/\/macite.tg\/wp-content\/uploads\/2023\/11\/WhatsApp-Image-2023-10-09-at-17.28.15-1-1024x1024.jpeg\" alt=\"\" class=\"wp-image-10647\" width=\"500\" height=\"500\" srcset=\"https:\/\/macite.tg\/wp-content\/uploads\/2023\/11\/WhatsApp-Image-2023-10-09-at-17.28.15-1-1024x1024.jpeg 1024w, https:\/\/macite.tg\/wp-content\/uploads\/2023\/11\/WhatsApp-Image-2023-10-09-at-17.28.15-1-300x300.jpeg 300w, https:\/\/macite.tg\/wp-content\/uploads\/2023\/11\/WhatsApp-Image-2023-10-09-at-17.28.15-1-150x150.jpeg 150w, https:\/\/macite.tg\/wp-content\/uploads\/2023\/11\/WhatsApp-Image-2023-10-09-at-17.28.15-1-768x768.jpeg 768w, https:\/\/macite.tg\/wp-content\/uploads\/2023\/11\/WhatsApp-Image-2023-10-09-at-17.28.15-1-122x122.jpeg 122w, https:\/\/macite.tg\/wp-content\/uploads\/2023\/11\/WhatsApp-Image-2023-10-09-at-17.28.15-1.jpeg 1280w\" sizes=\"auto, (max-width: 500px) 100vw, 500px\" \/><\/figure>\n<\/div>\n\n\n<p class=\"wp-block-paragraph\">Parlant de potentialit\u00e9s, il faut souligner que l\u2019espace de l\u2019Atlantique, fort de 23 nations, regroupe les pays c\u00f4tiers situ\u00e9s tout au long de l\u2019Oc\u00e9an Atlantique, en passant par l\u2019Afrique de l\u2019Ouest, jusqu\u2019\u00e0 l\u2019Afrique du Sud et regorge pr\u00e8s de 55% des richesses \u00e9conomiques de l\u2019ensemble du continent. Ces pays poss\u00e8dent des ports, non des moindres, qui jouent un r\u00f4le important dans les <em>\u00ab\u00a0dynamiques \u00e9conomiques, environnementales et g\u00e9opolitiques mondiales\u00a0\u00bb. <\/em>On peut, dans ce sens, citer les ports de Tanger au Maroc, de Lagos au Nigeria, de Dakar au S\u00e9n\u00e9gal, de Luanda en Angola, et de Cape Town en Afrique du Sud, qui influent positivement les \u00e9changes commerciaux mondiaux.<\/p>\n\n\n\n<p class=\"wp-block-paragraph\">Faut-il le rappeler, ces ports contribuent <em>\u00ab\u00a0\u00e0 l&rsquo;essor des \u00e9conomies nationales, \u00e0 la cr\u00e9ation d&#8217;emplois et \u00e0 l&rsquo;attractivit\u00e9 des investissements \u00e9trangers\u00a0\u00bb, <\/em>contribuent significativement <em>\u00ab\u00a0au d\u00e9veloppement et \u00e0 la connectivit\u00e9 r\u00e9gionale\u00a0\u00bb, <\/em>mais aussi fa\u00e7onnent le paysage commercial mondial.<\/p>\n\n\n\n<p class=\"wp-block-paragraph\">Vu l\u2019impact de ces infrastructures maritimes sur le d\u00e9veloppement \u00e9conomique des pays c\u00f4tiers, leur modernisation et le d\u00e9veloppement de strat\u00e9gies innovantes, devront permettre non seulement de renforcer <em>\u00ab&nbsp;<\/em><em>la comp\u00e9titivit\u00e9 r\u00e9gionale en r\u00e9duisant les co\u00fbts logistiques et en accroissant la <\/em><em>capacit\u00e9 d&rsquo;absorption du commerce&nbsp;\u00bb,<\/em> mais de concourir \u00e0 la <em>\u00ab&nbsp;<\/em><em>comp\u00e9titivit\u00e9 des pays de la r\u00e9gion sur la sc\u00e8ne internationale \u00bb<\/em>.<\/p>\n\n\n<div class=\"wp-block-image\">\n<figure class=\"aligncenter size-large is-resized\"><img loading=\"lazy\" decoding=\"async\" src=\"https:\/\/macite.tg\/wp-content\/uploads\/2023\/11\/ANNONCES-1-1024x426.jpg\" alt=\"\" class=\"wp-image-10689\" width=\"661\" height=\"275\" srcset=\"https:\/\/macite.tg\/wp-content\/uploads\/2023\/11\/ANNONCES-1-1024x426.jpg 1024w, https:\/\/macite.tg\/wp-content\/uploads\/2023\/11\/ANNONCES-1-300x125.jpg 300w, https:\/\/macite.tg\/wp-content\/uploads\/2023\/11\/ANNONCES-1-768x319.jpg 768w, https:\/\/macite.tg\/wp-content\/uploads\/2023\/11\/ANNONCES-1.jpg 1080w\" sizes=\"auto, (max-width: 661px) 100vw, 661px\" \/><\/figure>\n<\/div>\n\n\n<p class=\"wp-block-paragraph\">Pour y parvenir, il faut bien parvenir \u00e0 une conjugaison fructueuse entre <em>\u00ab&nbsp;la richesse des ressources avec une vision ambitieuse de d\u00e9veloppement \u00e9conomique et logistique&nbsp;\u00bb,<\/em> tel que propos\u00e9 par le Royaume du Maroc. Ceci passe, notamment par la mise \u0153uvre d\u2019une <em>\u00ab&nbsp;cha\u00eene de valeur <\/em><em>pour les fertilisants, dans la perspective de consolider la <\/em><em>souverainet\u00e9 alimentaire continentale&nbsp;\u00bb.<\/em><\/p>\n\n\n\n<p class=\"wp-block-paragraph\">Cette vision, d\u2019ailleurs partag\u00e9e par le Souverain marocain, se veut de <em>\u00ab&nbsp;<\/em><em>transformer la r\u00e9gion en un acteur cl\u00e9 du <\/em><em>commerce mondial, contribuant \u00e0 la prosp\u00e9rit\u00e9 partag\u00e9e des nations africaines&nbsp;\u00bb&nbsp;; <\/em>une sorte de co-d\u00e9veloppement, vu les nombreux atouts (\u00e0 l\u2019image de la Zlecaf), porteuse, entre autres, <em>\u00ab&nbsp;de <\/em><em>croissance \u00e9conomique, la coop\u00e9ration r\u00e9gionale, les \u00e9changes internationaux, le <\/em><em>partage des connaissances et le renforcement des flux d&rsquo;exploitation des ports&nbsp;\u00bb. <\/em>La mise en \u0153uvre de cette strat\u00e9gie nouvelle, \u00e0 travers une sorte de <em>\u00ab&nbsp;une sorte de synergie logistique&nbsp;\u00bb,<\/em> va, \u00e0 coup s\u00fbr, r\u00e9duire les co\u00fbts logistiques, accro\u00eetre la capacit\u00e9 d\u2019absorption, mais \u00e9galement reconfigurer l&rsquo;ordre commercial international, par une am\u00e9lioration de la comp\u00e9titivit\u00e9 logistique et la promotion de l\u2019attractivit\u00e9 \u00e9conomique de cette r\u00e9gion.<\/p>\n\n\n\n<p class=\"wp-block-paragraph\">Par ces diff\u00e9rentes mesures, il s\u2019agit de permettre \u00e0 la sous-r\u00e9gion, notamment la fa\u00e7ade Atlantique, gr\u00e2ce \u00e0 <em>\u00ab&nbsp;<\/em><em>une <\/em><em>coordination efficace&nbsp;\u00bb<\/em>, de constituer un&nbsp; <em>\u00ab&nbsp;authentique <\/em><em>espace g\u00e9o-\u00e9conomique, constituant une source de prosp\u00e9rit\u00e9 pour les nations <\/em><em>africaines&nbsp;\u00bb.<\/em><\/p>\n\n\n\n<p class=\"wp-block-paragraph\">Cette vision trouve son essence dans la mise en valeur du port de Dakhla Atlantique (qui va se connecter aux ports voisins, notamment de Laayoune et Nouakchott) que le Souverain ambitionne de positionner comme un exemple des \u00e9changes nord-sud, une sorte de <em>\u00ab&nbsp;voie <\/em><em>express r\u00e9pondant aux <\/em><em>normes internationales&nbsp;\u00bb,<\/em> assurant le d\u00e9senclavement accru des pays de l\u2019hinterland. Cette exp\u00e9rience marocaine peut \u00eatre port\u00e9e \u00e0 l\u2019\u00e9chelle continentale afin de valoriser le riche potentiel des pays c\u00f4tiers concern\u00e9s, dans l\u2019optique de faire de la zone Atlantique, une zone de v\u00e9ritables opportunit\u00e9s pour les pays africains, en se basant sur le savoir-faire marocain.<\/p>\n\n\n<div class=\"wp-block-image\">\n<figure class=\"aligncenter size-full is-resized\"><img loading=\"lazy\" decoding=\"async\" src=\"https:\/\/macite.tg\/wp-content\/uploads\/2023\/11\/cropped-cropped-cropped-IMG-20200807-WA0077-1-1.jpg\" alt=\"\" class=\"wp-image-10690\" width=\"541\" height=\"277\" srcset=\"https:\/\/macite.tg\/wp-content\/uploads\/2023\/11\/cropped-cropped-cropped-IMG-20200807-WA0077-1-1.jpg 518w, https:\/\/macite.tg\/wp-content\/uploads\/2023\/11\/cropped-cropped-cropped-IMG-20200807-WA0077-1-1-300x153.jpg 300w\" sizes=\"auto, (max-width: 541px) 100vw, 541px\" \/><\/figure>\n<\/div>\n\n\n<p class=\"wp-block-paragraph\"><strong>L\u2019exp\u00e9rience marocaine, \u00e0 p\u00e9renniser<\/strong><\/p>\n\n\n\n<p class=\"wp-block-paragraph\">Selon la Vision Royale, Maroc envisage de mettre en place une compagnie navale puissante, qui puisse positionner le Royaume au rang des pays incontournables dans la sph\u00e8re du commerce international. Se basant sur les impressionnants atouts logistiques du pays, notamment les infrastructures portuaires, les r\u00e9seaux ferroviaires et routiers, entre autres, le Royaume a inscrit ce projet grandeur nature, au rang de \u2018\u2019Vision Royale du co-d\u00e9veloppement\u2019\u2019. L\u2019initiative qui va placer l\u2019Afrique au c\u0153ur du commerce international, va s\u2019ouvrir \u00e0 plusieurs ports de la r\u00e9gion, de mani\u00e8re \u00e0 booster <em>\u00ab&nbsp;l&rsquo;essor \u00e9conomique conjoint et \u00e0 la promotion d&rsquo;une collaboration fructueuse entre les nations participantes&nbsp;\u00bb.<\/em><\/p>\n\n\n\n<p class=\"wp-block-paragraph\">Cette vision port\u00e9e par l&rsquo;Espace Atlantique Africain (Eaa), socle du succ\u00e8s industriel futur, repose sur trois axes principaux, sous bassement de la redistribution des cartes en mati\u00e8re de d\u00e9veloppement \u00e9conomique de la r\u00e9gion. Cela se r\u00e9sume \u00e0 trois projets phares.<\/p>\n\n\n\n<p class=\"wp-block-paragraph\">D\u2019abord, la Souverainet\u00e9 \u00e9nerg\u00e9tique, garantie par le projet de Gazoduc Transcontinental. Il s\u2019agit de r\u00e9aliser un projet de gazoduc, qui parcourt et interconnecte tous les pays de l\u2019Afrique de l\u2019Ouest. Ce projet gazier devrait permettre d\u2019assurer une souverainet\u00e9 \u00e9nerg\u00e9tique des pays du continent. Une mani\u00e8re pour le continent de faire la promotion de la stabilit\u00e9 et l\u2019autosuffisance \u00e9nerg\u00e9tique.<\/p>\n\n\n\n<p class=\"wp-block-paragraph\">Ensuite, il faudra se servir du Levier de Comp\u00e9titivit\u00e9 R\u00e9gionale, port\u00e9 par une Compagnie Navale Africaine, \u00e0 m\u00eame de provoquer un essor \u00e9conomique et commercial de la zone. Cette initiative, \u00e9tape cruciale, permettra d\u2019inter agir dans les eaux r\u00e9gionales et au-del\u00e0, se veut un <em>\u00ab&nbsp;vecteur majeur d&rsquo;am\u00e9lioration de la comp\u00e9titivit\u00e9 <\/em><em>des pays de la r\u00e9gion&nbsp;\u00bb.<\/em> Et cela devrait passer par un renforcement des capacit\u00e9s logistiques et commerciales des diff\u00e9rentes voies maritimes.<\/p>\n\n\n<div class=\"wp-block-image\">\n<figure class=\"aligncenter size-large is-resized\"><img loading=\"lazy\" decoding=\"async\" src=\"https:\/\/macite.tg\/wp-content\/uploads\/2023\/11\/IMG-20230731-WA0145-1-1024x1024.jpg\" alt=\"\" class=\"wp-image-10680\" width=\"460\" height=\"460\" srcset=\"https:\/\/macite.tg\/wp-content\/uploads\/2023\/11\/IMG-20230731-WA0145-1-1024x1024.jpg 1024w, https:\/\/macite.tg\/wp-content\/uploads\/2023\/11\/IMG-20230731-WA0145-1-300x300.jpg 300w, https:\/\/macite.tg\/wp-content\/uploads\/2023\/11\/IMG-20230731-WA0145-1-150x150.jpg 150w, https:\/\/macite.tg\/wp-content\/uploads\/2023\/11\/IMG-20230731-WA0145-1-768x768.jpg 768w, https:\/\/macite.tg\/wp-content\/uploads\/2023\/11\/IMG-20230731-WA0145-1-122x122.jpg 122w, https:\/\/macite.tg\/wp-content\/uploads\/2023\/11\/IMG-20230731-WA0145-1.jpg 1080w\" sizes=\"auto, (max-width: 460px) 100vw, 460px\" \/><\/figure>\n<\/div>\n\n\n<p class=\"wp-block-paragraph\">En dernier ressort, le d\u00e9veloppement de la Cha\u00eene de Valeur pour les Fertilisants, devra contribuer \u00e0 Soutenir la souverainet\u00e9 alimentaire. Par cette derni\u00e8re initiative, il s\u2019agit pour les dirigeants africains d\u2019asseoir une base solide pour la consolidation de la souverainet\u00e9 alimentaire. Il est primordial de favoriser la production mais aussi la distribution efficiente de fertilisants, de sorte \u00e0 s\u2019assurer une s\u00e9curit\u00e9 alimentaire dans la r\u00e9gion, essentiel pour le d\u00e9veloppement durable.<\/p>\n\n\n\n<p class=\"wp-block-paragraph\">Somme toute, la Vison Royale de co-d\u00e9veloppement transcrit \u00e0 travers l\u2019Espace Atlantique Africain (Eaa), socle du d\u00e9veloppement durable du continent, ne peut passer que par un essor industriel certain et efficace. C\u2019est la preuve de l\u2019engagement pour la prosp\u00e9rit\u00e9 partag\u00e9e et la croissance \u00e9conomique vertueuse, donc durable, au b\u00e9n\u00e9fice des 23 pays que compose l\u2019Afrique Atlantique.<\/p>\n\n\n\n<p class=\"wp-block-paragraph\"><strong>MC<\/strong><\/p>\n\n\n\n<p class=\"wp-block-paragraph\"><strong><em>@macite.tg&nbsp;&nbsp;&nbsp;&nbsp;&nbsp;&nbsp;&nbsp;&nbsp;<\/em><\/strong><\/p>\n\n\n\n<p class=\"wp-block-paragraph\"><strong><em>E-mail&nbsp;: <\/em><\/strong><a href=\"mailto:maciteinfo@gmail.com\"><strong><em>maciteinfo@gmail.com<\/em><\/strong><\/a><strong><em>; <\/em><\/strong><a href=\"mailto:bawela1@gmail.com\"><strong><em>bawela1@gmail.com<\/em><\/strong><\/a><\/p>\n\n\n\n<p class=\"wp-block-paragraph\"><strong><em>Pour vos annonces, (publi)reportages, etc., joignez-nous au (00228)91515309\/<strong>79872224 <\/strong>www.macite.tg, L\u2019information, la bonne&nbsp;!<\/em><\/strong><\/p>\n","protected":false},"excerpt":{"rendered":"<p class=\"text-justify mb-2\" >De plus en plus de voix s\u2019\u00e9l\u00e8vent pour parler du d\u00e9veloppement de l\u2019Afrique. Celles les plus poignantes, nous viennent de l\u2019Afrique du Nord, notamment du Royaume du Maroc par l\u2019entremise de Sa Majest\u00e9 le Roi Mohammed VI, que Dieu l\u2019assiste. Le Souverain marocain a fait [&hellip;]<\/p>\n","protected":false},"author":2,"featured_media":10764,"comment_status":"open","ping_status":"open","sticky":false,"template":"","format":"standard","meta":{"footnotes":""},"categories":[20,15],"tags":[],"class_list":["post-10762","post","type-post","status-publish","format-standard","has-post-thumbnail","hentry","category-actualite","category-developpement"],"yoast_head":"<!-- This site is optimized with the Yoast SEO plugin v28.4 - https:\/\/yoast.com\/product\/yoast-seo-wordpress\/ -->\n<title>INITIATIVE DU ROI DU MAROC\u00a0: Vers un nouveau mod\u00e8le de co-d\u00e9veloppement en Afrique -<\/title>\n<meta name=\"robots\" content=\"index, follow, max-snippet:-1, max-image-preview:large, max-video-preview:-1\" \/>\n<link rel=\"canonical\" href=\"https:\/\/macite.tg\/?p=10762\" \/>\n<meta property=\"og:locale\" content=\"fr_FR\" \/>\n<meta property=\"og:type\" content=\"article\" \/>\n<meta property=\"og:title\" content=\"INITIATIVE DU ROI DU MAROC\u00a0: Vers un nouveau mod\u00e8le de co-d\u00e9veloppement en Afrique -\" \/>\n<meta property=\"og:description\" content=\"De plus en plus de voix s\u2019\u00e9l\u00e8vent pour parler du d\u00e9veloppement de l\u2019Afrique. Celles les plus poignantes, nous viennent de l\u2019Afrique du Nord, notamment du Royaume du Maroc par l\u2019entremise de Sa Majest\u00e9 le Roi Mohammed VI, que Dieu l\u2019assiste. Le Souverain marocain a fait [&hellip;]\" \/>\n<meta property=\"og:url\" content=\"https:\/\/macite.tg\/?p=10762\" \/>\n<meta property=\"article:published_time\" content=\"2023-11-30T16:07:44+00:00\" \/>\n<meta property=\"article:modified_time\" content=\"2023-11-30T18:32:15+00:00\" \/>\n<meta property=\"og:image\" content=\"https:\/\/macite.tg\/wp-content\/uploads\/2023\/11\/IMG-20231130-WA0079.jpg\" \/>\n\t<meta property=\"og:image:width\" content=\"180\" \/>\n\t<meta property=\"og:image:height\" content=\"280\" \/>\n\t<meta property=\"og:image:type\" content=\"image\/jpeg\" \/>\n<meta name=\"author\" content=\"Jean Pierre BAWELA\" \/>\n<meta name=\"twitter:card\" content=\"summary_large_image\" \/>\n<meta name=\"twitter:label1\" content=\"\u00c9crit par\" \/>\n\t<meta name=\"twitter:data1\" content=\"Jean Pierre BAWELA\" \/>\n\t<meta name=\"twitter:label2\" content=\"Dur\u00e9e de lecture estim\u00e9e\" \/>\n\t<meta name=\"twitter:data2\" content=\"6 minutes\" \/>\n<script type=\"application\/ld+json\" class=\"yoast-schema-graph\">{\"@context\":\"https:\\\/\\\/schema.org\",\"@graph\":[{\"@type\":\"Article\",\"@id\":\"https:\\\/\\\/macite.tg\\\/?p=10762#article\",\"isPartOf\":{\"@id\":\"https:\\\/\\\/macite.tg\\\/?p=10762\"},\"author\":{\"name\":\"Jean Pierre BAWELA\",\"@id\":\"https:\\\/\\\/macite.tg\\\/#\\\/schema\\\/person\\\/e9f2de7e5dbbe7770a9402c7ce82f5c2\"},\"headline\":\"INITIATIVE DU ROI DU MAROC\u00a0: Vers un nouveau mod\u00e8le de co-d\u00e9veloppement en Afrique\",\"datePublished\":\"2023-11-30T16:07:44+00:00\",\"dateModified\":\"2023-11-30T18:32:15+00:00\",\"mainEntityOfPage\":{\"@id\":\"https:\\\/\\\/macite.tg\\\/?p=10762\"},\"wordCount\":1270,\"commentCount\":0,\"image\":{\"@id\":\"https:\\\/\\\/macite.tg\\\/?p=10762#primaryimage\"},\"thumbnailUrl\":\"https:\\\/\\\/macite.tg\\\/wp-content\\\/uploads\\\/2023\\\/11\\\/IMG-20231130-WA0079.jpg\",\"articleSection\":[\"ACTUALITE\",\"DEVELOPPEMENT\"],\"inLanguage\":\"fr-FR\",\"potentialAction\":[{\"@type\":\"CommentAction\",\"name\":\"Comment\",\"target\":[\"https:\\\/\\\/macite.tg\\\/?p=10762#respond\"]}]},{\"@type\":\"WebPage\",\"@id\":\"https:\\\/\\\/macite.tg\\\/?p=10762\",\"url\":\"https:\\\/\\\/macite.tg\\\/?p=10762\",\"name\":\"INITIATIVE DU ROI DU MAROC\u00a0: Vers un nouveau mod\u00e8le de co-d\u00e9veloppement en Afrique -\",\"isPartOf\":{\"@id\":\"https:\\\/\\\/macite.tg\\\/#website\"},\"primaryImageOfPage\":{\"@id\":\"https:\\\/\\\/macite.tg\\\/?p=10762#primaryimage\"},\"image\":{\"@id\":\"https:\\\/\\\/macite.tg\\\/?p=10762#primaryimage\"},\"thumbnailUrl\":\"https:\\\/\\\/macite.tg\\\/wp-content\\\/uploads\\\/2023\\\/11\\\/IMG-20231130-WA0079.jpg\",\"datePublished\":\"2023-11-30T16:07:44+00:00\",\"dateModified\":\"2023-11-30T18:32:15+00:00\",\"author\":{\"@id\":\"https:\\\/\\\/macite.tg\\\/#\\\/schema\\\/person\\\/e9f2de7e5dbbe7770a9402c7ce82f5c2\"},\"breadcrumb\":{\"@id\":\"https:\\\/\\\/macite.tg\\\/?p=10762#breadcrumb\"},\"inLanguage\":\"fr-FR\",\"potentialAction\":[{\"@type\":\"ReadAction\",\"target\":[\"https:\\\/\\\/macite.tg\\\/?p=10762\"]}]},{\"@type\":\"ImageObject\",\"inLanguage\":\"fr-FR\",\"@id\":\"https:\\\/\\\/macite.tg\\\/?p=10762#primaryimage\",\"url\":\"https:\\\/\\\/macite.tg\\\/wp-content\\\/uploads\\\/2023\\\/11\\\/IMG-20231130-WA0079.jpg\",\"contentUrl\":\"https:\\\/\\\/macite.tg\\\/wp-content\\\/uploads\\\/2023\\\/11\\\/IMG-20231130-WA0079.jpg\",\"width\":180,\"height\":280},{\"@type\":\"BreadcrumbList\",\"@id\":\"https:\\\/\\\/macite.tg\\\/?p=10762#breadcrumb\",\"itemListElement\":[{\"@type\":\"ListItem\",\"position\":1,\"name\":\"Accueil\",\"item\":\"https:\\\/\\\/macite.tg\\\/\"},{\"@type\":\"ListItem\",\"position\":2,\"name\":\"INITIATIVE DU ROI DU MAROC\u00a0: Vers un nouveau mod\u00e8le de co-d\u00e9veloppement en Afrique\"}]},{\"@type\":\"WebSite\",\"@id\":\"https:\\\/\\\/macite.tg\\\/#website\",\"url\":\"https:\\\/\\\/macite.tg\\\/\",\"name\":\"\",\"description\":\"L&#039;information, la bonne!!!\",\"potentialAction\":[{\"@type\":\"SearchAction\",\"target\":{\"@type\":\"EntryPoint\",\"urlTemplate\":\"https:\\\/\\\/macite.tg\\\/?s={search_term_string}\"},\"query-input\":{\"@type\":\"PropertyValueSpecification\",\"valueRequired\":true,\"valueName\":\"search_term_string\"}}],\"inLanguage\":\"fr-FR\"},{\"@type\":\"Person\",\"@id\":\"https:\\\/\\\/macite.tg\\\/#\\\/schema\\\/person\\\/e9f2de7e5dbbe7770a9402c7ce82f5c2\",\"name\":\"Jean Pierre BAWELA\",\"image\":{\"@type\":\"ImageObject\",\"inLanguage\":\"fr-FR\",\"@id\":\"https:\\\/\\\/macite.tg\\\/wp-content\\\/uploads\\\/2023\\\/09\\\/WhatsApp-Image-2023-09-19-at-14.44.41-122x122.jpeg\",\"url\":\"https:\\\/\\\/macite.tg\\\/wp-content\\\/uploads\\\/2023\\\/09\\\/WhatsApp-Image-2023-09-19-at-14.44.41-122x122.jpeg\",\"contentUrl\":\"https:\\\/\\\/macite.tg\\\/wp-content\\\/uploads\\\/2023\\\/09\\\/WhatsApp-Image-2023-09-19-at-14.44.41-122x122.jpeg\",\"caption\":\"Jean Pierre BAWELA\"},\"url\":\"https:\\\/\\\/macite.tg\\\/?author=2\"}]}<\/script>\n<!-- \/ Yoast SEO plugin. -->","yoast_head_json":{"title":"INITIATIVE DU ROI DU MAROC\u00a0: Vers un nouveau mod\u00e8le de co-d\u00e9veloppement en Afrique -","robots":{"index":"index","follow":"follow","max-snippet":"max-snippet:-1","max-image-preview":"max-image-preview:large","max-video-preview":"max-video-preview:-1"},"canonical":"https:\/\/macite.tg\/?p=10762","og_locale":"fr_FR","og_type":"article","og_title":"INITIATIVE DU ROI DU MAROC\u00a0: Vers un nouveau mod\u00e8le de co-d\u00e9veloppement en Afrique -","og_description":"De plus en plus de voix s\u2019\u00e9l\u00e8vent pour parler du d\u00e9veloppement de l\u2019Afrique. Celles les plus poignantes, nous viennent de l\u2019Afrique du Nord, notamment du Royaume du Maroc par l\u2019entremise de Sa Majest\u00e9 le Roi Mohammed VI, que Dieu l\u2019assiste. Le Souverain marocain a fait [&hellip;]","og_url":"https:\/\/macite.tg\/?p=10762","article_published_time":"2023-11-30T16:07:44+00:00","article_modified_time":"2023-11-30T18:32:15+00:00","og_image":[{"width":180,"height":280,"url":"https:\/\/macite.tg\/wp-content\/uploads\/2023\/11\/IMG-20231130-WA0079.jpg","type":"image\/jpeg"}],"author":"Jean Pierre BAWELA","twitter_card":"summary_large_image","twitter_misc":{"\u00c9crit par":"Jean Pierre BAWELA","Dur\u00e9e de lecture estim\u00e9e":"6 minutes"},"schema":{"@context":"https:\/\/schema.org","@graph":[{"@type":"Article","@id":"https:\/\/macite.tg\/?p=10762#article","isPartOf":{"@id":"https:\/\/macite.tg\/?p=10762"},"author":{"name":"Jean Pierre BAWELA","@id":"https:\/\/macite.tg\/#\/schema\/person\/e9f2de7e5dbbe7770a9402c7ce82f5c2"},"headline":"INITIATIVE DU ROI DU MAROC\u00a0: Vers un nouveau mod\u00e8le de co-d\u00e9veloppement en Afrique","datePublished":"2023-11-30T16:07:44+00:00","dateModified":"2023-11-30T18:32:15+00:00","mainEntityOfPage":{"@id":"https:\/\/macite.tg\/?p=10762"},"wordCount":1270,"commentCount":0,"image":{"@id":"https:\/\/macite.tg\/?p=10762#primaryimage"},"thumbnailUrl":"https:\/\/macite.tg\/wp-content\/uploads\/2023\/11\/IMG-20231130-WA0079.jpg","articleSection":["ACTUALITE","DEVELOPPEMENT"],"inLanguage":"fr-FR","potentialAction":[{"@type":"CommentAction","name":"Comment","target":["https:\/\/macite.tg\/?p=10762#respond"]}]},{"@type":"WebPage","@id":"https:\/\/macite.tg\/?p=10762","url":"https:\/\/macite.tg\/?p=10762","name":"INITIATIVE DU ROI DU MAROC\u00a0: Vers un nouveau mod\u00e8le de co-d\u00e9veloppement en Afrique -","isPartOf":{"@id":"https:\/\/macite.tg\/#website"},"primaryImageOfPage":{"@id":"https:\/\/macite.tg\/?p=10762#primaryimage"},"image":{"@id":"https:\/\/macite.tg\/?p=10762#primaryimage"},"thumbnailUrl":"https:\/\/macite.tg\/wp-content\/uploads\/2023\/11\/IMG-20231130-WA0079.jpg","datePublished":"2023-11-30T16:07:44+00:00","dateModified":"2023-11-30T18:32:15+00:00","author":{"@id":"https:\/\/macite.tg\/#\/schema\/person\/e9f2de7e5dbbe7770a9402c7ce82f5c2"},"breadcrumb":{"@id":"https:\/\/macite.tg\/?p=10762#breadcrumb"},"inLanguage":"fr-FR","potentialAction":[{"@type":"ReadAction","target":["https:\/\/macite.tg\/?p=10762"]}]},{"@type":"ImageObject","inLanguage":"fr-FR","@id":"https:\/\/macite.tg\/?p=10762#primaryimage","url":"https:\/\/macite.tg\/wp-content\/uploads\/2023\/11\/IMG-20231130-WA0079.jpg","contentUrl":"https:\/\/macite.tg\/wp-content\/uploads\/2023\/11\/IMG-20231130-WA0079.jpg","width":180,"height":280},{"@type":"BreadcrumbList","@id":"https:\/\/macite.tg\/?p=10762#breadcrumb","itemListElement":[{"@type":"ListItem","position":1,"name":"Accueil","item":"https:\/\/macite.tg\/"},{"@type":"ListItem","position":2,"name":"INITIATIVE DU ROI DU MAROC\u00a0: Vers un nouveau mod\u00e8le de co-d\u00e9veloppement en Afrique"}]},{"@type":"WebSite","@id":"https:\/\/macite.tg\/#website","url":"https:\/\/macite.tg\/","name":"","description":"L&#039;information, la bonne!!!","potentialAction":[{"@type":"SearchAction","target":{"@type":"EntryPoint","urlTemplate":"https:\/\/macite.tg\/?s={search_term_string}"},"query-input":{"@type":"PropertyValueSpecification","valueRequired":true,"valueName":"search_term_string"}}],"inLanguage":"fr-FR"},{"@type":"Person","@id":"https:\/\/macite.tg\/#\/schema\/person\/e9f2de7e5dbbe7770a9402c7ce82f5c2","name":"Jean Pierre BAWELA","image":{"@type":"ImageObject","inLanguage":"fr-FR","@id":"https:\/\/macite.tg\/wp-content\/uploads\/2023\/09\/WhatsApp-Image-2023-09-19-at-14.44.41-122x122.jpeg","url":"https:\/\/macite.tg\/wp-content\/uploads\/2023\/09\/WhatsApp-Image-2023-09-19-at-14.44.41-122x122.jpeg","contentUrl":"https:\/\/macite.tg\/wp-content\/uploads\/2023\/09\/WhatsApp-Image-2023-09-19-at-14.44.41-122x122.jpeg","caption":"Jean Pierre BAWELA"},"url":"https:\/\/macite.tg\/?author=2"}]}},"_links":{"self":[{"href":"https:\/\/macite.tg\/index.php?rest_route=\/wp\/v2\/posts\/10762","targetHints":{"allow":["GET"]}}],"collection":[{"href":"https:\/\/macite.tg\/index.php?rest_route=\/wp\/v2\/posts"}],"about":[{"href":"https:\/\/macite.tg\/index.php?rest_route=\/wp\/v2\/types\/post"}],"author":[{"embeddable":true,"href":"https:\/\/macite.tg\/index.php?rest_route=\/wp\/v2\/users\/2"}],"replies":[{"embeddable":true,"href":"https:\/\/macite.tg\/index.php?rest_route=%2Fwp%2Fv2%2Fcomments&post=10762"}],"version-history":[{"count":0,"href":"https:\/\/macite.tg\/index.php?rest_route=\/wp\/v2\/posts\/10762\/revisions"}],"wp:featuredmedia":[{"embeddable":true,"href":"https:\/\/macite.tg\/index.php?rest_route=\/wp\/v2\/media\/10764"}],"wp:attachment":[{"href":"https:\/\/macite.tg\/index.php?rest_route=%2Fwp%2Fv2%2Fmedia&parent=10762"}],"wp:term":[{"taxonomy":"category","embeddable":true,"href":"https:\/\/macite.tg\/index.php?rest_route=%2Fwp%2Fv2%2Fcategories&post=10762"},{"taxonomy":"post_tag","embeddable":true,"href":"https:\/\/macite.tg\/index.php?rest_route=%2Fwp%2Fv2%2Ftags&post=10762"}],"curies":[{"name":"wp","href":"https:\/\/api.w.org\/{rel}","templated":true}]}}