{"id":10756,"date":"2023-11-30T11:11:39","date_gmt":"2023-11-30T11:11:39","guid":{"rendered":"https:\/\/macite.tg\/?p=10756"},"modified":"2023-11-30T11:11:41","modified_gmt":"2023-11-30T11:11:41","slug":"can-2023-la-fifa-menace-de-suspendre-une-equipe","status":"publish","type":"post","link":"https:\/\/macite.tg\/?p=10756","title":{"rendered":"CAN 2023 : La FIFA menace de suspendre une \u00e9quipe&#8230;"},"content":{"rendered":"\n<p class=\"wp-block-paragraph\"><strong><em>A un mois de la messe continentale du ballon rond sur le continent africain, la Fifa vient de hausser le ton, allant m\u00eame menacer d\u2019exclusion d\u2019une \u00e9quipe pourtant qualifi\u00e9e pour la phase finale de la Can en C\u00f4te d\u2019Ivoire.<\/em><\/strong><\/p>\n\n\n\n<p class=\"wp-block-paragraph\">En raison de la crise institutionnelle qui secoue la F\u00e9d\u00e9ration Guin\u00e9enne de Football (F\u00e9guifoot), la Guin\u00e9e, pourtant qualifi\u00e9e pour la CAN 2023 en C\u00f4te d\u2019Ivoire, est actuellement sous la menace d\u2019une exclusion de la comp\u00e9tition.<\/p>\n\n\n<div class=\"wp-block-image\">\n<figure class=\"aligncenter size-large is-resized\"><img loading=\"lazy\" decoding=\"async\" src=\"https:\/\/macite.tg\/wp-content\/uploads\/2023\/11\/ANNONCES-1-1024x426.jpg\" alt=\"\" class=\"wp-image-10689\" width=\"616\" height=\"256\" srcset=\"https:\/\/macite.tg\/wp-content\/uploads\/2023\/11\/ANNONCES-1-1024x426.jpg 1024w, https:\/\/macite.tg\/wp-content\/uploads\/2023\/11\/ANNONCES-1-300x125.jpg 300w, https:\/\/macite.tg\/wp-content\/uploads\/2023\/11\/ANNONCES-1-768x319.jpg 768w, https:\/\/macite.tg\/wp-content\/uploads\/2023\/11\/ANNONCES-1.jpg 1080w\" sizes=\"auto, (max-width: 616px) 100vw, 616px\" \/><\/figure>\n<\/div>\n\n\n<p class=\"wp-block-paragraph\">En effet, l\u2019\u00e9lection du Bureau Ex\u00e9cutif a \u00e9t\u00e9 report\u00e9e sine die, ce week-end, plongeant le pays dans une incertitude, quant \u00e0 sa participation \u00e0 la Can pr\u00e9vue d\u00e9but janvier prochain. L\u2019assembl\u00e9e g\u00e9n\u00e9rale ordinaire du samedi 25 novembre dernier, qui devrait aboutir \u00e0 l\u2019\u00e9lection le futur Comit\u00e9 Ex\u00e9cutif de la F\u00e9guifoot \u00e0 Conakry, a \u00e9t\u00e9 report\u00e9e du fait du boycott des membres du G47. Ayant constat\u00e9 le manque de quorum, l\u2019Ago a \u00e9t\u00e9 report\u00e9 tout simplement, plongeant le pays dans une incertitude institutionnelle.<\/p>\n\n\n\n<p class=\"wp-block-paragraph\">L\u2019instance internationale du football mondial se dit pr\u00e9occup\u00e9e par cette situation. Dans une d\u00e9claration, mardi 28 novembre dernier, l\u2019envoy\u00e9 sp\u00e9cial de la Fifa \u00e0 Conakry, Gelson Fernandes, a soulign\u00e9 qu\u2019une \u00e9p\u00e9e de Damocl\u00e8s planerait sur la Guin\u00e9e.<em> \u00ab Je ne vais pas brandir la menace, mais des choses plus graves pourraient advenir \u00bb, <\/em>a-t-il indiqu\u00e9, avant d\u2019appeler les acteurs du ballon rond guin\u00e9en \u00e0 ne privil\u00e9gier que l\u2019int\u00e9r\u00eat g\u00e9n\u00e9ral, et permettre l\u2019avancement du processus \u00e9lectoral.<\/p>\n\n\n\n<p class=\"wp-block-paragraph\">Une prise de conscience des acteurs mais aussi des autorit\u00e9s sportives guin\u00e9ennes, est souhait\u00e9e afin d\u2019\u00e9viter au pays des cons\u00e9quences pr\u00e9judiciables pour leur football. Une r\u00e9solution rapide de cette crise est recommand\u00e9e pour maintenir ainsi la participation de la Guin\u00e9e \u00e0 la Can 2023, en C\u00f4te d\u2019Ivoire.<\/p>\n\n\n<div class=\"wp-block-image\">\n<figure class=\"aligncenter size-large is-resized\"><img loading=\"lazy\" decoding=\"async\" src=\"https:\/\/macite.tg\/wp-content\/uploads\/2023\/11\/WhatsApp-Image-2023-10-09-at-17.28.15-1-1024x1024.jpeg\" alt=\"\" class=\"wp-image-10647\" width=\"466\" height=\"466\" srcset=\"https:\/\/macite.tg\/wp-content\/uploads\/2023\/11\/WhatsApp-Image-2023-10-09-at-17.28.15-1-1024x1024.jpeg 1024w, https:\/\/macite.tg\/wp-content\/uploads\/2023\/11\/WhatsApp-Image-2023-10-09-at-17.28.15-1-300x300.jpeg 300w, https:\/\/macite.tg\/wp-content\/uploads\/2023\/11\/WhatsApp-Image-2023-10-09-at-17.28.15-1-150x150.jpeg 150w, https:\/\/macite.tg\/wp-content\/uploads\/2023\/11\/WhatsApp-Image-2023-10-09-at-17.28.15-1-768x768.jpeg 768w, https:\/\/macite.tg\/wp-content\/uploads\/2023\/11\/WhatsApp-Image-2023-10-09-at-17.28.15-1-122x122.jpeg 122w, https:\/\/macite.tg\/wp-content\/uploads\/2023\/11\/WhatsApp-Image-2023-10-09-at-17.28.15-1.jpeg 1280w\" sizes=\"auto, (max-width: 466px) 100vw, 466px\" \/><\/figure>\n<\/div>\n\n\n<p class=\"wp-block-paragraph\">Parlant de menace, si elle devait s\u2019appliquer, ce serait une exclusion de la Guin\u00e9e de la Can 2023. La Guin\u00e9e est log\u00e9e dans le groupe C, occup\u00e9 par le S\u00e9n\u00e9gal, champion en titre, le Cameroun et la Gambie.<\/p>\n\n\n\n<p class=\"wp-block-paragraph\"><strong>JPB<\/strong><\/p>\n\n\n\n<p class=\"wp-block-paragraph\"><strong><em>@macite.tg&nbsp;&nbsp;&nbsp;&nbsp;&nbsp;&nbsp;&nbsp;&nbsp;<\/em><\/strong><\/p>\n\n\n\n<p class=\"wp-block-paragraph\"><strong><em>E-mail&nbsp;: <\/em><\/strong><a href=\"mailto:maciteinfo@gmail.com\"><strong><em>maciteinfo@gmail.com<\/em><\/strong><\/a><strong><em>; <\/em><\/strong><a href=\"mailto:bawela1@gmail.com\"><strong><em>bawela1@gmail.com<\/em><\/strong><\/a><strong><em><\/em><\/strong><\/p>\n\n\n\n<p class=\"wp-block-paragraph\"><strong><em>Pour vos annonces, (publi)reportages, etc., joignez-nous au (00228)91515309\/<strong>79872224 <\/strong>www.macite.tg, L\u2019information, la bonne&nbsp;!<\/em><\/strong><\/p>\n","protected":false},"excerpt":{"rendered":"<p class=\"text-justify mb-2\" >A un mois de la messe continentale du ballon rond sur le continent africain, la Fifa vient de hausser le ton, allant m\u00eame menacer d\u2019exclusion d\u2019une \u00e9quipe pourtant qualifi\u00e9e pour la phase finale de la Can en C\u00f4te d\u2019Ivoire. En raison de la crise institutionnelle [&hellip;]<\/p>\n","protected":false},"author":2,"featured_media":10757,"comment_status":"open","ping_status":"open","sticky":false,"template":"","format":"standard","meta":{"footnotes":""},"categories":[20,7],"tags":[],"class_list":["post-10756","post","type-post","status-publish","format-standard","has-post-thumbnail","hentry","category-actualite","category-sports"],"yoast_head":"<!-- This site is optimized with the Yoast SEO plugin v28.4 - https:\/\/yoast.com\/product\/yoast-seo-wordpress\/ -->\n<title>CAN 2023 : La FIFA menace de suspendre une \u00e9quipe... -<\/title>\n<meta name=\"robots\" content=\"index, follow, max-snippet:-1, max-image-preview:large, max-video-preview:-1\" \/>\n<link rel=\"canonical\" href=\"https:\/\/macite.tg\/?p=10756\" \/>\n<meta property=\"og:locale\" content=\"fr_FR\" \/>\n<meta property=\"og:type\" content=\"article\" \/>\n<meta property=\"og:title\" content=\"CAN 2023 : La FIFA menace de suspendre une \u00e9quipe... -\" \/>\n<meta property=\"og:description\" content=\"A un mois de la messe continentale du ballon rond sur le continent africain, la Fifa vient de hausser le ton, allant m\u00eame menacer d\u2019exclusion d\u2019une \u00e9quipe pourtant qualifi\u00e9e pour la phase finale de la Can en C\u00f4te d\u2019Ivoire. En raison de la crise institutionnelle [&hellip;]\" \/>\n<meta property=\"og:url\" content=\"https:\/\/macite.tg\/?p=10756\" \/>\n<meta property=\"article:published_time\" content=\"2023-11-30T11:11:39+00:00\" \/>\n<meta property=\"article:modified_time\" content=\"2023-11-30T11:11:41+00:00\" \/>\n<meta property=\"og:image\" content=\"https:\/\/macite.tg\/wp-content\/uploads\/2023\/11\/Guinee.jpg\" \/>\n\t<meta property=\"og:image:width\" content=\"300\" \/>\n\t<meta property=\"og:image:height\" content=\"168\" \/>\n\t<meta property=\"og:image:type\" content=\"image\/jpeg\" \/>\n<meta name=\"author\" content=\"Jean Pierre BAWELA\" \/>\n<meta name=\"twitter:card\" content=\"summary_large_image\" \/>\n<meta name=\"twitter:label1\" content=\"\u00c9crit par\" \/>\n\t<meta name=\"twitter:data1\" content=\"Jean Pierre BAWELA\" \/>\n\t<meta name=\"twitter:label2\" content=\"Dur\u00e9e de lecture estim\u00e9e\" \/>\n\t<meta name=\"twitter:data2\" content=\"2 minutes\" \/>\n<script type=\"application\/ld+json\" class=\"yoast-schema-graph\">{\"@context\":\"https:\\\/\\\/schema.org\",\"@graph\":[{\"@type\":\"Article\",\"@id\":\"https:\\\/\\\/macite.tg\\\/?p=10756#article\",\"isPartOf\":{\"@id\":\"https:\\\/\\\/macite.tg\\\/?p=10756\"},\"author\":{\"name\":\"Jean Pierre BAWELA\",\"@id\":\"https:\\\/\\\/macite.tg\\\/#\\\/schema\\\/person\\\/e9f2de7e5dbbe7770a9402c7ce82f5c2\"},\"headline\":\"CAN 2023 : La FIFA menace de suspendre une \u00e9quipe&#8230;\",\"datePublished\":\"2023-11-30T11:11:39+00:00\",\"dateModified\":\"2023-11-30T11:11:41+00:00\",\"mainEntityOfPage\":{\"@id\":\"https:\\\/\\\/macite.tg\\\/?p=10756\"},\"wordCount\":411,\"commentCount\":0,\"image\":{\"@id\":\"https:\\\/\\\/macite.tg\\\/?p=10756#primaryimage\"},\"thumbnailUrl\":\"https:\\\/\\\/macite.tg\\\/wp-content\\\/uploads\\\/2023\\\/11\\\/Guinee.jpg\",\"articleSection\":[\"ACTUALITE\",\"SPORTS\"],\"inLanguage\":\"fr-FR\",\"potentialAction\":[{\"@type\":\"CommentAction\",\"name\":\"Comment\",\"target\":[\"https:\\\/\\\/macite.tg\\\/?p=10756#respond\"]}]},{\"@type\":\"WebPage\",\"@id\":\"https:\\\/\\\/macite.tg\\\/?p=10756\",\"url\":\"https:\\\/\\\/macite.tg\\\/?p=10756\",\"name\":\"CAN 2023 : La FIFA menace de suspendre une \u00e9quipe... -\",\"isPartOf\":{\"@id\":\"https:\\\/\\\/macite.tg\\\/#website\"},\"primaryImageOfPage\":{\"@id\":\"https:\\\/\\\/macite.tg\\\/?p=10756#primaryimage\"},\"image\":{\"@id\":\"https:\\\/\\\/macite.tg\\\/?p=10756#primaryimage\"},\"thumbnailUrl\":\"https:\\\/\\\/macite.tg\\\/wp-content\\\/uploads\\\/2023\\\/11\\\/Guinee.jpg\",\"datePublished\":\"2023-11-30T11:11:39+00:00\",\"dateModified\":\"2023-11-30T11:11:41+00:00\",\"author\":{\"@id\":\"https:\\\/\\\/macite.tg\\\/#\\\/schema\\\/person\\\/e9f2de7e5dbbe7770a9402c7ce82f5c2\"},\"breadcrumb\":{\"@id\":\"https:\\\/\\\/macite.tg\\\/?p=10756#breadcrumb\"},\"inLanguage\":\"fr-FR\",\"potentialAction\":[{\"@type\":\"ReadAction\",\"target\":[\"https:\\\/\\\/macite.tg\\\/?p=10756\"]}]},{\"@type\":\"ImageObject\",\"inLanguage\":\"fr-FR\",\"@id\":\"https:\\\/\\\/macite.tg\\\/?p=10756#primaryimage\",\"url\":\"https:\\\/\\\/macite.tg\\\/wp-content\\\/uploads\\\/2023\\\/11\\\/Guinee.jpg\",\"contentUrl\":\"https:\\\/\\\/macite.tg\\\/wp-content\\\/uploads\\\/2023\\\/11\\\/Guinee.jpg\",\"width\":300,\"height\":168},{\"@type\":\"BreadcrumbList\",\"@id\":\"https:\\\/\\\/macite.tg\\\/?p=10756#breadcrumb\",\"itemListElement\":[{\"@type\":\"ListItem\",\"position\":1,\"name\":\"Accueil\",\"item\":\"https:\\\/\\\/macite.tg\\\/\"},{\"@type\":\"ListItem\",\"position\":2,\"name\":\"CAN 2023 : La FIFA menace de suspendre une \u00e9quipe&#8230;\"}]},{\"@type\":\"WebSite\",\"@id\":\"https:\\\/\\\/macite.tg\\\/#website\",\"url\":\"https:\\\/\\\/macite.tg\\\/\",\"name\":\"\",\"description\":\"L&#039;information, la bonne!!!\",\"potentialAction\":[{\"@type\":\"SearchAction\",\"target\":{\"@type\":\"EntryPoint\",\"urlTemplate\":\"https:\\\/\\\/macite.tg\\\/?s={search_term_string}\"},\"query-input\":{\"@type\":\"PropertyValueSpecification\",\"valueRequired\":true,\"valueName\":\"search_term_string\"}}],\"inLanguage\":\"fr-FR\"},{\"@type\":\"Person\",\"@id\":\"https:\\\/\\\/macite.tg\\\/#\\\/schema\\\/person\\\/e9f2de7e5dbbe7770a9402c7ce82f5c2\",\"name\":\"Jean Pierre BAWELA\",\"image\":{\"@type\":\"ImageObject\",\"inLanguage\":\"fr-FR\",\"@id\":\"https:\\\/\\\/macite.tg\\\/wp-content\\\/uploads\\\/2023\\\/09\\\/WhatsApp-Image-2023-09-19-at-14.44.41-122x122.jpeg\",\"url\":\"https:\\\/\\\/macite.tg\\\/wp-content\\\/uploads\\\/2023\\\/09\\\/WhatsApp-Image-2023-09-19-at-14.44.41-122x122.jpeg\",\"contentUrl\":\"https:\\\/\\\/macite.tg\\\/wp-content\\\/uploads\\\/2023\\\/09\\\/WhatsApp-Image-2023-09-19-at-14.44.41-122x122.jpeg\",\"caption\":\"Jean Pierre BAWELA\"},\"url\":\"https:\\\/\\\/macite.tg\\\/?author=2\"}]}<\/script>\n<!-- \/ Yoast SEO plugin. -->","yoast_head_json":{"title":"CAN 2023 : La FIFA menace de suspendre une \u00e9quipe... -","robots":{"index":"index","follow":"follow","max-snippet":"max-snippet:-1","max-image-preview":"max-image-preview:large","max-video-preview":"max-video-preview:-1"},"canonical":"https:\/\/macite.tg\/?p=10756","og_locale":"fr_FR","og_type":"article","og_title":"CAN 2023 : La FIFA menace de suspendre une \u00e9quipe... -","og_description":"A un mois de la messe continentale du ballon rond sur le continent africain, la Fifa vient de hausser le ton, allant m\u00eame menacer d\u2019exclusion d\u2019une \u00e9quipe pourtant qualifi\u00e9e pour la phase finale de la Can en C\u00f4te d\u2019Ivoire. En raison de la crise institutionnelle [&hellip;]","og_url":"https:\/\/macite.tg\/?p=10756","article_published_time":"2023-11-30T11:11:39+00:00","article_modified_time":"2023-11-30T11:11:41+00:00","og_image":[{"width":300,"height":168,"url":"https:\/\/macite.tg\/wp-content\/uploads\/2023\/11\/Guinee.jpg","type":"image\/jpeg"}],"author":"Jean Pierre BAWELA","twitter_card":"summary_large_image","twitter_misc":{"\u00c9crit par":"Jean Pierre BAWELA","Dur\u00e9e de lecture estim\u00e9e":"2 minutes"},"schema":{"@context":"https:\/\/schema.org","@graph":[{"@type":"Article","@id":"https:\/\/macite.tg\/?p=10756#article","isPartOf":{"@id":"https:\/\/macite.tg\/?p=10756"},"author":{"name":"Jean Pierre BAWELA","@id":"https:\/\/macite.tg\/#\/schema\/person\/e9f2de7e5dbbe7770a9402c7ce82f5c2"},"headline":"CAN 2023 : La FIFA menace de suspendre une \u00e9quipe&#8230;","datePublished":"2023-11-30T11:11:39+00:00","dateModified":"2023-11-30T11:11:41+00:00","mainEntityOfPage":{"@id":"https:\/\/macite.tg\/?p=10756"},"wordCount":411,"commentCount":0,"image":{"@id":"https:\/\/macite.tg\/?p=10756#primaryimage"},"thumbnailUrl":"https:\/\/macite.tg\/wp-content\/uploads\/2023\/11\/Guinee.jpg","articleSection":["ACTUALITE","SPORTS"],"inLanguage":"fr-FR","potentialAction":[{"@type":"CommentAction","name":"Comment","target":["https:\/\/macite.tg\/?p=10756#respond"]}]},{"@type":"WebPage","@id":"https:\/\/macite.tg\/?p=10756","url":"https:\/\/macite.tg\/?p=10756","name":"CAN 2023 : La FIFA menace de suspendre une \u00e9quipe... -","isPartOf":{"@id":"https:\/\/macite.tg\/#website"},"primaryImageOfPage":{"@id":"https:\/\/macite.tg\/?p=10756#primaryimage"},"image":{"@id":"https:\/\/macite.tg\/?p=10756#primaryimage"},"thumbnailUrl":"https:\/\/macite.tg\/wp-content\/uploads\/2023\/11\/Guinee.jpg","datePublished":"2023-11-30T11:11:39+00:00","dateModified":"2023-11-30T11:11:41+00:00","author":{"@id":"https:\/\/macite.tg\/#\/schema\/person\/e9f2de7e5dbbe7770a9402c7ce82f5c2"},"breadcrumb":{"@id":"https:\/\/macite.tg\/?p=10756#breadcrumb"},"inLanguage":"fr-FR","potentialAction":[{"@type":"ReadAction","target":["https:\/\/macite.tg\/?p=10756"]}]},{"@type":"ImageObject","inLanguage":"fr-FR","@id":"https:\/\/macite.tg\/?p=10756#primaryimage","url":"https:\/\/macite.tg\/wp-content\/uploads\/2023\/11\/Guinee.jpg","contentUrl":"https:\/\/macite.tg\/wp-content\/uploads\/2023\/11\/Guinee.jpg","width":300,"height":168},{"@type":"BreadcrumbList","@id":"https:\/\/macite.tg\/?p=10756#breadcrumb","itemListElement":[{"@type":"ListItem","position":1,"name":"Accueil","item":"https:\/\/macite.tg\/"},{"@type":"ListItem","position":2,"name":"CAN 2023 : La FIFA menace de suspendre une \u00e9quipe&#8230;"}]},{"@type":"WebSite","@id":"https:\/\/macite.tg\/#website","url":"https:\/\/macite.tg\/","name":"","description":"L&#039;information, la bonne!!!","potentialAction":[{"@type":"SearchAction","target":{"@type":"EntryPoint","urlTemplate":"https:\/\/macite.tg\/?s={search_term_string}"},"query-input":{"@type":"PropertyValueSpecification","valueRequired":true,"valueName":"search_term_string"}}],"inLanguage":"fr-FR"},{"@type":"Person","@id":"https:\/\/macite.tg\/#\/schema\/person\/e9f2de7e5dbbe7770a9402c7ce82f5c2","name":"Jean Pierre BAWELA","image":{"@type":"ImageObject","inLanguage":"fr-FR","@id":"https:\/\/macite.tg\/wp-content\/uploads\/2023\/09\/WhatsApp-Image-2023-09-19-at-14.44.41-122x122.jpeg","url":"https:\/\/macite.tg\/wp-content\/uploads\/2023\/09\/WhatsApp-Image-2023-09-19-at-14.44.41-122x122.jpeg","contentUrl":"https:\/\/macite.tg\/wp-content\/uploads\/2023\/09\/WhatsApp-Image-2023-09-19-at-14.44.41-122x122.jpeg","caption":"Jean Pierre BAWELA"},"url":"https:\/\/macite.tg\/?author=2"}]}},"_links":{"self":[{"href":"https:\/\/macite.tg\/index.php?rest_route=\/wp\/v2\/posts\/10756","targetHints":{"allow":["GET"]}}],"collection":[{"href":"https:\/\/macite.tg\/index.php?rest_route=\/wp\/v2\/posts"}],"about":[{"href":"https:\/\/macite.tg\/index.php?rest_route=\/wp\/v2\/types\/post"}],"author":[{"embeddable":true,"href":"https:\/\/macite.tg\/index.php?rest_route=\/wp\/v2\/users\/2"}],"replies":[{"embeddable":true,"href":"https:\/\/macite.tg\/index.php?rest_route=%2Fwp%2Fv2%2Fcomments&post=10756"}],"version-history":[{"count":0,"href":"https:\/\/macite.tg\/index.php?rest_route=\/wp\/v2\/posts\/10756\/revisions"}],"wp:featuredmedia":[{"embeddable":true,"href":"https:\/\/macite.tg\/index.php?rest_route=\/wp\/v2\/media\/10757"}],"wp:attachment":[{"href":"https:\/\/macite.tg\/index.php?rest_route=%2Fwp%2Fv2%2Fmedia&parent=10756"}],"wp:term":[{"taxonomy":"category","embeddable":true,"href":"https:\/\/macite.tg\/index.php?rest_route=%2Fwp%2Fv2%2Fcategories&post=10756"},{"taxonomy":"post_tag","embeddable":true,"href":"https:\/\/macite.tg\/index.php?rest_route=%2Fwp%2Fv2%2Ftags&post=10756"}],"curies":[{"name":"wp","href":"https:\/\/api.w.org\/{rel}","templated":true}]}}