{"id":10740,"date":"2023-11-29T16:45:58","date_gmt":"2023-11-29T16:45:58","guid":{"rendered":"https:\/\/macite.tg\/?p=10740"},"modified":"2023-11-29T16:46:00","modified_gmt":"2023-11-29T16:46:00","slug":"cooperation-les-presidents-faure-gnassingbe-et-kassym-jomart-tokayev-redefinissent-de-nouvelles-relations-entre-lome-et-astana","status":"publish","type":"post","link":"https:\/\/macite.tg\/?p=10740","title":{"rendered":"COOP\u00c9RATION : Les Pr\u00e9sidents Faure Gnassingb\u00e9 et Kassym-Jomart Tokayev red\u00e9finissent de nouvelles relations entre Lom\u00e9 et Astana"},"content":{"rendered":"\n<p class=\"wp-block-paragraph\"><strong><em>\u00c9tablies depuis plus de dix ans, les relations entre le Togo et le Kazakhstan entrent dans une nouvelle dynamique impuls\u00e9e par les leaders des deux pays. Ces nouvelles orientations de la coop\u00e9ration entre Lom\u00e9 et Astana ont \u00e9t\u00e9 red\u00e9finies \u00e0 l\u2019issue de la visite officielle au Kazakhstan du num\u00e9ro 1 togolais, Faure Gnassingb\u00e9.<\/em><\/strong><\/p>\n\n\n\n<p class=\"wp-block-paragraph\">Le mardi 28 novembre dernier, le Chef de l\u2019Etat togolais, Faure Gnassingb\u00e9, a effectu\u00e9 une visite officielle \u00e0 Astana, au Kazakhstan. Ce d\u00e9placement qui intervient un mois apr\u00e8s les \u00e9changes t\u00e9l\u00e9phoniques entre les deux leaders, marquent un nouveau tournant dans les relations entre Lom\u00e9 et Astana d\u00e9termin\u00e9s \u00e0 <em>\u00ab&nbsp;exploiter pleinement le potentiel du partenariat entre le Togo et le Kazakhstan<\/em>&nbsp;\u00bb.<\/p>\n\n\n<div class=\"wp-block-image\">\n<figure class=\"aligncenter size-full is-resized\"><img loading=\"lazy\" decoding=\"async\" src=\"https:\/\/macite.tg\/wp-content\/uploads\/2023\/11\/image-35.png\" alt=\"\" class=\"wp-image-10743\" width=\"481\" height=\"351\" srcset=\"https:\/\/macite.tg\/wp-content\/uploads\/2023\/11\/image-35.png 469w, https:\/\/macite.tg\/wp-content\/uploads\/2023\/11\/image-35-300x219.png 300w\" sizes=\"auto, (max-width: 481px) 100vw, 481px\" \/><figcaption class=\"wp-element-caption\"><strong><em>Quelques images de la rencontre entre les deux d\u00e9l\u00e9gations&#8230;<\/em><\/strong><\/figcaption><\/figure>\n<\/div>\n\n\n<p class=\"wp-block-paragraph\">En terre kazakhe, Faure Gnassingb\u00e9 a eu un agenda charg\u00e9. Apr\u00e8s avoir re\u00e7u les honneurs au palais pr\u00e9sidentiel, le pr\u00e9sident Faure Gnassingb\u00e9 et son homologue Kassym-Jomart Tokayev ont eu des entretiens \u00e9largis aux membres des deux d\u00e9l\u00e9gations.<\/p>\n\n\n\n<p class=\"wp-block-paragraph\">Les \u00e9changes ont port\u00e9 sur des sujets d\u2019int\u00e9r\u00eat commun, mais aussi sur des questions li\u00e9es au d\u00e9veloppement du continent africain.<\/p>\n\n\n\n<p class=\"wp-block-paragraph\">Le Pr\u00e9sident Faure Gnassingb\u00e9 s\u2019est f\u00e9licit\u00e9 de la convergence de vues entre les deux parties et la disponibilit\u00e9 de son homologue, \u00e0 \u0153uvrer au renforcement de la coop\u00e9ration entre Lom\u00e9 et Astana, ceci dans plusieurs domaines, notamment les affaires, les mines, l\u2019\u00e9conomie num\u00e9rique, la culture et l\u2019agriculture.<\/p>\n\n\n<div class=\"wp-block-image\">\n<figure class=\"aligncenter size-large is-resized\"><img loading=\"lazy\" decoding=\"async\" src=\"https:\/\/macite.tg\/wp-content\/uploads\/2023\/11\/ANNONCES-1-1024x426.jpg\" alt=\"\" class=\"wp-image-10689\" width=\"750\" height=\"312\" srcset=\"https:\/\/macite.tg\/wp-content\/uploads\/2023\/11\/ANNONCES-1-1024x426.jpg 1024w, https:\/\/macite.tg\/wp-content\/uploads\/2023\/11\/ANNONCES-1-300x125.jpg 300w, https:\/\/macite.tg\/wp-content\/uploads\/2023\/11\/ANNONCES-1-768x319.jpg 768w, https:\/\/macite.tg\/wp-content\/uploads\/2023\/11\/ANNONCES-1.jpg 1080w\" sizes=\"auto, (max-width: 750px) 100vw, 750px\" \/><\/figure>\n<\/div>\n\n\n<p class=\"wp-block-paragraph\">A l\u2019occasion de ces \u00e9changes, le chef de l\u2019Etat togolais a pr\u00e9sent\u00e9 la strat\u00e9gie de d\u00e9veloppement \u00e9conomique du Togo qui repose essentiellement sur le partenariat public-priv\u00e9, les opportunit\u00e9s d\u2019investissement marqu\u00e9 par un climat favorable des affaires, l\u2019efficacit\u00e9 de la politique agricole et les efforts du pays en mati\u00e8re de digitalisation ainsi que les atouts qu\u2019offrent les march\u00e9s sous r\u00e9gional et continental \u00e0 travers la Zone de libre-\u00e9change continentale africaine (Zlecaf).<\/p>\n\n\n\n<p class=\"wp-block-paragraph\">Tout en r\u00e9affirmant l\u2019attachement de son pays \u00e0 la promotion de la paix et la s\u00e9curit\u00e9, malgr\u00e9 un contexte r\u00e9gional et international de plus en plus d\u00e9l\u00e9t\u00e8re sur le plan s\u00e9curitaire, Faure Gnassingb\u00e9 a soulign\u00e9 que <em>\u00ab&nbsp;notre<\/em> <em>feuille de route gouvernementale qui consacre notre vision de d\u00e9veloppement, compte sur le secteur priv\u00e9 pour financer 50% des investissements n\u00e9cessaires. Et le secteur priv\u00e9 ne viendra investir que s\u2019il trouve un environnement favorable aux investissements<\/em>&nbsp;\u00bb.<\/p>\n\n\n\n<p class=\"wp-block-paragraph\">Ces positions et aspirations du Togo ont eu une \u00e9coute attentive aupr\u00e8s du pr\u00e9sident Kazakh, Kassym-Jomart Tokayev. \u00ab&nbsp;<em>Nos pays sont loin l\u2019un de l\u2019autre, mais nous sommes pr\u00eats \u00e0 entreprendre une coop\u00e9ration multisectorielle. Nous avons beaucoup de possibilit\u00e9s pour renforcer notre partenariat dans les domaines du commerce, de l\u2019agriculture, la culture, des technologies, des mines, de l\u2019\u00e9ducation et autres<\/em>&nbsp;\u00bb, a indiqu\u00e9 le leader kazakh. Il pr\u00e9conise, \u00e0 cet effet, \u00ab&nbsp;<em>un dialogue constant pour faire avancer l\u2019agenda bilat\u00e9ral et international<\/em>&nbsp;\u00bb.<\/p>\n\n\n<div class=\"wp-block-image\">\n<figure class=\"aligncenter size-large is-resized\"><img loading=\"lazy\" decoding=\"async\" src=\"https:\/\/macite.tg\/wp-content\/uploads\/2023\/11\/WhatsApp-Image-2023-10-09-at-17.28.15-1-1024x1024.jpeg\" alt=\"\" class=\"wp-image-10647\" width=\"450\" height=\"450\" srcset=\"https:\/\/macite.tg\/wp-content\/uploads\/2023\/11\/WhatsApp-Image-2023-10-09-at-17.28.15-1-1024x1024.jpeg 1024w, https:\/\/macite.tg\/wp-content\/uploads\/2023\/11\/WhatsApp-Image-2023-10-09-at-17.28.15-1-300x300.jpeg 300w, https:\/\/macite.tg\/wp-content\/uploads\/2023\/11\/WhatsApp-Image-2023-10-09-at-17.28.15-1-150x150.jpeg 150w, https:\/\/macite.tg\/wp-content\/uploads\/2023\/11\/WhatsApp-Image-2023-10-09-at-17.28.15-1-768x768.jpeg 768w, https:\/\/macite.tg\/wp-content\/uploads\/2023\/11\/WhatsApp-Image-2023-10-09-at-17.28.15-1-122x122.jpeg 122w, https:\/\/macite.tg\/wp-content\/uploads\/2023\/11\/WhatsApp-Image-2023-10-09-at-17.28.15-1.jpeg 1280w\" sizes=\"auto, (max-width: 450px) 100vw, 450px\" \/><\/figure>\n<\/div>\n\n\n<p class=\"wp-block-paragraph\">Dans ce sens, les gouvernements des deux pays ont \u00e9t\u00e9 instruits afin de \u00ab&nbsp;<em>prendre des mesures concr\u00e8tes pour accro\u00eetre les \u00e9changes commerciaux<\/em>&nbsp;\u00bb et promouvoir, in fine, leur d\u00e9veloppement mutuel et des m\u00e9canismes de partenariat. Ainsi, les bases d\u2019une coop\u00e9ration bilat\u00e9rale renforc\u00e9e sont d\u2019ores et d\u00e9j\u00e0 annonc\u00e9es, et des consuls honoraires devraient bient\u00f4t \u00eatre approuv\u00e9s dans chacun des deux pays.<\/p>\n\n\n\n<p class=\"wp-block-paragraph\">Pays d\u2019Asie Centrale, le Kazakhstan dispose d\u2019importantes ressources naturelles. Il est, en outre, l\u2019un des plus grands exportateurs de c\u00e9r\u00e9ales au monde.<\/p>\n\n\n\n<p class=\"wp-block-paragraph\"><strong>JPB<\/strong><\/p>\n\n\n\n<p class=\"wp-block-paragraph\"><strong><em>@macite.tg&nbsp;&nbsp;&nbsp;&nbsp;&nbsp;&nbsp;&nbsp;&nbsp;<\/em><\/strong><\/p>\n\n\n\n<p class=\"wp-block-paragraph\"><strong><em>E-mail&nbsp;: <\/em><\/strong><a href=\"mailto:maciteinfo@gmail.com\"><strong><em>maciteinfo@gmail.com<\/em><\/strong><\/a><strong><em>; <\/em><\/strong><a href=\"mailto:bawela1@gmail.com\"><strong><em>bawela1@gmail.com<\/em><\/strong><\/a><\/p>\n\n\n\n<p class=\"wp-block-paragraph\"><strong><em>Pour vos annonces, (publi)reportages, etc., joignez-nous au (00228)91515309\/<\/em>79872224 <em>www.macite.tg, L\u2019information, la bonne\u00a0!<\/em><\/strong><\/p>\n","protected":false},"excerpt":{"rendered":"<p class=\"text-justify mb-2\" >\u00c9tablies depuis plus de dix ans, les relations entre le Togo et le Kazakhstan entrent dans une nouvelle dynamique impuls\u00e9e par les leaders des deux pays. Ces nouvelles orientations de la coop\u00e9ration entre Lom\u00e9 et Astana ont \u00e9t\u00e9 red\u00e9finies \u00e0 l\u2019issue de la visite officielle [&hellip;]<\/p>\n","protected":false},"author":2,"featured_media":10742,"comment_status":"open","ping_status":"open","sticky":false,"template":"","format":"standard","meta":{"footnotes":""},"categories":[20,16],"tags":[],"class_list":["post-10740","post","type-post","status-publish","format-standard","has-post-thumbnail","hentry","category-actualite","category-cooperation"],"yoast_head":"<!-- This site is optimized with the Yoast SEO plugin v28.4 - https:\/\/yoast.com\/product\/yoast-seo-wordpress\/ -->\n<title>COOP\u00c9RATION : Les Pr\u00e9sidents Faure Gnassingb\u00e9 et Kassym-Jomart Tokayev red\u00e9finissent de nouvelles relations entre Lom\u00e9 et Astana -<\/title>\n<meta name=\"robots\" content=\"index, follow, max-snippet:-1, max-image-preview:large, max-video-preview:-1\" \/>\n<link rel=\"canonical\" href=\"https:\/\/macite.tg\/?p=10740\" \/>\n<meta property=\"og:locale\" content=\"fr_FR\" \/>\n<meta property=\"og:type\" content=\"article\" \/>\n<meta property=\"og:title\" content=\"COOP\u00c9RATION : Les Pr\u00e9sidents Faure Gnassingb\u00e9 et Kassym-Jomart Tokayev red\u00e9finissent de nouvelles relations entre Lom\u00e9 et Astana -\" \/>\n<meta property=\"og:description\" content=\"\u00c9tablies depuis plus de dix ans, les relations entre le Togo et le Kazakhstan entrent dans une nouvelle dynamique impuls\u00e9e par les leaders des deux pays. Ces nouvelles orientations de la coop\u00e9ration entre Lom\u00e9 et Astana ont \u00e9t\u00e9 red\u00e9finies \u00e0 l\u2019issue de la visite officielle [&hellip;]\" \/>\n<meta property=\"og:url\" content=\"https:\/\/macite.tg\/?p=10740\" \/>\n<meta property=\"article:published_time\" content=\"2023-11-29T16:45:58+00:00\" \/>\n<meta property=\"article:modified_time\" content=\"2023-11-29T16:46:00+00:00\" \/>\n<meta property=\"og:image\" content=\"https:\/\/macite.tg\/wp-content\/uploads\/2023\/11\/image-34.png\" \/>\n\t<meta property=\"og:image:width\" content=\"605\" \/>\n\t<meta property=\"og:image:height\" content=\"120\" \/>\n\t<meta property=\"og:image:type\" content=\"image\/png\" \/>\n<meta name=\"author\" content=\"Jean Pierre BAWELA\" \/>\n<meta name=\"twitter:card\" content=\"summary_large_image\" \/>\n<meta name=\"twitter:label1\" content=\"\u00c9crit par\" \/>\n\t<meta name=\"twitter:data1\" content=\"Jean Pierre BAWELA\" \/>\n\t<meta name=\"twitter:label2\" content=\"Dur\u00e9e de lecture estim\u00e9e\" \/>\n\t<meta name=\"twitter:data2\" content=\"3 minutes\" \/>\n<script type=\"application\/ld+json\" class=\"yoast-schema-graph\">{\"@context\":\"https:\\\/\\\/schema.org\",\"@graph\":[{\"@type\":\"Article\",\"@id\":\"https:\\\/\\\/macite.tg\\\/?p=10740#article\",\"isPartOf\":{\"@id\":\"https:\\\/\\\/macite.tg\\\/?p=10740\"},\"author\":{\"name\":\"Jean Pierre BAWELA\",\"@id\":\"https:\\\/\\\/macite.tg\\\/#\\\/schema\\\/person\\\/e9f2de7e5dbbe7770a9402c7ce82f5c2\"},\"headline\":\"COOP\u00c9RATION : Les Pr\u00e9sidents Faure Gnassingb\u00e9 et Kassym-Jomart Tokayev red\u00e9finissent de nouvelles relations entre Lom\u00e9 et Astana\",\"datePublished\":\"2023-11-29T16:45:58+00:00\",\"dateModified\":\"2023-11-29T16:46:00+00:00\",\"mainEntityOfPage\":{\"@id\":\"https:\\\/\\\/macite.tg\\\/?p=10740\"},\"wordCount\":667,\"commentCount\":0,\"image\":{\"@id\":\"https:\\\/\\\/macite.tg\\\/?p=10740#primaryimage\"},\"thumbnailUrl\":\"https:\\\/\\\/macite.tg\\\/wp-content\\\/uploads\\\/2023\\\/11\\\/image-34.png\",\"articleSection\":[\"ACTUALITE\",\"COOPERATION\"],\"inLanguage\":\"fr-FR\",\"potentialAction\":[{\"@type\":\"CommentAction\",\"name\":\"Comment\",\"target\":[\"https:\\\/\\\/macite.tg\\\/?p=10740#respond\"]}]},{\"@type\":\"WebPage\",\"@id\":\"https:\\\/\\\/macite.tg\\\/?p=10740\",\"url\":\"https:\\\/\\\/macite.tg\\\/?p=10740\",\"name\":\"COOP\u00c9RATION : Les Pr\u00e9sidents Faure Gnassingb\u00e9 et Kassym-Jomart Tokayev red\u00e9finissent de nouvelles relations entre Lom\u00e9 et Astana -\",\"isPartOf\":{\"@id\":\"https:\\\/\\\/macite.tg\\\/#website\"},\"primaryImageOfPage\":{\"@id\":\"https:\\\/\\\/macite.tg\\\/?p=10740#primaryimage\"},\"image\":{\"@id\":\"https:\\\/\\\/macite.tg\\\/?p=10740#primaryimage\"},\"thumbnailUrl\":\"https:\\\/\\\/macite.tg\\\/wp-content\\\/uploads\\\/2023\\\/11\\\/image-34.png\",\"datePublished\":\"2023-11-29T16:45:58+00:00\",\"dateModified\":\"2023-11-29T16:46:00+00:00\",\"author\":{\"@id\":\"https:\\\/\\\/macite.tg\\\/#\\\/schema\\\/person\\\/e9f2de7e5dbbe7770a9402c7ce82f5c2\"},\"breadcrumb\":{\"@id\":\"https:\\\/\\\/macite.tg\\\/?p=10740#breadcrumb\"},\"inLanguage\":\"fr-FR\",\"potentialAction\":[{\"@type\":\"ReadAction\",\"target\":[\"https:\\\/\\\/macite.tg\\\/?p=10740\"]}]},{\"@type\":\"ImageObject\",\"inLanguage\":\"fr-FR\",\"@id\":\"https:\\\/\\\/macite.tg\\\/?p=10740#primaryimage\",\"url\":\"https:\\\/\\\/macite.tg\\\/wp-content\\\/uploads\\\/2023\\\/11\\\/image-34.png\",\"contentUrl\":\"https:\\\/\\\/macite.tg\\\/wp-content\\\/uploads\\\/2023\\\/11\\\/image-34.png\",\"width\":605,\"height\":120},{\"@type\":\"BreadcrumbList\",\"@id\":\"https:\\\/\\\/macite.tg\\\/?p=10740#breadcrumb\",\"itemListElement\":[{\"@type\":\"ListItem\",\"position\":1,\"name\":\"Accueil\",\"item\":\"https:\\\/\\\/macite.tg\\\/\"},{\"@type\":\"ListItem\",\"position\":2,\"name\":\"COOP\u00c9RATION : Les Pr\u00e9sidents Faure Gnassingb\u00e9 et Kassym-Jomart Tokayev red\u00e9finissent de nouvelles relations entre Lom\u00e9 et Astana\"}]},{\"@type\":\"WebSite\",\"@id\":\"https:\\\/\\\/macite.tg\\\/#website\",\"url\":\"https:\\\/\\\/macite.tg\\\/\",\"name\":\"\",\"description\":\"L&#039;information, la bonne!!!\",\"potentialAction\":[{\"@type\":\"SearchAction\",\"target\":{\"@type\":\"EntryPoint\",\"urlTemplate\":\"https:\\\/\\\/macite.tg\\\/?s={search_term_string}\"},\"query-input\":{\"@type\":\"PropertyValueSpecification\",\"valueRequired\":true,\"valueName\":\"search_term_string\"}}],\"inLanguage\":\"fr-FR\"},{\"@type\":\"Person\",\"@id\":\"https:\\\/\\\/macite.tg\\\/#\\\/schema\\\/person\\\/e9f2de7e5dbbe7770a9402c7ce82f5c2\",\"name\":\"Jean Pierre BAWELA\",\"image\":{\"@type\":\"ImageObject\",\"inLanguage\":\"fr-FR\",\"@id\":\"https:\\\/\\\/macite.tg\\\/wp-content\\\/uploads\\\/2023\\\/09\\\/WhatsApp-Image-2023-09-19-at-14.44.41-122x122.jpeg\",\"url\":\"https:\\\/\\\/macite.tg\\\/wp-content\\\/uploads\\\/2023\\\/09\\\/WhatsApp-Image-2023-09-19-at-14.44.41-122x122.jpeg\",\"contentUrl\":\"https:\\\/\\\/macite.tg\\\/wp-content\\\/uploads\\\/2023\\\/09\\\/WhatsApp-Image-2023-09-19-at-14.44.41-122x122.jpeg\",\"caption\":\"Jean Pierre BAWELA\"},\"url\":\"https:\\\/\\\/macite.tg\\\/?author=2\"}]}<\/script>\n<!-- \/ Yoast SEO plugin. -->","yoast_head_json":{"title":"COOP\u00c9RATION : Les Pr\u00e9sidents Faure Gnassingb\u00e9 et Kassym-Jomart Tokayev red\u00e9finissent de nouvelles relations entre Lom\u00e9 et Astana -","robots":{"index":"index","follow":"follow","max-snippet":"max-snippet:-1","max-image-preview":"max-image-preview:large","max-video-preview":"max-video-preview:-1"},"canonical":"https:\/\/macite.tg\/?p=10740","og_locale":"fr_FR","og_type":"article","og_title":"COOP\u00c9RATION : Les Pr\u00e9sidents Faure Gnassingb\u00e9 et Kassym-Jomart Tokayev red\u00e9finissent de nouvelles relations entre Lom\u00e9 et Astana -","og_description":"\u00c9tablies depuis plus de dix ans, les relations entre le Togo et le Kazakhstan entrent dans une nouvelle dynamique impuls\u00e9e par les leaders des deux pays. Ces nouvelles orientations de la coop\u00e9ration entre Lom\u00e9 et Astana ont \u00e9t\u00e9 red\u00e9finies \u00e0 l\u2019issue de la visite officielle [&hellip;]","og_url":"https:\/\/macite.tg\/?p=10740","article_published_time":"2023-11-29T16:45:58+00:00","article_modified_time":"2023-11-29T16:46:00+00:00","og_image":[{"width":605,"height":120,"url":"https:\/\/macite.tg\/wp-content\/uploads\/2023\/11\/image-34.png","type":"image\/png"}],"author":"Jean Pierre BAWELA","twitter_card":"summary_large_image","twitter_misc":{"\u00c9crit par":"Jean Pierre BAWELA","Dur\u00e9e de lecture estim\u00e9e":"3 minutes"},"schema":{"@context":"https:\/\/schema.org","@graph":[{"@type":"Article","@id":"https:\/\/macite.tg\/?p=10740#article","isPartOf":{"@id":"https:\/\/macite.tg\/?p=10740"},"author":{"name":"Jean Pierre BAWELA","@id":"https:\/\/macite.tg\/#\/schema\/person\/e9f2de7e5dbbe7770a9402c7ce82f5c2"},"headline":"COOP\u00c9RATION : Les Pr\u00e9sidents Faure Gnassingb\u00e9 et Kassym-Jomart Tokayev red\u00e9finissent de nouvelles relations entre Lom\u00e9 et Astana","datePublished":"2023-11-29T16:45:58+00:00","dateModified":"2023-11-29T16:46:00+00:00","mainEntityOfPage":{"@id":"https:\/\/macite.tg\/?p=10740"},"wordCount":667,"commentCount":0,"image":{"@id":"https:\/\/macite.tg\/?p=10740#primaryimage"},"thumbnailUrl":"https:\/\/macite.tg\/wp-content\/uploads\/2023\/11\/image-34.png","articleSection":["ACTUALITE","COOPERATION"],"inLanguage":"fr-FR","potentialAction":[{"@type":"CommentAction","name":"Comment","target":["https:\/\/macite.tg\/?p=10740#respond"]}]},{"@type":"WebPage","@id":"https:\/\/macite.tg\/?p=10740","url":"https:\/\/macite.tg\/?p=10740","name":"COOP\u00c9RATION : Les Pr\u00e9sidents Faure Gnassingb\u00e9 et Kassym-Jomart Tokayev red\u00e9finissent de nouvelles relations entre Lom\u00e9 et Astana -","isPartOf":{"@id":"https:\/\/macite.tg\/#website"},"primaryImageOfPage":{"@id":"https:\/\/macite.tg\/?p=10740#primaryimage"},"image":{"@id":"https:\/\/macite.tg\/?p=10740#primaryimage"},"thumbnailUrl":"https:\/\/macite.tg\/wp-content\/uploads\/2023\/11\/image-34.png","datePublished":"2023-11-29T16:45:58+00:00","dateModified":"2023-11-29T16:46:00+00:00","author":{"@id":"https:\/\/macite.tg\/#\/schema\/person\/e9f2de7e5dbbe7770a9402c7ce82f5c2"},"breadcrumb":{"@id":"https:\/\/macite.tg\/?p=10740#breadcrumb"},"inLanguage":"fr-FR","potentialAction":[{"@type":"ReadAction","target":["https:\/\/macite.tg\/?p=10740"]}]},{"@type":"ImageObject","inLanguage":"fr-FR","@id":"https:\/\/macite.tg\/?p=10740#primaryimage","url":"https:\/\/macite.tg\/wp-content\/uploads\/2023\/11\/image-34.png","contentUrl":"https:\/\/macite.tg\/wp-content\/uploads\/2023\/11\/image-34.png","width":605,"height":120},{"@type":"BreadcrumbList","@id":"https:\/\/macite.tg\/?p=10740#breadcrumb","itemListElement":[{"@type":"ListItem","position":1,"name":"Accueil","item":"https:\/\/macite.tg\/"},{"@type":"ListItem","position":2,"name":"COOP\u00c9RATION : Les Pr\u00e9sidents Faure Gnassingb\u00e9 et Kassym-Jomart Tokayev red\u00e9finissent de nouvelles relations entre Lom\u00e9 et Astana"}]},{"@type":"WebSite","@id":"https:\/\/macite.tg\/#website","url":"https:\/\/macite.tg\/","name":"","description":"L&#039;information, la bonne!!!","potentialAction":[{"@type":"SearchAction","target":{"@type":"EntryPoint","urlTemplate":"https:\/\/macite.tg\/?s={search_term_string}"},"query-input":{"@type":"PropertyValueSpecification","valueRequired":true,"valueName":"search_term_string"}}],"inLanguage":"fr-FR"},{"@type":"Person","@id":"https:\/\/macite.tg\/#\/schema\/person\/e9f2de7e5dbbe7770a9402c7ce82f5c2","name":"Jean Pierre BAWELA","image":{"@type":"ImageObject","inLanguage":"fr-FR","@id":"https:\/\/macite.tg\/wp-content\/uploads\/2023\/09\/WhatsApp-Image-2023-09-19-at-14.44.41-122x122.jpeg","url":"https:\/\/macite.tg\/wp-content\/uploads\/2023\/09\/WhatsApp-Image-2023-09-19-at-14.44.41-122x122.jpeg","contentUrl":"https:\/\/macite.tg\/wp-content\/uploads\/2023\/09\/WhatsApp-Image-2023-09-19-at-14.44.41-122x122.jpeg","caption":"Jean Pierre BAWELA"},"url":"https:\/\/macite.tg\/?author=2"}]}},"_links":{"self":[{"href":"https:\/\/macite.tg\/index.php?rest_route=\/wp\/v2\/posts\/10740","targetHints":{"allow":["GET"]}}],"collection":[{"href":"https:\/\/macite.tg\/index.php?rest_route=\/wp\/v2\/posts"}],"about":[{"href":"https:\/\/macite.tg\/index.php?rest_route=\/wp\/v2\/types\/post"}],"author":[{"embeddable":true,"href":"https:\/\/macite.tg\/index.php?rest_route=\/wp\/v2\/users\/2"}],"replies":[{"embeddable":true,"href":"https:\/\/macite.tg\/index.php?rest_route=%2Fwp%2Fv2%2Fcomments&post=10740"}],"version-history":[{"count":0,"href":"https:\/\/macite.tg\/index.php?rest_route=\/wp\/v2\/posts\/10740\/revisions"}],"wp:featuredmedia":[{"embeddable":true,"href":"https:\/\/macite.tg\/index.php?rest_route=\/wp\/v2\/media\/10742"}],"wp:attachment":[{"href":"https:\/\/macite.tg\/index.php?rest_route=%2Fwp%2Fv2%2Fmedia&parent=10740"}],"wp:term":[{"taxonomy":"category","embeddable":true,"href":"https:\/\/macite.tg\/index.php?rest_route=%2Fwp%2Fv2%2Fcategories&post=10740"},{"taxonomy":"post_tag","embeddable":true,"href":"https:\/\/macite.tg\/index.php?rest_route=%2Fwp%2Fv2%2Ftags&post=10740"}],"curies":[{"name":"wp","href":"https:\/\/api.w.org\/{rel}","templated":true}]}}