{"id":10735,"date":"2023-11-29T12:51:08","date_gmt":"2023-11-29T12:51:08","guid":{"rendered":"https:\/\/macite.tg\/?p=10735"},"modified":"2023-11-29T12:54:27","modified_gmt":"2023-11-29T12:54:27","slug":"la-famille-neymar-impliquee-dans-un-nouveau-scandale","status":"publish","type":"post","link":"https:\/\/macite.tg\/?p=10735","title":{"rendered":"BR\u00c9SIL : La famille Neymar impliqu\u00e9e dans un nouveau scandale!"},"content":{"rendered":"\n<p class=\"wp-block-paragraph\"><strong><em>La police f\u00e9d\u00e9rale br\u00e9silienne enqu\u00eate sur l&rsquo;implication possible de Rafaella Santos, la s\u0153ur de Neymar et de l&rsquo;ancien footballeur Rivaldo dans le financement de la tentative de coup d&rsquo;\u00c9tat du 8 janvier dernier \u00e0 Brasilia, la capitale du Br\u00e9sil.<\/em><\/strong><\/p>\n\n\n\n<p class=\"wp-block-paragraph\">Ces \u00e9v\u00e9nements, qui ont \u00e9branl\u00e9 les structures politiques du pays, ont d\u00e9clench\u00e9 une s\u00e9rie d&rsquo;enqu\u00eates visant \u00e0 d\u00e9couvrir la source du financement des troubles.<\/p>\n\n\n<div class=\"wp-block-image\">\n<figure class=\"aligncenter size-large is-resized\"><img loading=\"lazy\" decoding=\"async\" src=\"https:\/\/macite.tg\/wp-content\/uploads\/2023\/11\/WhatsApp-Image-2023-10-09-at-17.28.15-1-1024x1024.jpeg\" alt=\"\" class=\"wp-image-10647\" width=\"480\" height=\"480\" srcset=\"https:\/\/macite.tg\/wp-content\/uploads\/2023\/11\/WhatsApp-Image-2023-10-09-at-17.28.15-1-1024x1024.jpeg 1024w, https:\/\/macite.tg\/wp-content\/uploads\/2023\/11\/WhatsApp-Image-2023-10-09-at-17.28.15-1-300x300.jpeg 300w, https:\/\/macite.tg\/wp-content\/uploads\/2023\/11\/WhatsApp-Image-2023-10-09-at-17.28.15-1-150x150.jpeg 150w, https:\/\/macite.tg\/wp-content\/uploads\/2023\/11\/WhatsApp-Image-2023-10-09-at-17.28.15-1-768x768.jpeg 768w, https:\/\/macite.tg\/wp-content\/uploads\/2023\/11\/WhatsApp-Image-2023-10-09-at-17.28.15-1-122x122.jpeg 122w, https:\/\/macite.tg\/wp-content\/uploads\/2023\/11\/WhatsApp-Image-2023-10-09-at-17.28.15-1.jpeg 1280w\" sizes=\"auto, (max-width: 480px) 100vw, 480px\" \/><\/figure>\n<\/div>\n\n\n<p class=\"wp-block-paragraph\">Au centre de cette enqu\u00eate se trouve Salomao Vieira, un chanteur de gospel accus\u00e9 d&rsquo;avoir organis\u00e9 et financ\u00e9 les <em>\u00ab\u00a0camps du coup d&rsquo;\u00c9tat\u00a0\u00bb<\/em> par des dons.<\/p>\n\n\n\n<p class=\"wp-block-paragraph\">Vieira fait l&rsquo;objet d&rsquo;un mandat d&rsquo;arr\u00eat et est soup\u00e7onn\u00e9 de se cacher au Paraguay. La police examine les mouvements de ses comptes qui s&rsquo;\u00e9l\u00e8vent \u00e0 2 millions de reals, soit environ 380 000 euros, une somme importante qui soul\u00e8ve des questions quant \u00e0 son origine et \u00e0 son utilisation.<\/p>\n\n\n\n<p class=\"wp-block-paragraph\">Les camps financ\u00e9s par ces dons ont servi de base \u00e0 des \u00e9meutiers qui ont attaqu\u00e9 des institutions cl\u00e9s telles que le Congr\u00e8s, la Cour supr\u00eame et le Palais du Planalto.<\/p>\n\n\n<div class=\"wp-block-image\">\n<figure class=\"aligncenter size-large is-resized\"><img loading=\"lazy\" decoding=\"async\" src=\"https:\/\/macite.tg\/wp-content\/uploads\/2023\/11\/ANNONCES-1-1024x426.jpg\" alt=\"\" class=\"wp-image-10689\" width=\"705\" height=\"293\" srcset=\"https:\/\/macite.tg\/wp-content\/uploads\/2023\/11\/ANNONCES-1-1024x426.jpg 1024w, https:\/\/macite.tg\/wp-content\/uploads\/2023\/11\/ANNONCES-1-300x125.jpg 300w, https:\/\/macite.tg\/wp-content\/uploads\/2023\/11\/ANNONCES-1-768x319.jpg 768w, https:\/\/macite.tg\/wp-content\/uploads\/2023\/11\/ANNONCES-1.jpg 1080w\" sizes=\"auto, (max-width: 705px) 100vw, 705px\" \/><\/figure>\n<\/div>\n\n\n<p class=\"wp-block-paragraph\">Ces attaques ont eu lieu dans un contexte de tension politique, notamment apr\u00e8s la d\u00e9faite \u00e9lectorale de l&rsquo;ancien pr\u00e9sident Jair Bolsonaro, un dirigeant soutenu par des personnalit\u00e9s telles que Rivaldo et la famille de Neymar. Les 2 impliqu\u00e9s continuent de nier les faits.<\/p>\n\n\n\n<p class=\"wp-block-paragraph\"><strong>Source&nbsp;: @ pulse.sn\/news<\/strong><\/p>\n\n\n\n<p class=\"wp-block-paragraph\"><strong><em>@macite.tg&nbsp;&nbsp;&nbsp;&nbsp;&nbsp;&nbsp;&nbsp;&nbsp;<\/em><\/strong><\/p>\n\n\n\n<p class=\"wp-block-paragraph\"><strong><em>E-mail&nbsp;: <\/em><\/strong><a href=\"mailto:maciteinfo@gmail.com\"><strong><em>maciteinfo@gmail.com<\/em><\/strong><\/a><strong><em>; <\/em><\/strong><a href=\"mailto:bawela1@gmail.com\"><strong><em>bawela1@gmail.com<\/em><\/strong><\/a><strong><em><\/em><\/strong><\/p>\n\n\n\n<p class=\"wp-block-paragraph\"><strong><em>Pour vos annonces, (publi)reportages, etc., joignez-nous au (00228)91515309\/<strong>79872224 <\/strong>www.macite.tg, L\u2019information, la bonne&nbsp;!<\/em><\/strong><\/p>\n","protected":false},"excerpt":{"rendered":"<p class=\"text-justify mb-2\" >La police f\u00e9d\u00e9rale br\u00e9silienne enqu\u00eate sur l&rsquo;implication possible de Rafaella Santos, la s\u0153ur de Neymar et de l&rsquo;ancien footballeur Rivaldo dans le financement de la tentative de coup d&rsquo;\u00c9tat du 8 janvier dernier \u00e0 Brasilia, la capitale du Br\u00e9sil. Ces \u00e9v\u00e9nements, qui ont \u00e9branl\u00e9 les [&hellip;]<\/p>\n","protected":false},"author":2,"featured_media":10738,"comment_status":"open","ping_status":"open","sticky":false,"template":"","format":"standard","meta":{"footnotes":""},"categories":[20,6],"tags":[],"class_list":["post-10735","post","type-post","status-publish","format-standard","has-post-thumbnail","hentry","category-actualite","category-societe"],"yoast_head":"<!-- This site is optimized with the Yoast SEO plugin v28.4 - https:\/\/yoast.com\/product\/yoast-seo-wordpress\/ -->\n<title>BR\u00c9SIL : La famille Neymar impliqu\u00e9e dans un nouveau scandale! -<\/title>\n<meta name=\"robots\" content=\"index, follow, max-snippet:-1, max-image-preview:large, max-video-preview:-1\" \/>\n<link rel=\"canonical\" href=\"https:\/\/macite.tg\/?p=10735\" \/>\n<meta property=\"og:locale\" content=\"fr_FR\" \/>\n<meta property=\"og:type\" content=\"article\" \/>\n<meta property=\"og:title\" content=\"BR\u00c9SIL : La famille Neymar impliqu\u00e9e dans un nouveau scandale! -\" \/>\n<meta property=\"og:description\" content=\"La police f\u00e9d\u00e9rale br\u00e9silienne enqu\u00eate sur l&rsquo;implication possible de Rafaella Santos, la s\u0153ur de Neymar et de l&rsquo;ancien footballeur Rivaldo dans le financement de la tentative de coup d&rsquo;\u00c9tat du 8 janvier dernier \u00e0 Brasilia, la capitale du Br\u00e9sil. Ces \u00e9v\u00e9nements, qui ont \u00e9branl\u00e9 les [&hellip;]\" \/>\n<meta property=\"og:url\" content=\"https:\/\/macite.tg\/?p=10735\" \/>\n<meta property=\"article:published_time\" content=\"2023-11-29T12:51:08+00:00\" \/>\n<meta property=\"article:modified_time\" content=\"2023-11-29T12:54:27+00:00\" \/>\n<meta property=\"og:image\" content=\"https:\/\/macite.tg\/wp-content\/uploads\/2023\/11\/image-33.png\" \/>\n\t<meta property=\"og:image:width\" content=\"790\" \/>\n\t<meta property=\"og:image:height\" content=\"430\" \/>\n\t<meta property=\"og:image:type\" content=\"image\/png\" \/>\n<meta name=\"author\" content=\"Jean Pierre BAWELA\" \/>\n<meta name=\"twitter:card\" content=\"summary_large_image\" \/>\n<meta name=\"twitter:label1\" content=\"\u00c9crit par\" \/>\n\t<meta name=\"twitter:data1\" content=\"Jean Pierre BAWELA\" \/>\n\t<meta name=\"twitter:label2\" content=\"Dur\u00e9e de lecture estim\u00e9e\" \/>\n\t<meta name=\"twitter:data2\" content=\"1 minute\" \/>\n<script type=\"application\/ld+json\" class=\"yoast-schema-graph\">{\"@context\":\"https:\\\/\\\/schema.org\",\"@graph\":[{\"@type\":\"Article\",\"@id\":\"https:\\\/\\\/macite.tg\\\/?p=10735#article\",\"isPartOf\":{\"@id\":\"https:\\\/\\\/macite.tg\\\/?p=10735\"},\"author\":{\"name\":\"Jean Pierre BAWELA\",\"@id\":\"https:\\\/\\\/macite.tg\\\/#\\\/schema\\\/person\\\/e9f2de7e5dbbe7770a9402c7ce82f5c2\"},\"headline\":\"BR\u00c9SIL : La famille Neymar impliqu\u00e9e dans un nouveau scandale!\",\"datePublished\":\"2023-11-29T12:51:08+00:00\",\"dateModified\":\"2023-11-29T12:54:27+00:00\",\"mainEntityOfPage\":{\"@id\":\"https:\\\/\\\/macite.tg\\\/?p=10735\"},\"wordCount\":287,\"commentCount\":0,\"image\":{\"@id\":\"https:\\\/\\\/macite.tg\\\/?p=10735#primaryimage\"},\"thumbnailUrl\":\"https:\\\/\\\/macite.tg\\\/wp-content\\\/uploads\\\/2023\\\/11\\\/image-33.png\",\"articleSection\":[\"ACTUALITE\",\"SOCIETE\"],\"inLanguage\":\"fr-FR\",\"potentialAction\":[{\"@type\":\"CommentAction\",\"name\":\"Comment\",\"target\":[\"https:\\\/\\\/macite.tg\\\/?p=10735#respond\"]}]},{\"@type\":\"WebPage\",\"@id\":\"https:\\\/\\\/macite.tg\\\/?p=10735\",\"url\":\"https:\\\/\\\/macite.tg\\\/?p=10735\",\"name\":\"BR\u00c9SIL : La famille Neymar impliqu\u00e9e dans un nouveau scandale! -\",\"isPartOf\":{\"@id\":\"https:\\\/\\\/macite.tg\\\/#website\"},\"primaryImageOfPage\":{\"@id\":\"https:\\\/\\\/macite.tg\\\/?p=10735#primaryimage\"},\"image\":{\"@id\":\"https:\\\/\\\/macite.tg\\\/?p=10735#primaryimage\"},\"thumbnailUrl\":\"https:\\\/\\\/macite.tg\\\/wp-content\\\/uploads\\\/2023\\\/11\\\/image-33.png\",\"datePublished\":\"2023-11-29T12:51:08+00:00\",\"dateModified\":\"2023-11-29T12:54:27+00:00\",\"author\":{\"@id\":\"https:\\\/\\\/macite.tg\\\/#\\\/schema\\\/person\\\/e9f2de7e5dbbe7770a9402c7ce82f5c2\"},\"breadcrumb\":{\"@id\":\"https:\\\/\\\/macite.tg\\\/?p=10735#breadcrumb\"},\"inLanguage\":\"fr-FR\",\"potentialAction\":[{\"@type\":\"ReadAction\",\"target\":[\"https:\\\/\\\/macite.tg\\\/?p=10735\"]}]},{\"@type\":\"ImageObject\",\"inLanguage\":\"fr-FR\",\"@id\":\"https:\\\/\\\/macite.tg\\\/?p=10735#primaryimage\",\"url\":\"https:\\\/\\\/macite.tg\\\/wp-content\\\/uploads\\\/2023\\\/11\\\/image-33.png\",\"contentUrl\":\"https:\\\/\\\/macite.tg\\\/wp-content\\\/uploads\\\/2023\\\/11\\\/image-33.png\",\"width\":790,\"height\":430},{\"@type\":\"BreadcrumbList\",\"@id\":\"https:\\\/\\\/macite.tg\\\/?p=10735#breadcrumb\",\"itemListElement\":[{\"@type\":\"ListItem\",\"position\":1,\"name\":\"Accueil\",\"item\":\"https:\\\/\\\/macite.tg\\\/\"},{\"@type\":\"ListItem\",\"position\":2,\"name\":\"BR\u00c9SIL : La famille Neymar impliqu\u00e9e dans un nouveau scandale!\"}]},{\"@type\":\"WebSite\",\"@id\":\"https:\\\/\\\/macite.tg\\\/#website\",\"url\":\"https:\\\/\\\/macite.tg\\\/\",\"name\":\"\",\"description\":\"L&#039;information, la bonne!!!\",\"potentialAction\":[{\"@type\":\"SearchAction\",\"target\":{\"@type\":\"EntryPoint\",\"urlTemplate\":\"https:\\\/\\\/macite.tg\\\/?s={search_term_string}\"},\"query-input\":{\"@type\":\"PropertyValueSpecification\",\"valueRequired\":true,\"valueName\":\"search_term_string\"}}],\"inLanguage\":\"fr-FR\"},{\"@type\":\"Person\",\"@id\":\"https:\\\/\\\/macite.tg\\\/#\\\/schema\\\/person\\\/e9f2de7e5dbbe7770a9402c7ce82f5c2\",\"name\":\"Jean Pierre BAWELA\",\"image\":{\"@type\":\"ImageObject\",\"inLanguage\":\"fr-FR\",\"@id\":\"https:\\\/\\\/macite.tg\\\/wp-content\\\/uploads\\\/2023\\\/09\\\/WhatsApp-Image-2023-09-19-at-14.44.41-122x122.jpeg\",\"url\":\"https:\\\/\\\/macite.tg\\\/wp-content\\\/uploads\\\/2023\\\/09\\\/WhatsApp-Image-2023-09-19-at-14.44.41-122x122.jpeg\",\"contentUrl\":\"https:\\\/\\\/macite.tg\\\/wp-content\\\/uploads\\\/2023\\\/09\\\/WhatsApp-Image-2023-09-19-at-14.44.41-122x122.jpeg\",\"caption\":\"Jean Pierre BAWELA\"},\"url\":\"https:\\\/\\\/macite.tg\\\/?author=2\"}]}<\/script>\n<!-- \/ Yoast SEO plugin. -->","yoast_head_json":{"title":"BR\u00c9SIL : La famille Neymar impliqu\u00e9e dans un nouveau scandale! -","robots":{"index":"index","follow":"follow","max-snippet":"max-snippet:-1","max-image-preview":"max-image-preview:large","max-video-preview":"max-video-preview:-1"},"canonical":"https:\/\/macite.tg\/?p=10735","og_locale":"fr_FR","og_type":"article","og_title":"BR\u00c9SIL : La famille Neymar impliqu\u00e9e dans un nouveau scandale! -","og_description":"La police f\u00e9d\u00e9rale br\u00e9silienne enqu\u00eate sur l&rsquo;implication possible de Rafaella Santos, la s\u0153ur de Neymar et de l&rsquo;ancien footballeur Rivaldo dans le financement de la tentative de coup d&rsquo;\u00c9tat du 8 janvier dernier \u00e0 Brasilia, la capitale du Br\u00e9sil. Ces \u00e9v\u00e9nements, qui ont \u00e9branl\u00e9 les [&hellip;]","og_url":"https:\/\/macite.tg\/?p=10735","article_published_time":"2023-11-29T12:51:08+00:00","article_modified_time":"2023-11-29T12:54:27+00:00","og_image":[{"width":790,"height":430,"url":"https:\/\/macite.tg\/wp-content\/uploads\/2023\/11\/image-33.png","type":"image\/png"}],"author":"Jean Pierre BAWELA","twitter_card":"summary_large_image","twitter_misc":{"\u00c9crit par":"Jean Pierre BAWELA","Dur\u00e9e de lecture estim\u00e9e":"1 minute"},"schema":{"@context":"https:\/\/schema.org","@graph":[{"@type":"Article","@id":"https:\/\/macite.tg\/?p=10735#article","isPartOf":{"@id":"https:\/\/macite.tg\/?p=10735"},"author":{"name":"Jean Pierre BAWELA","@id":"https:\/\/macite.tg\/#\/schema\/person\/e9f2de7e5dbbe7770a9402c7ce82f5c2"},"headline":"BR\u00c9SIL : La famille Neymar impliqu\u00e9e dans un nouveau scandale!","datePublished":"2023-11-29T12:51:08+00:00","dateModified":"2023-11-29T12:54:27+00:00","mainEntityOfPage":{"@id":"https:\/\/macite.tg\/?p=10735"},"wordCount":287,"commentCount":0,"image":{"@id":"https:\/\/macite.tg\/?p=10735#primaryimage"},"thumbnailUrl":"https:\/\/macite.tg\/wp-content\/uploads\/2023\/11\/image-33.png","articleSection":["ACTUALITE","SOCIETE"],"inLanguage":"fr-FR","potentialAction":[{"@type":"CommentAction","name":"Comment","target":["https:\/\/macite.tg\/?p=10735#respond"]}]},{"@type":"WebPage","@id":"https:\/\/macite.tg\/?p=10735","url":"https:\/\/macite.tg\/?p=10735","name":"BR\u00c9SIL : La famille Neymar impliqu\u00e9e dans un nouveau scandale! -","isPartOf":{"@id":"https:\/\/macite.tg\/#website"},"primaryImageOfPage":{"@id":"https:\/\/macite.tg\/?p=10735#primaryimage"},"image":{"@id":"https:\/\/macite.tg\/?p=10735#primaryimage"},"thumbnailUrl":"https:\/\/macite.tg\/wp-content\/uploads\/2023\/11\/image-33.png","datePublished":"2023-11-29T12:51:08+00:00","dateModified":"2023-11-29T12:54:27+00:00","author":{"@id":"https:\/\/macite.tg\/#\/schema\/person\/e9f2de7e5dbbe7770a9402c7ce82f5c2"},"breadcrumb":{"@id":"https:\/\/macite.tg\/?p=10735#breadcrumb"},"inLanguage":"fr-FR","potentialAction":[{"@type":"ReadAction","target":["https:\/\/macite.tg\/?p=10735"]}]},{"@type":"ImageObject","inLanguage":"fr-FR","@id":"https:\/\/macite.tg\/?p=10735#primaryimage","url":"https:\/\/macite.tg\/wp-content\/uploads\/2023\/11\/image-33.png","contentUrl":"https:\/\/macite.tg\/wp-content\/uploads\/2023\/11\/image-33.png","width":790,"height":430},{"@type":"BreadcrumbList","@id":"https:\/\/macite.tg\/?p=10735#breadcrumb","itemListElement":[{"@type":"ListItem","position":1,"name":"Accueil","item":"https:\/\/macite.tg\/"},{"@type":"ListItem","position":2,"name":"BR\u00c9SIL : La famille Neymar impliqu\u00e9e dans un nouveau scandale!"}]},{"@type":"WebSite","@id":"https:\/\/macite.tg\/#website","url":"https:\/\/macite.tg\/","name":"","description":"L&#039;information, la bonne!!!","potentialAction":[{"@type":"SearchAction","target":{"@type":"EntryPoint","urlTemplate":"https:\/\/macite.tg\/?s={search_term_string}"},"query-input":{"@type":"PropertyValueSpecification","valueRequired":true,"valueName":"search_term_string"}}],"inLanguage":"fr-FR"},{"@type":"Person","@id":"https:\/\/macite.tg\/#\/schema\/person\/e9f2de7e5dbbe7770a9402c7ce82f5c2","name":"Jean Pierre BAWELA","image":{"@type":"ImageObject","inLanguage":"fr-FR","@id":"https:\/\/macite.tg\/wp-content\/uploads\/2023\/09\/WhatsApp-Image-2023-09-19-at-14.44.41-122x122.jpeg","url":"https:\/\/macite.tg\/wp-content\/uploads\/2023\/09\/WhatsApp-Image-2023-09-19-at-14.44.41-122x122.jpeg","contentUrl":"https:\/\/macite.tg\/wp-content\/uploads\/2023\/09\/WhatsApp-Image-2023-09-19-at-14.44.41-122x122.jpeg","caption":"Jean Pierre BAWELA"},"url":"https:\/\/macite.tg\/?author=2"}]}},"_links":{"self":[{"href":"https:\/\/macite.tg\/index.php?rest_route=\/wp\/v2\/posts\/10735","targetHints":{"allow":["GET"]}}],"collection":[{"href":"https:\/\/macite.tg\/index.php?rest_route=\/wp\/v2\/posts"}],"about":[{"href":"https:\/\/macite.tg\/index.php?rest_route=\/wp\/v2\/types\/post"}],"author":[{"embeddable":true,"href":"https:\/\/macite.tg\/index.php?rest_route=\/wp\/v2\/users\/2"}],"replies":[{"embeddable":true,"href":"https:\/\/macite.tg\/index.php?rest_route=%2Fwp%2Fv2%2Fcomments&post=10735"}],"version-history":[{"count":0,"href":"https:\/\/macite.tg\/index.php?rest_route=\/wp\/v2\/posts\/10735\/revisions"}],"wp:featuredmedia":[{"embeddable":true,"href":"https:\/\/macite.tg\/index.php?rest_route=\/wp\/v2\/media\/10738"}],"wp:attachment":[{"href":"https:\/\/macite.tg\/index.php?rest_route=%2Fwp%2Fv2%2Fmedia&parent=10735"}],"wp:term":[{"taxonomy":"category","embeddable":true,"href":"https:\/\/macite.tg\/index.php?rest_route=%2Fwp%2Fv2%2Fcategories&post=10735"},{"taxonomy":"post_tag","embeddable":true,"href":"https:\/\/macite.tg\/index.php?rest_route=%2Fwp%2Fv2%2Ftags&post=10735"}],"curies":[{"name":"wp","href":"https:\/\/api.w.org\/{rel}","templated":true}]}}