{"id":10732,"date":"2023-11-29T12:35:27","date_gmt":"2023-11-29T12:35:27","guid":{"rendered":"https:\/\/macite.tg\/?p=10732"},"modified":"2023-11-29T12:45:24","modified_gmt":"2023-11-29T12:45:24","slug":"senegal-la-france-reagit-apres-larrestation-de-coline-faye","status":"publish","type":"post","link":"https:\/\/macite.tg\/?p=10732","title":{"rendered":"S\u00c9N\u00c9GAL\u00a0: La France r\u00e9agit apr\u00e8s l\u2019arrestation de Coline Faye"},"content":{"rendered":"\n<p class=\"wp-block-paragraph\"><strong><em>Le 17 octobre dernier, lors du verdict de l\u2019affaire entre Ousmane Sonko et l\u2019Etat du S\u00e9n\u00e9gal, Coline Faye, une Fran\u00e7aise, militante de Sonko, a \u00e9t\u00e9 arr\u00eat\u00e9e devant la Cour Supr\u00eame.<\/em><\/strong><\/p>\n\n\n\n<p class=\"wp-block-paragraph\">Coline Faye, ressortissante fran\u00e7aise de 26 ans r\u00e9sident \u00e0 Dakar, arr\u00eat\u00e9e le 17 novembre dernier, devant la Cour Supr\u00eame, lors du verdict dans l&rsquo;affaire Ousmane Sonko et l&rsquo;\u00c9tat s\u00e9n\u00e9galais, a \u00e9t\u00e9 accus\u00e9e d\u2019actes de nature \u00e0 compromettre la s\u00e9curit\u00e9 publique, complot contre l\u2019autorit\u00e9 de l\u2019\u00c9tat et s\u00e9jour irr\u00e9gulier au S\u00e9n\u00e9gal.<\/p>\n\n\n<div class=\"wp-block-image\">\n<figure class=\"aligncenter size-large is-resized\"><img loading=\"lazy\" decoding=\"async\" src=\"https:\/\/macite.tg\/wp-content\/uploads\/2023\/11\/WhatsApp-Image-2023-10-09-at-17.28.15-1-1024x1024.jpeg\" alt=\"\" class=\"wp-image-10647\" width=\"479\" height=\"479\" srcset=\"https:\/\/macite.tg\/wp-content\/uploads\/2023\/11\/WhatsApp-Image-2023-10-09-at-17.28.15-1-1024x1024.jpeg 1024w, https:\/\/macite.tg\/wp-content\/uploads\/2023\/11\/WhatsApp-Image-2023-10-09-at-17.28.15-1-300x300.jpeg 300w, https:\/\/macite.tg\/wp-content\/uploads\/2023\/11\/WhatsApp-Image-2023-10-09-at-17.28.15-1-150x150.jpeg 150w, https:\/\/macite.tg\/wp-content\/uploads\/2023\/11\/WhatsApp-Image-2023-10-09-at-17.28.15-1-768x768.jpeg 768w, https:\/\/macite.tg\/wp-content\/uploads\/2023\/11\/WhatsApp-Image-2023-10-09-at-17.28.15-1-122x122.jpeg 122w, https:\/\/macite.tg\/wp-content\/uploads\/2023\/11\/WhatsApp-Image-2023-10-09-at-17.28.15-1.jpeg 1280w\" sizes=\"auto, (max-width: 479px) 100vw, 479px\" \/><\/figure>\n<\/div>\n\n\n<p class=\"wp-block-paragraph\">Sur les r\u00e9seaux sociaux, plusieurs personnes s\u2019\u00e9taient indign\u00e9es que la France n\u2019ait pas r\u00e9agi \u00e0 cette arrestation, dont l\u2019avocat fran\u00e7ais Juan Branco. C\u2019est d\u00e9sormais chose faite. Le minist\u00e8re fran\u00e7ais de l\u2019Europe et des Affaires \u00e9trang\u00e8res d\u00e9clare suivre cette affaire de tr\u00e8s pr\u00e8s.<\/p>\n\n\n\n<p class=\"wp-block-paragraph\"><em>\u00ab Les services du minist\u00e8re de l\u2019Europe et des affaires \u00e9trang\u00e8res, \u00e0 Dakar et \u00e0 Paris, suivent avec attention la situation de Mme Coline Faye, en lien avec sa famille. Comme tous les ressortissants fran\u00e7ais arr\u00eat\u00e9s \u00e0 l\u2019\u00e9tranger qui en font la demande, elle b\u00e9n\u00e9ficie de la protection consulaire. <\/em><\/p>\n\n\n<div class=\"wp-block-image\">\n<figure class=\"aligncenter size-large is-resized\"><img loading=\"lazy\" decoding=\"async\" src=\"https:\/\/macite.tg\/wp-content\/uploads\/2023\/11\/ANNONCES-1-1024x426.jpg\" alt=\"\" class=\"wp-image-10689\" width=\"637\" height=\"265\" srcset=\"https:\/\/macite.tg\/wp-content\/uploads\/2023\/11\/ANNONCES-1-1024x426.jpg 1024w, https:\/\/macite.tg\/wp-content\/uploads\/2023\/11\/ANNONCES-1-300x125.jpg 300w, https:\/\/macite.tg\/wp-content\/uploads\/2023\/11\/ANNONCES-1-768x319.jpg 768w, https:\/\/macite.tg\/wp-content\/uploads\/2023\/11\/ANNONCES-1.jpg 1080w\" sizes=\"auto, (max-width: 637px) 100vw, 637px\" \/><\/figure>\n<\/div>\n\n\n<p class=\"wp-block-paragraph\"><em>\u00c0 ce titre, une visite consulaire lui a \u00e9t\u00e9 rendue r\u00e9cemment, afin de s\u2019assurer de ses conditions de d\u00e9tention, de son \u00e9tat de sant\u00e9 et du respect de ses droits \u00e0 la d\u00e9fense \u00bb<\/em>, a indiqu\u00e9 le Quai d\u2019Orsay repris par Lib\u00e9ration.<\/p>\n\n\n\n<p class=\"wp-block-paragraph\">Coline Faye arriv\u00e9e \u00e0 Dakar depuis un an, animait un groupe au nom de la Jeunesse patriotiques du S\u00e9n\u00e9gal (Jps) avec quelques 500 membres. <\/p>\n\n\n\n<p class=\"wp-block-paragraph\">En plus des incriminations de base, le parquet a vis\u00e9 le d\u00e9lit de <em>\u00abs\u00e9jour irr\u00e9gulier\u00bb<\/em> au S\u00e9n\u00e9gal, les enqu\u00eateurs lui reprochent des messages partag\u00e9s dans ce groupe, notamment de demander aux membres de descendre sur le terrain le jour du 17 novembre et des prises photographiques faites devant la Cour supr\u00eame.<\/p>\n\n\n\n<p class=\"wp-block-paragraph\"><strong>SeneNews<\/strong><\/p>\n\n\n\n<p class=\"wp-block-paragraph\"><strong><em>@macite.tg&nbsp;&nbsp;&nbsp;&nbsp;&nbsp;&nbsp;&nbsp;&nbsp;<\/em><\/strong><\/p>\n\n\n\n<p class=\"wp-block-paragraph\"><strong><em>E-mail&nbsp;: <\/em><\/strong><a href=\"mailto:maciteinfo@gmail.com\"><strong><em>maciteinfo@gmail.com<\/em><\/strong><\/a><strong><em>; <\/em><\/strong><a href=\"mailto:bawela1@gmail.com\"><strong><em>bawela1@gmail.com<\/em><\/strong><\/a><strong><em><\/em><\/strong><\/p>\n\n\n\n<p class=\"wp-block-paragraph\"><strong><em>Pour vos annonces, (publi)reportages, etc., joignez-nous au (00228)91515309\/<strong>79872224 <\/strong>www.macite.tg, L\u2019information, la bonne&nbsp;!<\/em><\/strong><\/p>\n","protected":false},"excerpt":{"rendered":"<p class=\"text-justify mb-2\" >Le 17 octobre dernier, lors du verdict de l\u2019affaire entre Ousmane Sonko et l\u2019Etat du S\u00e9n\u00e9gal, Coline Faye, une Fran\u00e7aise, militante de Sonko, a \u00e9t\u00e9 arr\u00eat\u00e9e devant la Cour Supr\u00eame. Coline Faye, ressortissante fran\u00e7aise de 26 ans r\u00e9sident \u00e0 Dakar, arr\u00eat\u00e9e le 17 novembre dernier, [&hellip;]<\/p>\n","protected":false},"author":2,"featured_media":10733,"comment_status":"open","ping_status":"open","sticky":false,"template":"","format":"standard","meta":{"footnotes":""},"categories":[20,26],"tags":[],"class_list":["post-10732","post","type-post","status-publish","format-standard","has-post-thumbnail","hentry","category-actualite","category-justice"],"yoast_head":"<!-- This site is optimized with the Yoast SEO plugin v28.4 - https:\/\/yoast.com\/product\/yoast-seo-wordpress\/ -->\n<title>S\u00c9N\u00c9GAL\u00a0: La France r\u00e9agit apr\u00e8s l\u2019arrestation de Coline Faye -<\/title>\n<meta name=\"robots\" content=\"index, follow, max-snippet:-1, max-image-preview:large, max-video-preview:-1\" \/>\n<link rel=\"canonical\" href=\"https:\/\/macite.tg\/?p=10732\" \/>\n<meta property=\"og:locale\" content=\"fr_FR\" \/>\n<meta property=\"og:type\" content=\"article\" \/>\n<meta property=\"og:title\" content=\"S\u00c9N\u00c9GAL\u00a0: La France r\u00e9agit apr\u00e8s l\u2019arrestation de Coline Faye -\" \/>\n<meta property=\"og:description\" content=\"Le 17 octobre dernier, lors du verdict de l\u2019affaire entre Ousmane Sonko et l\u2019Etat du S\u00e9n\u00e9gal, Coline Faye, une Fran\u00e7aise, militante de Sonko, a \u00e9t\u00e9 arr\u00eat\u00e9e devant la Cour Supr\u00eame. Coline Faye, ressortissante fran\u00e7aise de 26 ans r\u00e9sident \u00e0 Dakar, arr\u00eat\u00e9e le 17 novembre dernier, [&hellip;]\" \/>\n<meta property=\"og:url\" content=\"https:\/\/macite.tg\/?p=10732\" \/>\n<meta property=\"article:published_time\" content=\"2023-11-29T12:35:27+00:00\" \/>\n<meta property=\"article:modified_time\" content=\"2023-11-29T12:45:24+00:00\" \/>\n<meta property=\"og:image\" content=\"https:\/\/macite.tg\/wp-content\/uploads\/2023\/11\/image-32.png\" \/>\n\t<meta property=\"og:image:width\" content=\"696\" \/>\n\t<meta property=\"og:image:height\" content=\"392\" \/>\n\t<meta property=\"og:image:type\" content=\"image\/png\" \/>\n<meta name=\"author\" content=\"Jean Pierre BAWELA\" \/>\n<meta name=\"twitter:card\" content=\"summary_large_image\" \/>\n<meta name=\"twitter:label1\" content=\"\u00c9crit par\" \/>\n\t<meta name=\"twitter:data1\" content=\"Jean Pierre BAWELA\" \/>\n\t<meta name=\"twitter:label2\" content=\"Dur\u00e9e de lecture estim\u00e9e\" \/>\n\t<meta name=\"twitter:data2\" content=\"2 minutes\" \/>\n<script type=\"application\/ld+json\" class=\"yoast-schema-graph\">{\"@context\":\"https:\\\/\\\/schema.org\",\"@graph\":[{\"@type\":\"Article\",\"@id\":\"https:\\\/\\\/macite.tg\\\/?p=10732#article\",\"isPartOf\":{\"@id\":\"https:\\\/\\\/macite.tg\\\/?p=10732\"},\"author\":{\"name\":\"Jean Pierre BAWELA\",\"@id\":\"https:\\\/\\\/macite.tg\\\/#\\\/schema\\\/person\\\/e9f2de7e5dbbe7770a9402c7ce82f5c2\"},\"headline\":\"S\u00c9N\u00c9GAL\u00a0: La France r\u00e9agit apr\u00e8s l\u2019arrestation de Coline Faye\",\"datePublished\":\"2023-11-29T12:35:27+00:00\",\"dateModified\":\"2023-11-29T12:45:24+00:00\",\"mainEntityOfPage\":{\"@id\":\"https:\\\/\\\/macite.tg\\\/?p=10732\"},\"wordCount\":389,\"commentCount\":0,\"image\":{\"@id\":\"https:\\\/\\\/macite.tg\\\/?p=10732#primaryimage\"},\"thumbnailUrl\":\"https:\\\/\\\/macite.tg\\\/wp-content\\\/uploads\\\/2023\\\/11\\\/image-32.png\",\"articleSection\":[\"ACTUALITE\",\"JUSTICE\"],\"inLanguage\":\"fr-FR\",\"potentialAction\":[{\"@type\":\"CommentAction\",\"name\":\"Comment\",\"target\":[\"https:\\\/\\\/macite.tg\\\/?p=10732#respond\"]}]},{\"@type\":\"WebPage\",\"@id\":\"https:\\\/\\\/macite.tg\\\/?p=10732\",\"url\":\"https:\\\/\\\/macite.tg\\\/?p=10732\",\"name\":\"S\u00c9N\u00c9GAL\u00a0: La France r\u00e9agit apr\u00e8s l\u2019arrestation de Coline Faye -\",\"isPartOf\":{\"@id\":\"https:\\\/\\\/macite.tg\\\/#website\"},\"primaryImageOfPage\":{\"@id\":\"https:\\\/\\\/macite.tg\\\/?p=10732#primaryimage\"},\"image\":{\"@id\":\"https:\\\/\\\/macite.tg\\\/?p=10732#primaryimage\"},\"thumbnailUrl\":\"https:\\\/\\\/macite.tg\\\/wp-content\\\/uploads\\\/2023\\\/11\\\/image-32.png\",\"datePublished\":\"2023-11-29T12:35:27+00:00\",\"dateModified\":\"2023-11-29T12:45:24+00:00\",\"author\":{\"@id\":\"https:\\\/\\\/macite.tg\\\/#\\\/schema\\\/person\\\/e9f2de7e5dbbe7770a9402c7ce82f5c2\"},\"breadcrumb\":{\"@id\":\"https:\\\/\\\/macite.tg\\\/?p=10732#breadcrumb\"},\"inLanguage\":\"fr-FR\",\"potentialAction\":[{\"@type\":\"ReadAction\",\"target\":[\"https:\\\/\\\/macite.tg\\\/?p=10732\"]}]},{\"@type\":\"ImageObject\",\"inLanguage\":\"fr-FR\",\"@id\":\"https:\\\/\\\/macite.tg\\\/?p=10732#primaryimage\",\"url\":\"https:\\\/\\\/macite.tg\\\/wp-content\\\/uploads\\\/2023\\\/11\\\/image-32.png\",\"contentUrl\":\"https:\\\/\\\/macite.tg\\\/wp-content\\\/uploads\\\/2023\\\/11\\\/image-32.png\",\"width\":696,\"height\":392},{\"@type\":\"BreadcrumbList\",\"@id\":\"https:\\\/\\\/macite.tg\\\/?p=10732#breadcrumb\",\"itemListElement\":[{\"@type\":\"ListItem\",\"position\":1,\"name\":\"Accueil\",\"item\":\"https:\\\/\\\/macite.tg\\\/\"},{\"@type\":\"ListItem\",\"position\":2,\"name\":\"S\u00c9N\u00c9GAL\u00a0: La France r\u00e9agit apr\u00e8s l\u2019arrestation de Coline Faye\"}]},{\"@type\":\"WebSite\",\"@id\":\"https:\\\/\\\/macite.tg\\\/#website\",\"url\":\"https:\\\/\\\/macite.tg\\\/\",\"name\":\"\",\"description\":\"L&#039;information, la bonne!!!\",\"potentialAction\":[{\"@type\":\"SearchAction\",\"target\":{\"@type\":\"EntryPoint\",\"urlTemplate\":\"https:\\\/\\\/macite.tg\\\/?s={search_term_string}\"},\"query-input\":{\"@type\":\"PropertyValueSpecification\",\"valueRequired\":true,\"valueName\":\"search_term_string\"}}],\"inLanguage\":\"fr-FR\"},{\"@type\":\"Person\",\"@id\":\"https:\\\/\\\/macite.tg\\\/#\\\/schema\\\/person\\\/e9f2de7e5dbbe7770a9402c7ce82f5c2\",\"name\":\"Jean Pierre BAWELA\",\"image\":{\"@type\":\"ImageObject\",\"inLanguage\":\"fr-FR\",\"@id\":\"https:\\\/\\\/macite.tg\\\/wp-content\\\/uploads\\\/2023\\\/09\\\/WhatsApp-Image-2023-09-19-at-14.44.41-122x122.jpeg\",\"url\":\"https:\\\/\\\/macite.tg\\\/wp-content\\\/uploads\\\/2023\\\/09\\\/WhatsApp-Image-2023-09-19-at-14.44.41-122x122.jpeg\",\"contentUrl\":\"https:\\\/\\\/macite.tg\\\/wp-content\\\/uploads\\\/2023\\\/09\\\/WhatsApp-Image-2023-09-19-at-14.44.41-122x122.jpeg\",\"caption\":\"Jean Pierre BAWELA\"},\"url\":\"https:\\\/\\\/macite.tg\\\/?author=2\"}]}<\/script>\n<!-- \/ Yoast SEO plugin. -->","yoast_head_json":{"title":"S\u00c9N\u00c9GAL\u00a0: La France r\u00e9agit apr\u00e8s l\u2019arrestation de Coline Faye -","robots":{"index":"index","follow":"follow","max-snippet":"max-snippet:-1","max-image-preview":"max-image-preview:large","max-video-preview":"max-video-preview:-1"},"canonical":"https:\/\/macite.tg\/?p=10732","og_locale":"fr_FR","og_type":"article","og_title":"S\u00c9N\u00c9GAL\u00a0: La France r\u00e9agit apr\u00e8s l\u2019arrestation de Coline Faye -","og_description":"Le 17 octobre dernier, lors du verdict de l\u2019affaire entre Ousmane Sonko et l\u2019Etat du S\u00e9n\u00e9gal, Coline Faye, une Fran\u00e7aise, militante de Sonko, a \u00e9t\u00e9 arr\u00eat\u00e9e devant la Cour Supr\u00eame. Coline Faye, ressortissante fran\u00e7aise de 26 ans r\u00e9sident \u00e0 Dakar, arr\u00eat\u00e9e le 17 novembre dernier, [&hellip;]","og_url":"https:\/\/macite.tg\/?p=10732","article_published_time":"2023-11-29T12:35:27+00:00","article_modified_time":"2023-11-29T12:45:24+00:00","og_image":[{"width":696,"height":392,"url":"https:\/\/macite.tg\/wp-content\/uploads\/2023\/11\/image-32.png","type":"image\/png"}],"author":"Jean Pierre BAWELA","twitter_card":"summary_large_image","twitter_misc":{"\u00c9crit par":"Jean Pierre BAWELA","Dur\u00e9e de lecture estim\u00e9e":"2 minutes"},"schema":{"@context":"https:\/\/schema.org","@graph":[{"@type":"Article","@id":"https:\/\/macite.tg\/?p=10732#article","isPartOf":{"@id":"https:\/\/macite.tg\/?p=10732"},"author":{"name":"Jean Pierre BAWELA","@id":"https:\/\/macite.tg\/#\/schema\/person\/e9f2de7e5dbbe7770a9402c7ce82f5c2"},"headline":"S\u00c9N\u00c9GAL\u00a0: La France r\u00e9agit apr\u00e8s l\u2019arrestation de Coline Faye","datePublished":"2023-11-29T12:35:27+00:00","dateModified":"2023-11-29T12:45:24+00:00","mainEntityOfPage":{"@id":"https:\/\/macite.tg\/?p=10732"},"wordCount":389,"commentCount":0,"image":{"@id":"https:\/\/macite.tg\/?p=10732#primaryimage"},"thumbnailUrl":"https:\/\/macite.tg\/wp-content\/uploads\/2023\/11\/image-32.png","articleSection":["ACTUALITE","JUSTICE"],"inLanguage":"fr-FR","potentialAction":[{"@type":"CommentAction","name":"Comment","target":["https:\/\/macite.tg\/?p=10732#respond"]}]},{"@type":"WebPage","@id":"https:\/\/macite.tg\/?p=10732","url":"https:\/\/macite.tg\/?p=10732","name":"S\u00c9N\u00c9GAL\u00a0: La France r\u00e9agit apr\u00e8s l\u2019arrestation de Coline Faye -","isPartOf":{"@id":"https:\/\/macite.tg\/#website"},"primaryImageOfPage":{"@id":"https:\/\/macite.tg\/?p=10732#primaryimage"},"image":{"@id":"https:\/\/macite.tg\/?p=10732#primaryimage"},"thumbnailUrl":"https:\/\/macite.tg\/wp-content\/uploads\/2023\/11\/image-32.png","datePublished":"2023-11-29T12:35:27+00:00","dateModified":"2023-11-29T12:45:24+00:00","author":{"@id":"https:\/\/macite.tg\/#\/schema\/person\/e9f2de7e5dbbe7770a9402c7ce82f5c2"},"breadcrumb":{"@id":"https:\/\/macite.tg\/?p=10732#breadcrumb"},"inLanguage":"fr-FR","potentialAction":[{"@type":"ReadAction","target":["https:\/\/macite.tg\/?p=10732"]}]},{"@type":"ImageObject","inLanguage":"fr-FR","@id":"https:\/\/macite.tg\/?p=10732#primaryimage","url":"https:\/\/macite.tg\/wp-content\/uploads\/2023\/11\/image-32.png","contentUrl":"https:\/\/macite.tg\/wp-content\/uploads\/2023\/11\/image-32.png","width":696,"height":392},{"@type":"BreadcrumbList","@id":"https:\/\/macite.tg\/?p=10732#breadcrumb","itemListElement":[{"@type":"ListItem","position":1,"name":"Accueil","item":"https:\/\/macite.tg\/"},{"@type":"ListItem","position":2,"name":"S\u00c9N\u00c9GAL\u00a0: La France r\u00e9agit apr\u00e8s l\u2019arrestation de Coline Faye"}]},{"@type":"WebSite","@id":"https:\/\/macite.tg\/#website","url":"https:\/\/macite.tg\/","name":"","description":"L&#039;information, la bonne!!!","potentialAction":[{"@type":"SearchAction","target":{"@type":"EntryPoint","urlTemplate":"https:\/\/macite.tg\/?s={search_term_string}"},"query-input":{"@type":"PropertyValueSpecification","valueRequired":true,"valueName":"search_term_string"}}],"inLanguage":"fr-FR"},{"@type":"Person","@id":"https:\/\/macite.tg\/#\/schema\/person\/e9f2de7e5dbbe7770a9402c7ce82f5c2","name":"Jean Pierre BAWELA","image":{"@type":"ImageObject","inLanguage":"fr-FR","@id":"https:\/\/macite.tg\/wp-content\/uploads\/2023\/09\/WhatsApp-Image-2023-09-19-at-14.44.41-122x122.jpeg","url":"https:\/\/macite.tg\/wp-content\/uploads\/2023\/09\/WhatsApp-Image-2023-09-19-at-14.44.41-122x122.jpeg","contentUrl":"https:\/\/macite.tg\/wp-content\/uploads\/2023\/09\/WhatsApp-Image-2023-09-19-at-14.44.41-122x122.jpeg","caption":"Jean Pierre BAWELA"},"url":"https:\/\/macite.tg\/?author=2"}]}},"_links":{"self":[{"href":"https:\/\/macite.tg\/index.php?rest_route=\/wp\/v2\/posts\/10732","targetHints":{"allow":["GET"]}}],"collection":[{"href":"https:\/\/macite.tg\/index.php?rest_route=\/wp\/v2\/posts"}],"about":[{"href":"https:\/\/macite.tg\/index.php?rest_route=\/wp\/v2\/types\/post"}],"author":[{"embeddable":true,"href":"https:\/\/macite.tg\/index.php?rest_route=\/wp\/v2\/users\/2"}],"replies":[{"embeddable":true,"href":"https:\/\/macite.tg\/index.php?rest_route=%2Fwp%2Fv2%2Fcomments&post=10732"}],"version-history":[{"count":0,"href":"https:\/\/macite.tg\/index.php?rest_route=\/wp\/v2\/posts\/10732\/revisions"}],"wp:featuredmedia":[{"embeddable":true,"href":"https:\/\/macite.tg\/index.php?rest_route=\/wp\/v2\/media\/10733"}],"wp:attachment":[{"href":"https:\/\/macite.tg\/index.php?rest_route=%2Fwp%2Fv2%2Fmedia&parent=10732"}],"wp:term":[{"taxonomy":"category","embeddable":true,"href":"https:\/\/macite.tg\/index.php?rest_route=%2Fwp%2Fv2%2Fcategories&post=10732"},{"taxonomy":"post_tag","embeddable":true,"href":"https:\/\/macite.tg\/index.php?rest_route=%2Fwp%2Fv2%2Ftags&post=10732"}],"curies":[{"name":"wp","href":"https:\/\/api.w.org\/{rel}","templated":true}]}}