{"id":10728,"date":"2023-11-29T12:04:51","date_gmt":"2023-11-29T12:04:51","guid":{"rendered":"https:\/\/macite.tg\/?p=10728"},"modified":"2023-11-29T12:04:53","modified_gmt":"2023-11-29T12:04:53","slug":"cop-28-a-dubai-les-priorites-nationales-seront-relayees-via-un-bureau-et-un-pavillon","status":"publish","type":"post","link":"https:\/\/macite.tg\/?p=10728","title":{"rendered":"COP 28\u00a0A DUBA\u00cf : Les priorit\u00e9s nationales seront relay\u00e9es via un Bureau et un pavillon"},"content":{"rendered":"\n<p class=\"wp-block-paragraph\"><\/p>\n\n\n\n<p class=\"wp-block-paragraph\"><strong><em>Le Togo va participer, d\u00e8s demain 30 novembre, \u00e0 la 28\u00e8me session de la Conf\u00e9rence des parties \u00e0 la convention-cadre des Nations unies sur les changements climatiques (Cop28) \u00e0 Duba\u00ef, aux \u00c9mirats Arabes Unis. Selon le Gouvernement, le Togo y a am\u00e9nag\u00e9, un bureau et un pavillon destin\u00e9 \u00e0 offrir de la visibilit\u00e9 aux priorit\u00e9s nationales en mati\u00e8re de lutte contre les changements climatiques.<\/em><\/strong><\/p>\n\n\n\n<p class=\"wp-block-paragraph\">Ces priorit\u00e9s regroupent, d\u2019une part, la th\u00e9matique de l\u2019agriculture durable, avec des projets et initiatives de pratiques agro-\u00e9cologiques, un accent sur la ma\u00eetrise de l\u2019eau et, d\u2019autre part, la construction d\u2019une \u00e9conomie r\u00e9siliente aux changements climatiques et \u00e0 faible \u00e9mission de carbone, qui inclut les projets et initiatives de transition \u00e9nerg\u00e9tique, de mobilit\u00e9 verte, de foresterie et biodiversit\u00e9, de sant\u00e9, de l\u2019assainissement et des d\u00e9chets.<\/p>\n\n\n<div class=\"wp-block-image\">\n<figure class=\"aligncenter size-large is-resized\"><img loading=\"lazy\" decoding=\"async\" src=\"https:\/\/macite.tg\/wp-content\/uploads\/2023\/11\/WhatsApp-Image-2023-10-09-at-17.28.15-1-1024x1024.jpeg\" alt=\"\" class=\"wp-image-10647\" width=\"489\" height=\"489\" srcset=\"https:\/\/macite.tg\/wp-content\/uploads\/2023\/11\/WhatsApp-Image-2023-10-09-at-17.28.15-1-1024x1024.jpeg 1024w, https:\/\/macite.tg\/wp-content\/uploads\/2023\/11\/WhatsApp-Image-2023-10-09-at-17.28.15-1-300x300.jpeg 300w, https:\/\/macite.tg\/wp-content\/uploads\/2023\/11\/WhatsApp-Image-2023-10-09-at-17.28.15-1-150x150.jpeg 150w, https:\/\/macite.tg\/wp-content\/uploads\/2023\/11\/WhatsApp-Image-2023-10-09-at-17.28.15-1-768x768.jpeg 768w, https:\/\/macite.tg\/wp-content\/uploads\/2023\/11\/WhatsApp-Image-2023-10-09-at-17.28.15-1-122x122.jpeg 122w, https:\/\/macite.tg\/wp-content\/uploads\/2023\/11\/WhatsApp-Image-2023-10-09-at-17.28.15-1.jpeg 1280w\" sizes=\"auto, (max-width: 489px) 100vw, 489px\" \/><\/figure>\n<\/div>\n\n\n<p class=\"wp-block-paragraph\">Il faut dire que le Togo a s\u00e9rieusement pr\u00e9par\u00e9 cette Cop. La derni\u00e8re rencontre s\u2019est tenue \u00e0 Lom\u00e9 et a permis d\u2019examiner et d\u2019adopter les projets de textes de n\u00e9gociation sur divers \u00e9l\u00e9ments propos\u00e9s \u00e0 la Cop27 de Charm el-Cheikh en Egypte, de faire l\u2019\u00e9tat des lieux de la participation du Togo aux n\u00e9gociations sur le climat, de pr\u00e9senter les initiatives sectorielles d\u2019att\u00e9nuation et d\u2019adaptation, afin d\u2019adopter une vision commune sur la position du Togo sur les questions de n\u00e9gociations.<\/p>\n\n\n\n<p class=\"wp-block-paragraph\">Les recommandations sont celles de rendre op\u00e9rationnel la commission nationale du changement climatique\u00a0; de cr\u00e9er un groupe permanent d\u2019experts interminist\u00e9riels\u00a0de n\u00e9gociateurs\u00a0; de mobiliser les moyens techniques et financiers pour faciliter la participation des sectoriels \u00e0 la Cop28\u00a0; d\u2019organiser une s\u00e9ance de formation \u00e0 l\u2019intention des n\u00e9gociateurs avant les Cop\u00a0et de cr\u00e9er un dialogue avec les chefs d\u2019entreprise et les impliquer dans la lutte contre les changements climatiques.<\/p>\n\n\n\n<p class=\"wp-block-paragraph\">Pour le Gouvernement, il n\u2019y a plus doute qu\u2019il est certain que le changement climatique n\u2019\u00e9pargne aucune partie du globe. Malgr\u00e9 la multiplication des r\u00e9unions consacr\u00e9es \u00e0 la th\u00e9matique, ses cons\u00e9quences ne cessent de se multiplier \u00e0 un rythme acc\u00e9l\u00e9r\u00e9. Les pays vuln\u00e9rables surtout ceux en d\u00e9veloppement et les petits \u00e9tats insulaires sont les plus menac\u00e9s. En ce qui concerne le continent africain, les secteurs socio\u00e9conomiques subissent les impacts de ces changements qui constituent une menace pour la productivit\u00e9 agricole, entra\u00eenant une ins\u00e9curit\u00e9 alimentaire et nutritionnelle.<\/p>\n\n\n<div class=\"wp-block-image\">\n<figure class=\"aligncenter size-large is-resized\"><img loading=\"lazy\" decoding=\"async\" src=\"https:\/\/macite.tg\/wp-content\/uploads\/2023\/11\/IMG-20230731-WA0145-1-1024x1024.jpg\" alt=\"\" class=\"wp-image-10680\" width=\"508\" height=\"508\" srcset=\"https:\/\/macite.tg\/wp-content\/uploads\/2023\/11\/IMG-20230731-WA0145-1-1024x1024.jpg 1024w, https:\/\/macite.tg\/wp-content\/uploads\/2023\/11\/IMG-20230731-WA0145-1-300x300.jpg 300w, https:\/\/macite.tg\/wp-content\/uploads\/2023\/11\/IMG-20230731-WA0145-1-150x150.jpg 150w, https:\/\/macite.tg\/wp-content\/uploads\/2023\/11\/IMG-20230731-WA0145-1-768x768.jpg 768w, https:\/\/macite.tg\/wp-content\/uploads\/2023\/11\/IMG-20230731-WA0145-1-122x122.jpg 122w, https:\/\/macite.tg\/wp-content\/uploads\/2023\/11\/IMG-20230731-WA0145-1.jpg 1080w\" sizes=\"auto, (max-width: 508px) 100vw, 508px\" \/><\/figure>\n<\/div>\n\n\n<p class=\"wp-block-paragraph\">A en croire le ministre de l\u2019Environnement et des ressources foresti\u00e8res, le gouvernement togolais sous le leadership du pr\u00e9sident Faure Gnassingb\u00e9, a dit Foli-Bazi, s\u2019est engag\u00e9 \u00e0 participer aux efforts mondiaux de lutte contre le r\u00e9chauffement climatique. Cet engagement se traduit par l\u2019int\u00e9gration de l\u2019environnement et particuli\u00e8rement la question des changements climatiques dans plusieurs documents de planification nationale.<\/p>\n\n\n\n<p class=\"wp-block-paragraph\">Notons que les travaux prendront fin le 12 d\u00e9cembre prochain.<\/p>\n\n\n\n<p class=\"wp-block-paragraph\"><strong>(In LE MEDIUM n\u00b0581 du 28 Novembre au 04 D\u00e9cembre 2023)<\/strong><\/p>\n\n\n\n<p class=\"wp-block-paragraph\"><strong><em>@macite.tg&nbsp;&nbsp;&nbsp;&nbsp;<\/em><\/strong><\/p>\n\n\n\n<p class=\"wp-block-paragraph\"><strong><em>E-mail&nbsp;: <\/em><\/strong><a href=\"mailto:maciteinfo@gmail.com\"><strong><em>maciteinfo@gmail.com<\/em><\/strong><\/a><strong><em>; <\/em><\/strong><a href=\"mailto:bawela1@gmail.com\"><strong><em>bawela1@gmail.com<\/em><\/strong><\/a><\/p>\n\n\n\n<p class=\"wp-block-paragraph\"><strong><em>Pour vos annonces, (publi)reportages, etc., joignez-nous au (00228)91515309\/<strong>79872224 <\/strong>www.macite.tg, L\u2019information, la bonne&nbsp;!<\/em><\/strong><\/p>\n","protected":false},"excerpt":{"rendered":"<p class=\"text-justify mb-2\" >Le Togo va participer, d\u00e8s demain 30 novembre, \u00e0 la 28\u00e8me session de la Conf\u00e9rence des parties \u00e0 la convention-cadre des Nations unies sur les changements climatiques (Cop28) \u00e0 Duba\u00ef, aux \u00c9mirats Arabes Unis. Selon le Gouvernement, le Togo y a am\u00e9nag\u00e9, un bureau et [&hellip;]<\/p>\n","protected":false},"author":2,"featured_media":10729,"comment_status":"open","ping_status":"open","sticky":false,"template":"","format":"standard","meta":{"footnotes":""},"categories":[20,19],"tags":[],"class_list":["post-10728","post","type-post","status-publish","format-standard","has-post-thumbnail","hentry","category-actualite","category-environnement"],"yoast_head":"<!-- This site is optimized with the Yoast SEO plugin v28.4 - https:\/\/yoast.com\/product\/yoast-seo-wordpress\/ -->\n<title>COP 28\u00a0A DUBA\u00cf : Les priorit\u00e9s nationales seront relay\u00e9es via un Bureau et un pavillon -<\/title>\n<meta name=\"robots\" content=\"index, follow, max-snippet:-1, max-image-preview:large, max-video-preview:-1\" \/>\n<link rel=\"canonical\" href=\"https:\/\/macite.tg\/?p=10728\" \/>\n<meta property=\"og:locale\" content=\"fr_FR\" \/>\n<meta property=\"og:type\" content=\"article\" \/>\n<meta property=\"og:title\" content=\"COP 28\u00a0A DUBA\u00cf : Les priorit\u00e9s nationales seront relay\u00e9es via un Bureau et un pavillon -\" \/>\n<meta property=\"og:description\" content=\"Le Togo va participer, d\u00e8s demain 30 novembre, \u00e0 la 28\u00e8me session de la Conf\u00e9rence des parties \u00e0 la convention-cadre des Nations unies sur les changements climatiques (Cop28) \u00e0 Duba\u00ef, aux \u00c9mirats Arabes Unis. Selon le Gouvernement, le Togo y a am\u00e9nag\u00e9, un bureau et [&hellip;]\" \/>\n<meta property=\"og:url\" content=\"https:\/\/macite.tg\/?p=10728\" \/>\n<meta property=\"article:published_time\" content=\"2023-11-29T12:04:51+00:00\" \/>\n<meta property=\"article:modified_time\" content=\"2023-11-29T12:04:53+00:00\" \/>\n<meta property=\"og:image\" content=\"https:\/\/macite.tg\/wp-content\/uploads\/2023\/11\/IMG-20231127-WA0092.jpg\" \/>\n\t<meta property=\"og:image:width\" content=\"1024\" \/>\n\t<meta property=\"og:image:height\" content=\"768\" \/>\n\t<meta property=\"og:image:type\" content=\"image\/jpeg\" \/>\n<meta name=\"author\" content=\"Jean Pierre BAWELA\" \/>\n<meta name=\"twitter:card\" content=\"summary_large_image\" \/>\n<meta name=\"twitter:label1\" content=\"\u00c9crit par\" \/>\n\t<meta name=\"twitter:data1\" content=\"Jean Pierre BAWELA\" \/>\n\t<meta name=\"twitter:label2\" content=\"Dur\u00e9e de lecture estim\u00e9e\" \/>\n\t<meta name=\"twitter:data2\" content=\"3 minutes\" \/>\n<script type=\"application\/ld+json\" class=\"yoast-schema-graph\">{\"@context\":\"https:\\\/\\\/schema.org\",\"@graph\":[{\"@type\":\"Article\",\"@id\":\"https:\\\/\\\/macite.tg\\\/?p=10728#article\",\"isPartOf\":{\"@id\":\"https:\\\/\\\/macite.tg\\\/?p=10728\"},\"author\":{\"name\":\"Jean Pierre BAWELA\",\"@id\":\"https:\\\/\\\/macite.tg\\\/#\\\/schema\\\/person\\\/e9f2de7e5dbbe7770a9402c7ce82f5c2\"},\"headline\":\"COP 28\u00a0A DUBA\u00cf : Les priorit\u00e9s nationales seront relay\u00e9es via un Bureau et un pavillon\",\"datePublished\":\"2023-11-29T12:04:51+00:00\",\"dateModified\":\"2023-11-29T12:04:53+00:00\",\"mainEntityOfPage\":{\"@id\":\"https:\\\/\\\/macite.tg\\\/?p=10728\"},\"wordCount\":544,\"commentCount\":0,\"image\":{\"@id\":\"https:\\\/\\\/macite.tg\\\/?p=10728#primaryimage\"},\"thumbnailUrl\":\"https:\\\/\\\/macite.tg\\\/wp-content\\\/uploads\\\/2023\\\/11\\\/IMG-20231127-WA0092.jpg\",\"articleSection\":[\"ACTUALITE\",\"ENVIRONNEMENT\"],\"inLanguage\":\"fr-FR\",\"potentialAction\":[{\"@type\":\"CommentAction\",\"name\":\"Comment\",\"target\":[\"https:\\\/\\\/macite.tg\\\/?p=10728#respond\"]}]},{\"@type\":\"WebPage\",\"@id\":\"https:\\\/\\\/macite.tg\\\/?p=10728\",\"url\":\"https:\\\/\\\/macite.tg\\\/?p=10728\",\"name\":\"COP 28\u00a0A DUBA\u00cf : Les priorit\u00e9s nationales seront relay\u00e9es via un Bureau et un pavillon -\",\"isPartOf\":{\"@id\":\"https:\\\/\\\/macite.tg\\\/#website\"},\"primaryImageOfPage\":{\"@id\":\"https:\\\/\\\/macite.tg\\\/?p=10728#primaryimage\"},\"image\":{\"@id\":\"https:\\\/\\\/macite.tg\\\/?p=10728#primaryimage\"},\"thumbnailUrl\":\"https:\\\/\\\/macite.tg\\\/wp-content\\\/uploads\\\/2023\\\/11\\\/IMG-20231127-WA0092.jpg\",\"datePublished\":\"2023-11-29T12:04:51+00:00\",\"dateModified\":\"2023-11-29T12:04:53+00:00\",\"author\":{\"@id\":\"https:\\\/\\\/macite.tg\\\/#\\\/schema\\\/person\\\/e9f2de7e5dbbe7770a9402c7ce82f5c2\"},\"breadcrumb\":{\"@id\":\"https:\\\/\\\/macite.tg\\\/?p=10728#breadcrumb\"},\"inLanguage\":\"fr-FR\",\"potentialAction\":[{\"@type\":\"ReadAction\",\"target\":[\"https:\\\/\\\/macite.tg\\\/?p=10728\"]}]},{\"@type\":\"ImageObject\",\"inLanguage\":\"fr-FR\",\"@id\":\"https:\\\/\\\/macite.tg\\\/?p=10728#primaryimage\",\"url\":\"https:\\\/\\\/macite.tg\\\/wp-content\\\/uploads\\\/2023\\\/11\\\/IMG-20231127-WA0092.jpg\",\"contentUrl\":\"https:\\\/\\\/macite.tg\\\/wp-content\\\/uploads\\\/2023\\\/11\\\/IMG-20231127-WA0092.jpg\",\"width\":1024,\"height\":768},{\"@type\":\"BreadcrumbList\",\"@id\":\"https:\\\/\\\/macite.tg\\\/?p=10728#breadcrumb\",\"itemListElement\":[{\"@type\":\"ListItem\",\"position\":1,\"name\":\"Accueil\",\"item\":\"https:\\\/\\\/macite.tg\\\/\"},{\"@type\":\"ListItem\",\"position\":2,\"name\":\"COP 28\u00a0A DUBA\u00cf : Les priorit\u00e9s nationales seront relay\u00e9es via un Bureau et un pavillon\"}]},{\"@type\":\"WebSite\",\"@id\":\"https:\\\/\\\/macite.tg\\\/#website\",\"url\":\"https:\\\/\\\/macite.tg\\\/\",\"name\":\"\",\"description\":\"L&#039;information, la bonne!!!\",\"potentialAction\":[{\"@type\":\"SearchAction\",\"target\":{\"@type\":\"EntryPoint\",\"urlTemplate\":\"https:\\\/\\\/macite.tg\\\/?s={search_term_string}\"},\"query-input\":{\"@type\":\"PropertyValueSpecification\",\"valueRequired\":true,\"valueName\":\"search_term_string\"}}],\"inLanguage\":\"fr-FR\"},{\"@type\":\"Person\",\"@id\":\"https:\\\/\\\/macite.tg\\\/#\\\/schema\\\/person\\\/e9f2de7e5dbbe7770a9402c7ce82f5c2\",\"name\":\"Jean Pierre BAWELA\",\"image\":{\"@type\":\"ImageObject\",\"inLanguage\":\"fr-FR\",\"@id\":\"https:\\\/\\\/macite.tg\\\/wp-content\\\/uploads\\\/2023\\\/09\\\/WhatsApp-Image-2023-09-19-at-14.44.41-122x122.jpeg\",\"url\":\"https:\\\/\\\/macite.tg\\\/wp-content\\\/uploads\\\/2023\\\/09\\\/WhatsApp-Image-2023-09-19-at-14.44.41-122x122.jpeg\",\"contentUrl\":\"https:\\\/\\\/macite.tg\\\/wp-content\\\/uploads\\\/2023\\\/09\\\/WhatsApp-Image-2023-09-19-at-14.44.41-122x122.jpeg\",\"caption\":\"Jean Pierre BAWELA\"},\"url\":\"https:\\\/\\\/macite.tg\\\/?author=2\"}]}<\/script>\n<!-- \/ Yoast SEO plugin. -->","yoast_head_json":{"title":"COP 28\u00a0A DUBA\u00cf : Les priorit\u00e9s nationales seront relay\u00e9es via un Bureau et un pavillon -","robots":{"index":"index","follow":"follow","max-snippet":"max-snippet:-1","max-image-preview":"max-image-preview:large","max-video-preview":"max-video-preview:-1"},"canonical":"https:\/\/macite.tg\/?p=10728","og_locale":"fr_FR","og_type":"article","og_title":"COP 28\u00a0A DUBA\u00cf : Les priorit\u00e9s nationales seront relay\u00e9es via un Bureau et un pavillon -","og_description":"Le Togo va participer, d\u00e8s demain 30 novembre, \u00e0 la 28\u00e8me session de la Conf\u00e9rence des parties \u00e0 la convention-cadre des Nations unies sur les changements climatiques (Cop28) \u00e0 Duba\u00ef, aux \u00c9mirats Arabes Unis. Selon le Gouvernement, le Togo y a am\u00e9nag\u00e9, un bureau et [&hellip;]","og_url":"https:\/\/macite.tg\/?p=10728","article_published_time":"2023-11-29T12:04:51+00:00","article_modified_time":"2023-11-29T12:04:53+00:00","og_image":[{"width":1024,"height":768,"url":"https:\/\/macite.tg\/wp-content\/uploads\/2023\/11\/IMG-20231127-WA0092.jpg","type":"image\/jpeg"}],"author":"Jean Pierre BAWELA","twitter_card":"summary_large_image","twitter_misc":{"\u00c9crit par":"Jean Pierre BAWELA","Dur\u00e9e de lecture estim\u00e9e":"3 minutes"},"schema":{"@context":"https:\/\/schema.org","@graph":[{"@type":"Article","@id":"https:\/\/macite.tg\/?p=10728#article","isPartOf":{"@id":"https:\/\/macite.tg\/?p=10728"},"author":{"name":"Jean Pierre BAWELA","@id":"https:\/\/macite.tg\/#\/schema\/person\/e9f2de7e5dbbe7770a9402c7ce82f5c2"},"headline":"COP 28\u00a0A DUBA\u00cf : Les priorit\u00e9s nationales seront relay\u00e9es via un Bureau et un pavillon","datePublished":"2023-11-29T12:04:51+00:00","dateModified":"2023-11-29T12:04:53+00:00","mainEntityOfPage":{"@id":"https:\/\/macite.tg\/?p=10728"},"wordCount":544,"commentCount":0,"image":{"@id":"https:\/\/macite.tg\/?p=10728#primaryimage"},"thumbnailUrl":"https:\/\/macite.tg\/wp-content\/uploads\/2023\/11\/IMG-20231127-WA0092.jpg","articleSection":["ACTUALITE","ENVIRONNEMENT"],"inLanguage":"fr-FR","potentialAction":[{"@type":"CommentAction","name":"Comment","target":["https:\/\/macite.tg\/?p=10728#respond"]}]},{"@type":"WebPage","@id":"https:\/\/macite.tg\/?p=10728","url":"https:\/\/macite.tg\/?p=10728","name":"COP 28\u00a0A DUBA\u00cf : Les priorit\u00e9s nationales seront relay\u00e9es via un Bureau et un pavillon -","isPartOf":{"@id":"https:\/\/macite.tg\/#website"},"primaryImageOfPage":{"@id":"https:\/\/macite.tg\/?p=10728#primaryimage"},"image":{"@id":"https:\/\/macite.tg\/?p=10728#primaryimage"},"thumbnailUrl":"https:\/\/macite.tg\/wp-content\/uploads\/2023\/11\/IMG-20231127-WA0092.jpg","datePublished":"2023-11-29T12:04:51+00:00","dateModified":"2023-11-29T12:04:53+00:00","author":{"@id":"https:\/\/macite.tg\/#\/schema\/person\/e9f2de7e5dbbe7770a9402c7ce82f5c2"},"breadcrumb":{"@id":"https:\/\/macite.tg\/?p=10728#breadcrumb"},"inLanguage":"fr-FR","potentialAction":[{"@type":"ReadAction","target":["https:\/\/macite.tg\/?p=10728"]}]},{"@type":"ImageObject","inLanguage":"fr-FR","@id":"https:\/\/macite.tg\/?p=10728#primaryimage","url":"https:\/\/macite.tg\/wp-content\/uploads\/2023\/11\/IMG-20231127-WA0092.jpg","contentUrl":"https:\/\/macite.tg\/wp-content\/uploads\/2023\/11\/IMG-20231127-WA0092.jpg","width":1024,"height":768},{"@type":"BreadcrumbList","@id":"https:\/\/macite.tg\/?p=10728#breadcrumb","itemListElement":[{"@type":"ListItem","position":1,"name":"Accueil","item":"https:\/\/macite.tg\/"},{"@type":"ListItem","position":2,"name":"COP 28\u00a0A DUBA\u00cf : Les priorit\u00e9s nationales seront relay\u00e9es via un Bureau et un pavillon"}]},{"@type":"WebSite","@id":"https:\/\/macite.tg\/#website","url":"https:\/\/macite.tg\/","name":"","description":"L&#039;information, la bonne!!!","potentialAction":[{"@type":"SearchAction","target":{"@type":"EntryPoint","urlTemplate":"https:\/\/macite.tg\/?s={search_term_string}"},"query-input":{"@type":"PropertyValueSpecification","valueRequired":true,"valueName":"search_term_string"}}],"inLanguage":"fr-FR"},{"@type":"Person","@id":"https:\/\/macite.tg\/#\/schema\/person\/e9f2de7e5dbbe7770a9402c7ce82f5c2","name":"Jean Pierre BAWELA","image":{"@type":"ImageObject","inLanguage":"fr-FR","@id":"https:\/\/macite.tg\/wp-content\/uploads\/2023\/09\/WhatsApp-Image-2023-09-19-at-14.44.41-122x122.jpeg","url":"https:\/\/macite.tg\/wp-content\/uploads\/2023\/09\/WhatsApp-Image-2023-09-19-at-14.44.41-122x122.jpeg","contentUrl":"https:\/\/macite.tg\/wp-content\/uploads\/2023\/09\/WhatsApp-Image-2023-09-19-at-14.44.41-122x122.jpeg","caption":"Jean Pierre BAWELA"},"url":"https:\/\/macite.tg\/?author=2"}]}},"_links":{"self":[{"href":"https:\/\/macite.tg\/index.php?rest_route=\/wp\/v2\/posts\/10728","targetHints":{"allow":["GET"]}}],"collection":[{"href":"https:\/\/macite.tg\/index.php?rest_route=\/wp\/v2\/posts"}],"about":[{"href":"https:\/\/macite.tg\/index.php?rest_route=\/wp\/v2\/types\/post"}],"author":[{"embeddable":true,"href":"https:\/\/macite.tg\/index.php?rest_route=\/wp\/v2\/users\/2"}],"replies":[{"embeddable":true,"href":"https:\/\/macite.tg\/index.php?rest_route=%2Fwp%2Fv2%2Fcomments&post=10728"}],"version-history":[{"count":0,"href":"https:\/\/macite.tg\/index.php?rest_route=\/wp\/v2\/posts\/10728\/revisions"}],"wp:featuredmedia":[{"embeddable":true,"href":"https:\/\/macite.tg\/index.php?rest_route=\/wp\/v2\/media\/10729"}],"wp:attachment":[{"href":"https:\/\/macite.tg\/index.php?rest_route=%2Fwp%2Fv2%2Fmedia&parent=10728"}],"wp:term":[{"taxonomy":"category","embeddable":true,"href":"https:\/\/macite.tg\/index.php?rest_route=%2Fwp%2Fv2%2Fcategories&post=10728"},{"taxonomy":"post_tag","embeddable":true,"href":"https:\/\/macite.tg\/index.php?rest_route=%2Fwp%2Fv2%2Ftags&post=10728"}],"curies":[{"name":"wp","href":"https:\/\/api.w.org\/{rel}","templated":true}]}}