{"id":10723,"date":"2023-11-29T11:42:28","date_gmt":"2023-11-29T11:42:28","guid":{"rendered":"https:\/\/macite.tg\/?p=10723"},"modified":"2023-11-29T11:42:29","modified_gmt":"2023-11-29T11:42:29","slug":"violences-faites-aux-femmes-wilpf-togo-lance-16-jours-dactivisme","status":"publish","type":"post","link":"https:\/\/macite.tg\/?p=10723","title":{"rendered":"VIOLENCES FAITES AUX FEMMES\u00a0: Wilpf Togo lance 16 jours d\u2019activisme"},"content":{"rendered":"\n<p class=\"wp-block-paragraph\"><strong><em>La section togolaise de la Ligue internationale des femmes pour la paix et la libert\u00e9 (Wilpf-Togo) a lanc\u00e9, samedi 25 novembre dernier, 16 jours d&rsquo;activisme contre les violences faites aux femmes, \u00e0 travers la plan\u00e8te, lors d\u2019une rencontre\u00a0\u00a0d\u2019\u00e9change avec les membres. En plus de faire le point de la lutte contre les robots tueurs XII Round, cette rencontre a r\u00e9uni dans la grande salle de l\u2019Universit\u00e9 priv\u00e9 IAEC, au quartier Doumass\u00e9ss\u00e9, les membres et sympathisants de Wilpf-Togo, en collaboration avec Campaign to Stop Killers Robts, a permis de faire le tour d\u2019horizon des \u00a0violences faites aux femmes. C\u2019\u00e9tait en pr\u00e9sence du d\u00e9put\u00e9 et pr\u00e9sident du Parti D\u00e9mocratique Panafricain (Pdp), Innocent Kagbara.<\/em><\/strong><\/p>\n\n\n\n<p class=\"wp-block-paragraph\">Le th\u00e8me retenu cette ann\u00e9e pour ces activit\u00e9s des 16 jours d\u2019activisme contre les violences faites aux femmes \u00e0 travers la plan\u00e8te, est <em>\u00ab\u00a0la convention 189 de l\u2019Oit sur les souffrances des travailleurs domestiques\u00a0\u00bb.<\/em> Pour cet \u00e9v\u00e8nement, trois communications ont tenu en haleine les membres de Wilpf Togo et leurs invit\u00e9s.<\/p>\n\n\n<div class=\"wp-block-image\">\n<figure class=\"aligncenter size-large is-resized\"><img loading=\"lazy\" decoding=\"async\" src=\"https:\/\/macite.tg\/wp-content\/uploads\/2023\/11\/WhatsApp-Image-2023-10-09-at-17.28.15-1-1024x1024.jpeg\" alt=\"\" class=\"wp-image-10647\" width=\"521\" height=\"521\" srcset=\"https:\/\/macite.tg\/wp-content\/uploads\/2023\/11\/WhatsApp-Image-2023-10-09-at-17.28.15-1-1024x1024.jpeg 1024w, https:\/\/macite.tg\/wp-content\/uploads\/2023\/11\/WhatsApp-Image-2023-10-09-at-17.28.15-1-300x300.jpeg 300w, https:\/\/macite.tg\/wp-content\/uploads\/2023\/11\/WhatsApp-Image-2023-10-09-at-17.28.15-1-150x150.jpeg 150w, https:\/\/macite.tg\/wp-content\/uploads\/2023\/11\/WhatsApp-Image-2023-10-09-at-17.28.15-1-768x768.jpeg 768w, https:\/\/macite.tg\/wp-content\/uploads\/2023\/11\/WhatsApp-Image-2023-10-09-at-17.28.15-1-122x122.jpeg 122w, https:\/\/macite.tg\/wp-content\/uploads\/2023\/11\/WhatsApp-Image-2023-10-09-at-17.28.15-1.jpeg 1280w\" sizes=\"auto, (max-width: 521px) 100vw, 521px\" \/><\/figure>\n<\/div>\n\n\n<p class=\"wp-block-paragraph\">La premi\u00e8re communication \u00e9tait dirig\u00e9e par Dr Jules Yaovi Wahare, entrepreneur, expert genre au Moz\u00eek consult. Dans son d\u00e9veloppement, il est revenu sur l\u2019esprit des 16 jours d&rsquo;activisme contre les violences faites aux femmes \u00e0 travers la plan\u00e8te. Selon l\u2019orateur, lorsqu\u2019on parle des violences bas\u00e9es sur le genre, ce n\u2019est pas uniquement les hommes qui exercent la violence sur les femmes, mais il y a des hommes qui subissent les violences venant des femmes. Souvent quand on parle de question du genre, les gens pensent que c\u2019est une affaire des femmes. Tous \u00e9quivoque doit \u00eatre relev\u00e9e.<\/p>\n\n\n\n<p class=\"wp-block-paragraph\"><em>\u00ab&nbsp;Il faut partir du genre pour comprendre les hommes et les femmes dans leurs sp\u00e9cificit\u00e9s dans leurs besoins pour qu\u2019on en tienne compte dans les messages lors des campagnes de sensibilisations et dans les efforts de plaidoyers<\/em>&nbsp;\u00bb, a laiss\u00e9 entendre Dr Jules Wahare.<\/p>\n\n\n\n<p class=\"wp-block-paragraph\">Les 16 jours de plaidoyer constituent une action sp\u00e9cifique pour les femmes et filles, qui doivent mettre l\u2019accent sur la sensibilisation, d\u00e9dier un temps pour parler des violences faites aux femmes et aux filles. Et susciter des d\u00e9bats tr\u00e8s riches et constructifs.<\/p>\n\n\n\n<p class=\"wp-block-paragraph\">Pour ce qui est de la lutte contre les robots tueurs, qui est depuis trois ans, le cheval de bataille de Wilpf-Togo, elle rencontre quelques difficult\u00e9s surtout, au niveau de l\u2019Assembl\u00e9e nationale.<\/p>\n\n\n<div class=\"wp-block-image\">\n<figure class=\"aligncenter size-large is-resized\"><img loading=\"lazy\" decoding=\"async\" src=\"https:\/\/macite.tg\/wp-content\/uploads\/2023\/11\/ANNONCES-1-1024x426.jpg\" alt=\"\" class=\"wp-image-10689\" width=\"662\" height=\"275\" srcset=\"https:\/\/macite.tg\/wp-content\/uploads\/2023\/11\/ANNONCES-1-1024x426.jpg 1024w, https:\/\/macite.tg\/wp-content\/uploads\/2023\/11\/ANNONCES-1-300x125.jpg 300w, https:\/\/macite.tg\/wp-content\/uploads\/2023\/11\/ANNONCES-1-768x319.jpg 768w, https:\/\/macite.tg\/wp-content\/uploads\/2023\/11\/ANNONCES-1.jpg 1080w\" sizes=\"auto, (max-width: 662px) 100vw, 662px\" \/><\/figure>\n<\/div>\n\n\n<p class=\"wp-block-paragraph\">\u00ab&nbsp;<em>Nous sommes all\u00e9s vers les institutions et au niveau de l\u2019Assembl\u00e9e nationale par exemple, on n\u2019a pas eu jusqu\u2019\u00e0 pr\u00e9sent d\u2019oreilles attentifs, donc nous sommes oblig\u00e9s de contacter ces d\u00e9put\u00e9s individuellement en vue de leur faire comprendre le bien fond\u00e9 de notre d\u00e9marche, afin qu\u2019il soit notre porte-parole aupr\u00e8s des autres \u00e9lus. C\u2019est pourquoi nous avons invit\u00e9 l\u2019honorable Kagbara pour assister \u00e0 notre activit\u00e9<\/em>&nbsp;\u00bb, a soulign\u00e9 Mme Bassiratou Idrissou, \u00e9pouse Djobo.<\/p>\n\n\n\n<p class=\"wp-block-paragraph\">Durant les 16 jours de campagne contre les Vbg, Wilpf Togo va sillonner les march\u00e9s et rencontrer les regroupements de femmes pour faire passer le message.<\/p>\n\n\n\n<p class=\"wp-block-paragraph\"><strong>Dodo Abalo (In LE MEDIUM n\u00b0581 du 28 Novembre au 04 D\u00e9cembre 2023)<\/strong><\/p>\n\n\n\n<p class=\"wp-block-paragraph\"><strong><em>@macite.tg&nbsp;&nbsp;&nbsp;&nbsp;<\/em><\/strong><\/p>\n\n\n\n<p class=\"wp-block-paragraph\"><strong><em>E-mail&nbsp;: <\/em><\/strong><a href=\"mailto:maciteinfo@gmail.com\"><strong><em>maciteinfo@gmail.com<\/em><\/strong><\/a><strong><em>; <\/em><\/strong><a href=\"mailto:bawela1@gmail.com\"><strong><em>bawela1@gmail.com<\/em><\/strong><\/a><\/p>\n\n\n\n<p class=\"wp-block-paragraph\"><strong><em>Pour vos annonces, (publi)reportages, etc., joignez-nous au (00228)91515309\/<strong>79872224 <\/strong>www.macite.tg, L\u2019information, la bonne&nbsp;!<\/em><\/strong><\/p>\n","protected":false},"excerpt":{"rendered":"<p class=\"text-justify mb-2\" >La section togolaise de la Ligue internationale des femmes pour la paix et la libert\u00e9 (Wilpf-Togo) a lanc\u00e9, samedi 25 novembre dernier, 16 jours d&rsquo;activisme contre les violences faites aux femmes, \u00e0 travers la plan\u00e8te, lors d\u2019une rencontre\u00a0\u00a0d\u2019\u00e9change avec les membres. En plus de faire [&hellip;]<\/p>\n","protected":false},"author":2,"featured_media":10724,"comment_status":"open","ping_status":"open","sticky":false,"template":"","format":"standard","meta":{"footnotes":""},"categories":[20,6],"tags":[],"class_list":["post-10723","post","type-post","status-publish","format-standard","has-post-thumbnail","hentry","category-actualite","category-societe"],"yoast_head":"<!-- This site is optimized with the Yoast SEO plugin v28.4 - https:\/\/yoast.com\/product\/yoast-seo-wordpress\/ -->\n<title>VIOLENCES FAITES AUX FEMMES\u00a0: Wilpf Togo lance 16 jours d\u2019activisme -<\/title>\n<meta name=\"robots\" content=\"index, follow, max-snippet:-1, max-image-preview:large, max-video-preview:-1\" \/>\n<link rel=\"canonical\" href=\"https:\/\/macite.tg\/?p=10723\" \/>\n<meta property=\"og:locale\" content=\"fr_FR\" \/>\n<meta property=\"og:type\" content=\"article\" \/>\n<meta property=\"og:title\" content=\"VIOLENCES FAITES AUX FEMMES\u00a0: Wilpf Togo lance 16 jours d\u2019activisme -\" \/>\n<meta property=\"og:description\" content=\"La section togolaise de la Ligue internationale des femmes pour la paix et la libert\u00e9 (Wilpf-Togo) a lanc\u00e9, samedi 25 novembre dernier, 16 jours d&rsquo;activisme contre les violences faites aux femmes, \u00e0 travers la plan\u00e8te, lors d\u2019une rencontre\u00a0\u00a0d\u2019\u00e9change avec les membres. En plus de faire [&hellip;]\" \/>\n<meta property=\"og:url\" content=\"https:\/\/macite.tg\/?p=10723\" \/>\n<meta property=\"article:published_time\" content=\"2023-11-29T11:42:28+00:00\" \/>\n<meta property=\"article:modified_time\" content=\"2023-11-29T11:42:29+00:00\" \/>\n<meta property=\"og:image\" content=\"https:\/\/macite.tg\/wp-content\/uploads\/2023\/11\/20231125_165251-scaled.jpg\" \/>\n\t<meta property=\"og:image:width\" content=\"2560\" \/>\n\t<meta property=\"og:image:height\" content=\"1286\" \/>\n\t<meta property=\"og:image:type\" content=\"image\/jpeg\" \/>\n<meta name=\"author\" content=\"Jean Pierre BAWELA\" \/>\n<meta name=\"twitter:card\" content=\"summary_large_image\" \/>\n<meta name=\"twitter:label1\" content=\"\u00c9crit par\" \/>\n\t<meta name=\"twitter:data1\" content=\"Jean Pierre BAWELA\" \/>\n\t<meta name=\"twitter:label2\" content=\"Dur\u00e9e de lecture estim\u00e9e\" \/>\n\t<meta name=\"twitter:data2\" content=\"3 minutes\" \/>\n<script type=\"application\/ld+json\" class=\"yoast-schema-graph\">{\"@context\":\"https:\\\/\\\/schema.org\",\"@graph\":[{\"@type\":\"Article\",\"@id\":\"https:\\\/\\\/macite.tg\\\/?p=10723#article\",\"isPartOf\":{\"@id\":\"https:\\\/\\\/macite.tg\\\/?p=10723\"},\"author\":{\"name\":\"Jean Pierre BAWELA\",\"@id\":\"https:\\\/\\\/macite.tg\\\/#\\\/schema\\\/person\\\/e9f2de7e5dbbe7770a9402c7ce82f5c2\"},\"headline\":\"VIOLENCES FAITES AUX FEMMES\u00a0: Wilpf Togo lance 16 jours d\u2019activisme\",\"datePublished\":\"2023-11-29T11:42:28+00:00\",\"dateModified\":\"2023-11-29T11:42:29+00:00\",\"mainEntityOfPage\":{\"@id\":\"https:\\\/\\\/macite.tg\\\/?p=10723\"},\"wordCount\":577,\"commentCount\":0,\"image\":{\"@id\":\"https:\\\/\\\/macite.tg\\\/?p=10723#primaryimage\"},\"thumbnailUrl\":\"https:\\\/\\\/macite.tg\\\/wp-content\\\/uploads\\\/2023\\\/11\\\/20231125_165251-scaled.jpg\",\"articleSection\":[\"ACTUALITE\",\"SOCIETE\"],\"inLanguage\":\"fr-FR\",\"potentialAction\":[{\"@type\":\"CommentAction\",\"name\":\"Comment\",\"target\":[\"https:\\\/\\\/macite.tg\\\/?p=10723#respond\"]}]},{\"@type\":\"WebPage\",\"@id\":\"https:\\\/\\\/macite.tg\\\/?p=10723\",\"url\":\"https:\\\/\\\/macite.tg\\\/?p=10723\",\"name\":\"VIOLENCES FAITES AUX FEMMES\u00a0: Wilpf Togo lance 16 jours d\u2019activisme -\",\"isPartOf\":{\"@id\":\"https:\\\/\\\/macite.tg\\\/#website\"},\"primaryImageOfPage\":{\"@id\":\"https:\\\/\\\/macite.tg\\\/?p=10723#primaryimage\"},\"image\":{\"@id\":\"https:\\\/\\\/macite.tg\\\/?p=10723#primaryimage\"},\"thumbnailUrl\":\"https:\\\/\\\/macite.tg\\\/wp-content\\\/uploads\\\/2023\\\/11\\\/20231125_165251-scaled.jpg\",\"datePublished\":\"2023-11-29T11:42:28+00:00\",\"dateModified\":\"2023-11-29T11:42:29+00:00\",\"author\":{\"@id\":\"https:\\\/\\\/macite.tg\\\/#\\\/schema\\\/person\\\/e9f2de7e5dbbe7770a9402c7ce82f5c2\"},\"breadcrumb\":{\"@id\":\"https:\\\/\\\/macite.tg\\\/?p=10723#breadcrumb\"},\"inLanguage\":\"fr-FR\",\"potentialAction\":[{\"@type\":\"ReadAction\",\"target\":[\"https:\\\/\\\/macite.tg\\\/?p=10723\"]}]},{\"@type\":\"ImageObject\",\"inLanguage\":\"fr-FR\",\"@id\":\"https:\\\/\\\/macite.tg\\\/?p=10723#primaryimage\",\"url\":\"https:\\\/\\\/macite.tg\\\/wp-content\\\/uploads\\\/2023\\\/11\\\/20231125_165251-scaled.jpg\",\"contentUrl\":\"https:\\\/\\\/macite.tg\\\/wp-content\\\/uploads\\\/2023\\\/11\\\/20231125_165251-scaled.jpg\",\"width\":2560,\"height\":1286},{\"@type\":\"BreadcrumbList\",\"@id\":\"https:\\\/\\\/macite.tg\\\/?p=10723#breadcrumb\",\"itemListElement\":[{\"@type\":\"ListItem\",\"position\":1,\"name\":\"Accueil\",\"item\":\"https:\\\/\\\/macite.tg\\\/\"},{\"@type\":\"ListItem\",\"position\":2,\"name\":\"VIOLENCES FAITES AUX FEMMES\u00a0: Wilpf Togo lance 16 jours d\u2019activisme\"}]},{\"@type\":\"WebSite\",\"@id\":\"https:\\\/\\\/macite.tg\\\/#website\",\"url\":\"https:\\\/\\\/macite.tg\\\/\",\"name\":\"\",\"description\":\"L&#039;information, la bonne!!!\",\"potentialAction\":[{\"@type\":\"SearchAction\",\"target\":{\"@type\":\"EntryPoint\",\"urlTemplate\":\"https:\\\/\\\/macite.tg\\\/?s={search_term_string}\"},\"query-input\":{\"@type\":\"PropertyValueSpecification\",\"valueRequired\":true,\"valueName\":\"search_term_string\"}}],\"inLanguage\":\"fr-FR\"},{\"@type\":\"Person\",\"@id\":\"https:\\\/\\\/macite.tg\\\/#\\\/schema\\\/person\\\/e9f2de7e5dbbe7770a9402c7ce82f5c2\",\"name\":\"Jean Pierre BAWELA\",\"image\":{\"@type\":\"ImageObject\",\"inLanguage\":\"fr-FR\",\"@id\":\"https:\\\/\\\/macite.tg\\\/wp-content\\\/uploads\\\/2023\\\/09\\\/WhatsApp-Image-2023-09-19-at-14.44.41-122x122.jpeg\",\"url\":\"https:\\\/\\\/macite.tg\\\/wp-content\\\/uploads\\\/2023\\\/09\\\/WhatsApp-Image-2023-09-19-at-14.44.41-122x122.jpeg\",\"contentUrl\":\"https:\\\/\\\/macite.tg\\\/wp-content\\\/uploads\\\/2023\\\/09\\\/WhatsApp-Image-2023-09-19-at-14.44.41-122x122.jpeg\",\"caption\":\"Jean Pierre BAWELA\"},\"url\":\"https:\\\/\\\/macite.tg\\\/?author=2\"}]}<\/script>\n<!-- \/ Yoast SEO plugin. -->","yoast_head_json":{"title":"VIOLENCES FAITES AUX FEMMES\u00a0: Wilpf Togo lance 16 jours d\u2019activisme -","robots":{"index":"index","follow":"follow","max-snippet":"max-snippet:-1","max-image-preview":"max-image-preview:large","max-video-preview":"max-video-preview:-1"},"canonical":"https:\/\/macite.tg\/?p=10723","og_locale":"fr_FR","og_type":"article","og_title":"VIOLENCES FAITES AUX FEMMES\u00a0: Wilpf Togo lance 16 jours d\u2019activisme -","og_description":"La section togolaise de la Ligue internationale des femmes pour la paix et la libert\u00e9 (Wilpf-Togo) a lanc\u00e9, samedi 25 novembre dernier, 16 jours d&rsquo;activisme contre les violences faites aux femmes, \u00e0 travers la plan\u00e8te, lors d\u2019une rencontre\u00a0\u00a0d\u2019\u00e9change avec les membres. En plus de faire [&hellip;]","og_url":"https:\/\/macite.tg\/?p=10723","article_published_time":"2023-11-29T11:42:28+00:00","article_modified_time":"2023-11-29T11:42:29+00:00","og_image":[{"width":2560,"height":1286,"url":"https:\/\/macite.tg\/wp-content\/uploads\/2023\/11\/20231125_165251-scaled.jpg","type":"image\/jpeg"}],"author":"Jean Pierre BAWELA","twitter_card":"summary_large_image","twitter_misc":{"\u00c9crit par":"Jean Pierre BAWELA","Dur\u00e9e de lecture estim\u00e9e":"3 minutes"},"schema":{"@context":"https:\/\/schema.org","@graph":[{"@type":"Article","@id":"https:\/\/macite.tg\/?p=10723#article","isPartOf":{"@id":"https:\/\/macite.tg\/?p=10723"},"author":{"name":"Jean Pierre BAWELA","@id":"https:\/\/macite.tg\/#\/schema\/person\/e9f2de7e5dbbe7770a9402c7ce82f5c2"},"headline":"VIOLENCES FAITES AUX FEMMES\u00a0: Wilpf Togo lance 16 jours d\u2019activisme","datePublished":"2023-11-29T11:42:28+00:00","dateModified":"2023-11-29T11:42:29+00:00","mainEntityOfPage":{"@id":"https:\/\/macite.tg\/?p=10723"},"wordCount":577,"commentCount":0,"image":{"@id":"https:\/\/macite.tg\/?p=10723#primaryimage"},"thumbnailUrl":"https:\/\/macite.tg\/wp-content\/uploads\/2023\/11\/20231125_165251-scaled.jpg","articleSection":["ACTUALITE","SOCIETE"],"inLanguage":"fr-FR","potentialAction":[{"@type":"CommentAction","name":"Comment","target":["https:\/\/macite.tg\/?p=10723#respond"]}]},{"@type":"WebPage","@id":"https:\/\/macite.tg\/?p=10723","url":"https:\/\/macite.tg\/?p=10723","name":"VIOLENCES FAITES AUX FEMMES\u00a0: Wilpf Togo lance 16 jours d\u2019activisme -","isPartOf":{"@id":"https:\/\/macite.tg\/#website"},"primaryImageOfPage":{"@id":"https:\/\/macite.tg\/?p=10723#primaryimage"},"image":{"@id":"https:\/\/macite.tg\/?p=10723#primaryimage"},"thumbnailUrl":"https:\/\/macite.tg\/wp-content\/uploads\/2023\/11\/20231125_165251-scaled.jpg","datePublished":"2023-11-29T11:42:28+00:00","dateModified":"2023-11-29T11:42:29+00:00","author":{"@id":"https:\/\/macite.tg\/#\/schema\/person\/e9f2de7e5dbbe7770a9402c7ce82f5c2"},"breadcrumb":{"@id":"https:\/\/macite.tg\/?p=10723#breadcrumb"},"inLanguage":"fr-FR","potentialAction":[{"@type":"ReadAction","target":["https:\/\/macite.tg\/?p=10723"]}]},{"@type":"ImageObject","inLanguage":"fr-FR","@id":"https:\/\/macite.tg\/?p=10723#primaryimage","url":"https:\/\/macite.tg\/wp-content\/uploads\/2023\/11\/20231125_165251-scaled.jpg","contentUrl":"https:\/\/macite.tg\/wp-content\/uploads\/2023\/11\/20231125_165251-scaled.jpg","width":2560,"height":1286},{"@type":"BreadcrumbList","@id":"https:\/\/macite.tg\/?p=10723#breadcrumb","itemListElement":[{"@type":"ListItem","position":1,"name":"Accueil","item":"https:\/\/macite.tg\/"},{"@type":"ListItem","position":2,"name":"VIOLENCES FAITES AUX FEMMES\u00a0: Wilpf Togo lance 16 jours d\u2019activisme"}]},{"@type":"WebSite","@id":"https:\/\/macite.tg\/#website","url":"https:\/\/macite.tg\/","name":"","description":"L&#039;information, la bonne!!!","potentialAction":[{"@type":"SearchAction","target":{"@type":"EntryPoint","urlTemplate":"https:\/\/macite.tg\/?s={search_term_string}"},"query-input":{"@type":"PropertyValueSpecification","valueRequired":true,"valueName":"search_term_string"}}],"inLanguage":"fr-FR"},{"@type":"Person","@id":"https:\/\/macite.tg\/#\/schema\/person\/e9f2de7e5dbbe7770a9402c7ce82f5c2","name":"Jean Pierre BAWELA","image":{"@type":"ImageObject","inLanguage":"fr-FR","@id":"https:\/\/macite.tg\/wp-content\/uploads\/2023\/09\/WhatsApp-Image-2023-09-19-at-14.44.41-122x122.jpeg","url":"https:\/\/macite.tg\/wp-content\/uploads\/2023\/09\/WhatsApp-Image-2023-09-19-at-14.44.41-122x122.jpeg","contentUrl":"https:\/\/macite.tg\/wp-content\/uploads\/2023\/09\/WhatsApp-Image-2023-09-19-at-14.44.41-122x122.jpeg","caption":"Jean Pierre BAWELA"},"url":"https:\/\/macite.tg\/?author=2"}]}},"_links":{"self":[{"href":"https:\/\/macite.tg\/index.php?rest_route=\/wp\/v2\/posts\/10723","targetHints":{"allow":["GET"]}}],"collection":[{"href":"https:\/\/macite.tg\/index.php?rest_route=\/wp\/v2\/posts"}],"about":[{"href":"https:\/\/macite.tg\/index.php?rest_route=\/wp\/v2\/types\/post"}],"author":[{"embeddable":true,"href":"https:\/\/macite.tg\/index.php?rest_route=\/wp\/v2\/users\/2"}],"replies":[{"embeddable":true,"href":"https:\/\/macite.tg\/index.php?rest_route=%2Fwp%2Fv2%2Fcomments&post=10723"}],"version-history":[{"count":0,"href":"https:\/\/macite.tg\/index.php?rest_route=\/wp\/v2\/posts\/10723\/revisions"}],"wp:featuredmedia":[{"embeddable":true,"href":"https:\/\/macite.tg\/index.php?rest_route=\/wp\/v2\/media\/10724"}],"wp:attachment":[{"href":"https:\/\/macite.tg\/index.php?rest_route=%2Fwp%2Fv2%2Fmedia&parent=10723"}],"wp:term":[{"taxonomy":"category","embeddable":true,"href":"https:\/\/macite.tg\/index.php?rest_route=%2Fwp%2Fv2%2Fcategories&post=10723"},{"taxonomy":"post_tag","embeddable":true,"href":"https:\/\/macite.tg\/index.php?rest_route=%2Fwp%2Fv2%2Ftags&post=10723"}],"curies":[{"name":"wp","href":"https:\/\/api.w.org\/{rel}","templated":true}]}}