{"id":10714,"date":"2023-11-29T11:54:27","date_gmt":"2023-11-29T11:54:27","guid":{"rendered":"https:\/\/macite.tg\/?p=10714"},"modified":"2023-11-29T11:54:29","modified_gmt":"2023-11-29T11:54:29","slug":"audit-fichier-electoral-la-mise-au-point-de-loif","status":"publish","type":"post","link":"https:\/\/macite.tg\/?p=10714","title":{"rendered":"AUDIT FICHIER \u00c9LECTORAL : La mise au point de l\u2019Oif"},"content":{"rendered":"\n<p class=\"wp-block-paragraph\"><\/p>\n\n\n\n<p class=\"wp-block-paragraph\"><strong><em>Le 15 novembre dernier, l\u2019Oif remettait \u00e0 la Ceni, le rapport d\u2019audit du fichier \u00e9lectoral issu du recensement \u00e9lectoral (du 29 avril au 14 juin 2023). D\u00e9sir\u00e9 Nyaruhirira, Ambassadeur et conseiller sp\u00e9cial, politique et diplomatique de la Secr\u00e9taire g\u00e9n\u00e9rale de la Francophonie, avait d\u00e9clar\u00e9 que les experts de l\u2019Oif qui ont travaill\u00e9 sur le document, du 20 au 27 octobre 2023, ont estim\u00e9 que le fichier \u00e9lectoral togolais est conforme aux normes et standards internationaux. \u00ab Apr\u00e8s les v\u00e9rifications et analyses men\u00e9es, les experts ont d\u00e9livr\u00e9 des conclusions rassurantes sur la qualit\u00e9 du fichier \u00e9lectoral togolais. Ceci, en termes de fiabilit\u00e9 de l\u2019op\u00e9ration de recensement des \u00e9lecteurs, de son caract\u00e8re biom\u00e9trique et de sa repr\u00e9sentativit\u00e9 g\u00e9ographique et sociologique dans les 39 pr\u00e9fectures et 5 r\u00e9gions du pays. En somme, je peux dire, au nom des experts, que le fichier \u00e9lectoral togolais est suffisamment fiable pour permettre la tenue des prochaines \u00e9lections r\u00e9gionales et l\u00e9gislatives dans des conditions de confiance&nbsp;\u00bb.<\/em><\/strong><\/p>\n\n\n\n<p class=\"wp-block-paragraph\">Cette d\u00e9claration du repr\u00e9sentant de l\u2019Oif a soulev\u00e9 un toll\u00e9 g\u00e9n\u00e9ral de la plupart des partis de l\u2019opposition. Jean-Pierre Fabre, le Pr\u00e9sident national de l\u2019Alliance nationale pour le changement (Anc), parti de l\u2019opposition extra parlementaire, a fustig\u00e9 l\u2019attitude l\u2019Oif qui n\u2019a pas rencontr\u00e9 les parties prenantes aux \u00e9lections \u00e0 venir.<\/p>\n\n\n<div class=\"wp-block-image\">\n<figure class=\"aligncenter size-large is-resized\"><img loading=\"lazy\" decoding=\"async\" src=\"https:\/\/macite.tg\/wp-content\/uploads\/2023\/11\/WhatsApp-Image-2023-10-09-at-17.28.15-1-1024x1024.jpeg\" alt=\"\" class=\"wp-image-10647\" width=\"478\" height=\"478\" srcset=\"https:\/\/macite.tg\/wp-content\/uploads\/2023\/11\/WhatsApp-Image-2023-10-09-at-17.28.15-1-1024x1024.jpeg 1024w, https:\/\/macite.tg\/wp-content\/uploads\/2023\/11\/WhatsApp-Image-2023-10-09-at-17.28.15-1-300x300.jpeg 300w, https:\/\/macite.tg\/wp-content\/uploads\/2023\/11\/WhatsApp-Image-2023-10-09-at-17.28.15-1-150x150.jpeg 150w, https:\/\/macite.tg\/wp-content\/uploads\/2023\/11\/WhatsApp-Image-2023-10-09-at-17.28.15-1-768x768.jpeg 768w, https:\/\/macite.tg\/wp-content\/uploads\/2023\/11\/WhatsApp-Image-2023-10-09-at-17.28.15-1-122x122.jpeg 122w, https:\/\/macite.tg\/wp-content\/uploads\/2023\/11\/WhatsApp-Image-2023-10-09-at-17.28.15-1.jpeg 1280w\" sizes=\"auto, (max-width: 478px) 100vw, 478px\" \/><\/figure>\n<\/div>\n\n\n<p class=\"wp-block-paragraph\">\u00ab&nbsp;<em>L\u2019Oif n\u2019ignore pas que, \u00e0 un moment donn\u00e9, le recensement \u00e9lectoral a \u00e9t\u00e9 arr\u00eat\u00e9 et que la plupart des acteurs politiques, en tout cas de l\u2019opposition et m\u00eame de la soci\u00e9t\u00e9 civile, ont condamn\u00e9 cela et ont demand\u00e9 la poursuite du recensement. Pour nous, on a l\u2019impression que l\u2019Oif a \u00e9t\u00e9 invit\u00e9 pour valider quelque chose dont le pouvoir sait qu\u2019il est largement insuffisant&nbsp;\u00bb.<\/em><\/p>\n\n\n\n<p class=\"wp-block-paragraph\">D\u2019autres regroupements, comme la Dynamique pour la majorit\u00e9 du peuple (Dmp), sont sur la m\u00eame longueur d\u2019onde. <em>&nbsp;<\/em><\/p>\n\n\n\n<p class=\"wp-block-paragraph\">Face \u00e0 la lev\u00e9e de bouclier, l\u2019Organisation internationale de la Francophonie (Oif) fait une mise au point. Selon l\u2019institution, elle vise \u00e0 clarifier le travail fait dans le cadre de l\u2019audit du fichier \u00e9lectoral togolais qu\u2019elle a r\u00e9alis\u00e9 en octobre dernier.<\/p>\n\n\n\n<p class=\"wp-block-paragraph\">Dans cette mise au point, l\u2019Oif a tenu \u00e0 rappeler que le mandat de sa mission d\u2019expertise au Togo, \u00e9tait circonscrit exclusivement \u00e0 l\u2019audit du fichier \u00e9lectoral et non \u00e0 l\u2019audit de l\u2019ensemble des probl\u00e9matiques li\u00e9es au processus \u00e9lectoral de mani\u00e8re g\u00e9n\u00e9rale.<\/p>\n\n\n<div class=\"wp-block-image\">\n<figure class=\"aligncenter size-large is-resized\"><img loading=\"lazy\" decoding=\"async\" src=\"https:\/\/macite.tg\/wp-content\/uploads\/2023\/11\/ANNONCES-1-1024x426.jpg\" alt=\"\" class=\"wp-image-10689\" width=\"687\" height=\"285\" srcset=\"https:\/\/macite.tg\/wp-content\/uploads\/2023\/11\/ANNONCES-1-1024x426.jpg 1024w, https:\/\/macite.tg\/wp-content\/uploads\/2023\/11\/ANNONCES-1-300x125.jpg 300w, https:\/\/macite.tg\/wp-content\/uploads\/2023\/11\/ANNONCES-1-768x319.jpg 768w, https:\/\/macite.tg\/wp-content\/uploads\/2023\/11\/ANNONCES-1.jpg 1080w\" sizes=\"auto, (max-width: 687px) 100vw, 687px\" \/><\/figure>\n<\/div>\n\n\n<p class=\"wp-block-paragraph\"><em>\u00ab&nbsp;Un audit de fichier \u00e9lectoral n\u2019\u00e9tant qu\u2019une \u00e9tape parmi tant d\u2019autres de ce processus, l\u2019Oif ne saurait \u00eatre tenue pour responsable de d\u00e9faillances relev\u00e9es lors de la p\u00e9riode d\u2019inscription des \u00e9lecteurs&nbsp;\u00bb<\/em>, fait savoir l\u2019Oif qui invite \u00e0 ne pas confondre son r\u00f4le dans ce contexte avec celui d\u2019autres acteurs intervenant dans le processus \u00e9lectoral togolais.<\/p>\n\n\n\n<p class=\"wp-block-paragraph\">Au demeurant, l\u2019Oif tient \u00e0 souligner, avec insistance, que sa mission d\u2019audit au Togo a \u00e9t\u00e9 men\u00e9e de mani\u00e8re transparente, impartiale et objective et selon des proc\u00e9d\u00e9s techniques et scientifiques \u00e9prouv\u00e9s, y compris auparavant dans de nombreux autres pays de l\u2019espace francophone engag\u00e9s dans des processus \u00e9lectoraux.<\/p>\n\n\n\n<p class=\"wp-block-paragraph\">Depuis plusieurs d\u00e9cennies, l\u2019Oif a d\u00e9velopp\u00e9 une expertise en mati\u00e8re \u00e9lectorale qui fait autorit\u00e9 aupr\u00e8s de nombreux partenaires. Les conclusions et recommandations de missions d\u2019audit qu\u2019elle a men\u00e9es dans de nombreux pays membres, et mises en \u0153uvre par ces derniers, ont significativement contribu\u00e9 \u00e0 consolider les fichiers \u00e9lectoraux et \u00e0 renforcer la confiance dans les processus \u00e9lectoraux de ces pays.<\/p>\n\n\n\n<p class=\"wp-block-paragraph\">Rappelant les conditions dans lesquelles elle est intervenue pour auditer le fichier \u00e9lectoral togolais, l\u2019Oif a indiqu\u00e9 que le rapport, accessible aupr\u00e8s de la Ceni aux membres du Comit\u00e9 d\u2019audit et \u00e0 tout acteur politique national int\u00e9ress\u00e9, comporte des analyses objectives et impartiales sur les diff\u00e9rentes op\u00e9rations portant sur le fichier \u00e9lectoral, depuis le recensement \u00e9lectoral. \u00ab&nbsp;<em>Il est assorti de recommandations visant \u00e0 renforcer davantage le fichier&nbsp;<\/em>\u00bb, indique l\u2019Oif.<\/p>\n\n\n<div class=\"wp-block-image\">\n<figure class=\"aligncenter size-large is-resized\"><img loading=\"lazy\" decoding=\"async\" src=\"https:\/\/macite.tg\/wp-content\/uploads\/2023\/11\/IMG-20230731-WA0145-1-1024x1024.jpg\" alt=\"\" class=\"wp-image-10680\" width=\"479\" height=\"479\" srcset=\"https:\/\/macite.tg\/wp-content\/uploads\/2023\/11\/IMG-20230731-WA0145-1-1024x1024.jpg 1024w, https:\/\/macite.tg\/wp-content\/uploads\/2023\/11\/IMG-20230731-WA0145-1-300x300.jpg 300w, https:\/\/macite.tg\/wp-content\/uploads\/2023\/11\/IMG-20230731-WA0145-1-150x150.jpg 150w, https:\/\/macite.tg\/wp-content\/uploads\/2023\/11\/IMG-20230731-WA0145-1-768x768.jpg 768w, https:\/\/macite.tg\/wp-content\/uploads\/2023\/11\/IMG-20230731-WA0145-1-122x122.jpg 122w, https:\/\/macite.tg\/wp-content\/uploads\/2023\/11\/IMG-20230731-WA0145-1.jpg 1080w\" sizes=\"auto, (max-width: 479px) 100vw, 479px\" \/><\/figure>\n<\/div>\n\n\n<p class=\"wp-block-paragraph\">Au nom du principe du contradictoire, ce rapport ainsi mis \u00e0 la disposition de la Ceni peut faire l\u2019objet de commentaires et\/ou d\u2019observations \u00e9ventuels de la part des partenaires togolais. Les acteurs politiques nationaux int\u00e9ress\u00e9s peuvent, d\u00e8s lors, prendre attache avec la Ceni et, si besoin, faire valoir leurs objections et alternatives aux analyses techniques et scientifiques effectu\u00e9es sur le fichier \u00e9lectoral par les experts de l\u2019Oif.<\/p>\n\n\n\n<p class=\"wp-block-paragraph\"><strong>Ali SAMBA<\/strong>&nbsp; <strong>(In LE MEDIUM n\u00b0581 du 28 Novembre au 04 D\u00e9cembre 2023)<\/strong><\/p>\n\n\n\n<p class=\"wp-block-paragraph\"><strong><em>@macite.tg&nbsp;&nbsp;&nbsp;&nbsp;<\/em><\/strong><\/p>\n\n\n\n<p class=\"wp-block-paragraph\"><strong><em>E-mail&nbsp;: <\/em><\/strong><a href=\"mailto:maciteinfo@gmail.com\"><strong><em>maciteinfo@gmail.com<\/em><\/strong><\/a><strong><em>; <\/em><\/strong><a href=\"mailto:bawela1@gmail.com\"><strong><em>bawela1@gmail.com<\/em><\/strong><\/a><\/p>\n\n\n\n<p class=\"wp-block-paragraph\"><strong><em>Pour vos annonces, (publi)reportages, etc., joignez-nous au (00228)91515309\/<strong>79872224 <\/strong>www.macite.tg, L\u2019information, la bonne&nbsp;!<\/em><\/strong><\/p>\n","protected":false},"excerpt":{"rendered":"<p class=\"text-justify mb-2\" >Le 15 novembre dernier, l\u2019Oif remettait \u00e0 la Ceni, le rapport d\u2019audit du fichier \u00e9lectoral issu du recensement \u00e9lectoral (du 29 avril au 14 juin 2023). D\u00e9sir\u00e9 Nyaruhirira, Ambassadeur et conseiller sp\u00e9cial, politique et diplomatique de la Secr\u00e9taire g\u00e9n\u00e9rale de la Francophonie, avait d\u00e9clar\u00e9 que [&hellip;]<\/p>\n","protected":false},"author":2,"featured_media":10726,"comment_status":"open","ping_status":"open","sticky":false,"template":"","format":"standard","meta":{"footnotes":""},"categories":[20,1],"tags":[],"class_list":["post-10714","post","type-post","status-publish","format-standard","has-post-thumbnail","hentry","category-actualite","category-politique"],"yoast_head":"<!-- This site is optimized with the Yoast SEO plugin v28.4 - https:\/\/yoast.com\/product\/yoast-seo-wordpress\/ -->\n<title>AUDIT FICHIER \u00c9LECTORAL : La mise au point de l\u2019Oif -<\/title>\n<meta name=\"robots\" content=\"index, follow, max-snippet:-1, max-image-preview:large, max-video-preview:-1\" \/>\n<link rel=\"canonical\" href=\"https:\/\/macite.tg\/?p=10714\" \/>\n<meta property=\"og:locale\" content=\"fr_FR\" \/>\n<meta property=\"og:type\" content=\"article\" \/>\n<meta property=\"og:title\" content=\"AUDIT FICHIER \u00c9LECTORAL : La mise au point de l\u2019Oif -\" \/>\n<meta property=\"og:description\" content=\"Le 15 novembre dernier, l\u2019Oif remettait \u00e0 la Ceni, le rapport d\u2019audit du fichier \u00e9lectoral issu du recensement \u00e9lectoral (du 29 avril au 14 juin 2023). D\u00e9sir\u00e9 Nyaruhirira, Ambassadeur et conseiller sp\u00e9cial, politique et diplomatique de la Secr\u00e9taire g\u00e9n\u00e9rale de la Francophonie, avait d\u00e9clar\u00e9 que [&hellip;]\" \/>\n<meta property=\"og:url\" content=\"https:\/\/macite.tg\/?p=10714\" \/>\n<meta property=\"article:published_time\" content=\"2023-11-29T11:54:27+00:00\" \/>\n<meta property=\"article:modified_time\" content=\"2023-11-29T11:54:29+00:00\" \/>\n<meta property=\"og:image\" content=\"https:\/\/macite.tg\/wp-content\/uploads\/2023\/11\/IMG-20231127-WA0091.jpg\" \/>\n\t<meta property=\"og:image:width\" content=\"421\" \/>\n\t<meta property=\"og:image:height\" content=\"236\" \/>\n\t<meta property=\"og:image:type\" content=\"image\/jpeg\" \/>\n<meta name=\"author\" content=\"Jean Pierre BAWELA\" \/>\n<meta name=\"twitter:card\" content=\"summary_large_image\" \/>\n<meta name=\"twitter:label1\" content=\"\u00c9crit par\" \/>\n\t<meta name=\"twitter:data1\" content=\"Jean Pierre BAWELA\" \/>\n\t<meta name=\"twitter:label2\" content=\"Dur\u00e9e de lecture estim\u00e9e\" \/>\n\t<meta name=\"twitter:data2\" content=\"4 minutes\" \/>\n<script type=\"application\/ld+json\" class=\"yoast-schema-graph\">{\"@context\":\"https:\\\/\\\/schema.org\",\"@graph\":[{\"@type\":\"Article\",\"@id\":\"https:\\\/\\\/macite.tg\\\/?p=10714#article\",\"isPartOf\":{\"@id\":\"https:\\\/\\\/macite.tg\\\/?p=10714\"},\"author\":{\"name\":\"Jean Pierre BAWELA\",\"@id\":\"https:\\\/\\\/macite.tg\\\/#\\\/schema\\\/person\\\/e9f2de7e5dbbe7770a9402c7ce82f5c2\"},\"headline\":\"AUDIT FICHIER \u00c9LECTORAL : La mise au point de l\u2019Oif\",\"datePublished\":\"2023-11-29T11:54:27+00:00\",\"dateModified\":\"2023-11-29T11:54:29+00:00\",\"mainEntityOfPage\":{\"@id\":\"https:\\\/\\\/macite.tg\\\/?p=10714\"},\"wordCount\":812,\"commentCount\":0,\"image\":{\"@id\":\"https:\\\/\\\/macite.tg\\\/?p=10714#primaryimage\"},\"thumbnailUrl\":\"https:\\\/\\\/macite.tg\\\/wp-content\\\/uploads\\\/2023\\\/11\\\/IMG-20231127-WA0091.jpg\",\"articleSection\":[\"ACTUALITE\",\"POLITIQUE\"],\"inLanguage\":\"fr-FR\",\"potentialAction\":[{\"@type\":\"CommentAction\",\"name\":\"Comment\",\"target\":[\"https:\\\/\\\/macite.tg\\\/?p=10714#respond\"]}]},{\"@type\":\"WebPage\",\"@id\":\"https:\\\/\\\/macite.tg\\\/?p=10714\",\"url\":\"https:\\\/\\\/macite.tg\\\/?p=10714\",\"name\":\"AUDIT FICHIER \u00c9LECTORAL : La mise au point de l\u2019Oif -\",\"isPartOf\":{\"@id\":\"https:\\\/\\\/macite.tg\\\/#website\"},\"primaryImageOfPage\":{\"@id\":\"https:\\\/\\\/macite.tg\\\/?p=10714#primaryimage\"},\"image\":{\"@id\":\"https:\\\/\\\/macite.tg\\\/?p=10714#primaryimage\"},\"thumbnailUrl\":\"https:\\\/\\\/macite.tg\\\/wp-content\\\/uploads\\\/2023\\\/11\\\/IMG-20231127-WA0091.jpg\",\"datePublished\":\"2023-11-29T11:54:27+00:00\",\"dateModified\":\"2023-11-29T11:54:29+00:00\",\"author\":{\"@id\":\"https:\\\/\\\/macite.tg\\\/#\\\/schema\\\/person\\\/e9f2de7e5dbbe7770a9402c7ce82f5c2\"},\"breadcrumb\":{\"@id\":\"https:\\\/\\\/macite.tg\\\/?p=10714#breadcrumb\"},\"inLanguage\":\"fr-FR\",\"potentialAction\":[{\"@type\":\"ReadAction\",\"target\":[\"https:\\\/\\\/macite.tg\\\/?p=10714\"]}]},{\"@type\":\"ImageObject\",\"inLanguage\":\"fr-FR\",\"@id\":\"https:\\\/\\\/macite.tg\\\/?p=10714#primaryimage\",\"url\":\"https:\\\/\\\/macite.tg\\\/wp-content\\\/uploads\\\/2023\\\/11\\\/IMG-20231127-WA0091.jpg\",\"contentUrl\":\"https:\\\/\\\/macite.tg\\\/wp-content\\\/uploads\\\/2023\\\/11\\\/IMG-20231127-WA0091.jpg\",\"width\":421,\"height\":236},{\"@type\":\"BreadcrumbList\",\"@id\":\"https:\\\/\\\/macite.tg\\\/?p=10714#breadcrumb\",\"itemListElement\":[{\"@type\":\"ListItem\",\"position\":1,\"name\":\"Accueil\",\"item\":\"https:\\\/\\\/macite.tg\\\/\"},{\"@type\":\"ListItem\",\"position\":2,\"name\":\"AUDIT FICHIER \u00c9LECTORAL : La mise au point de l\u2019Oif\"}]},{\"@type\":\"WebSite\",\"@id\":\"https:\\\/\\\/macite.tg\\\/#website\",\"url\":\"https:\\\/\\\/macite.tg\\\/\",\"name\":\"\",\"description\":\"L&#039;information, la bonne!!!\",\"potentialAction\":[{\"@type\":\"SearchAction\",\"target\":{\"@type\":\"EntryPoint\",\"urlTemplate\":\"https:\\\/\\\/macite.tg\\\/?s={search_term_string}\"},\"query-input\":{\"@type\":\"PropertyValueSpecification\",\"valueRequired\":true,\"valueName\":\"search_term_string\"}}],\"inLanguage\":\"fr-FR\"},{\"@type\":\"Person\",\"@id\":\"https:\\\/\\\/macite.tg\\\/#\\\/schema\\\/person\\\/e9f2de7e5dbbe7770a9402c7ce82f5c2\",\"name\":\"Jean Pierre BAWELA\",\"image\":{\"@type\":\"ImageObject\",\"inLanguage\":\"fr-FR\",\"@id\":\"https:\\\/\\\/macite.tg\\\/wp-content\\\/uploads\\\/2023\\\/09\\\/WhatsApp-Image-2023-09-19-at-14.44.41-122x122.jpeg\",\"url\":\"https:\\\/\\\/macite.tg\\\/wp-content\\\/uploads\\\/2023\\\/09\\\/WhatsApp-Image-2023-09-19-at-14.44.41-122x122.jpeg\",\"contentUrl\":\"https:\\\/\\\/macite.tg\\\/wp-content\\\/uploads\\\/2023\\\/09\\\/WhatsApp-Image-2023-09-19-at-14.44.41-122x122.jpeg\",\"caption\":\"Jean Pierre BAWELA\"},\"url\":\"https:\\\/\\\/macite.tg\\\/?author=2\"}]}<\/script>\n<!-- \/ Yoast SEO plugin. -->","yoast_head_json":{"title":"AUDIT FICHIER \u00c9LECTORAL : La mise au point de l\u2019Oif -","robots":{"index":"index","follow":"follow","max-snippet":"max-snippet:-1","max-image-preview":"max-image-preview:large","max-video-preview":"max-video-preview:-1"},"canonical":"https:\/\/macite.tg\/?p=10714","og_locale":"fr_FR","og_type":"article","og_title":"AUDIT FICHIER \u00c9LECTORAL : La mise au point de l\u2019Oif -","og_description":"Le 15 novembre dernier, l\u2019Oif remettait \u00e0 la Ceni, le rapport d\u2019audit du fichier \u00e9lectoral issu du recensement \u00e9lectoral (du 29 avril au 14 juin 2023). D\u00e9sir\u00e9 Nyaruhirira, Ambassadeur et conseiller sp\u00e9cial, politique et diplomatique de la Secr\u00e9taire g\u00e9n\u00e9rale de la Francophonie, avait d\u00e9clar\u00e9 que [&hellip;]","og_url":"https:\/\/macite.tg\/?p=10714","article_published_time":"2023-11-29T11:54:27+00:00","article_modified_time":"2023-11-29T11:54:29+00:00","og_image":[{"width":421,"height":236,"url":"https:\/\/macite.tg\/wp-content\/uploads\/2023\/11\/IMG-20231127-WA0091.jpg","type":"image\/jpeg"}],"author":"Jean Pierre BAWELA","twitter_card":"summary_large_image","twitter_misc":{"\u00c9crit par":"Jean Pierre BAWELA","Dur\u00e9e de lecture estim\u00e9e":"4 minutes"},"schema":{"@context":"https:\/\/schema.org","@graph":[{"@type":"Article","@id":"https:\/\/macite.tg\/?p=10714#article","isPartOf":{"@id":"https:\/\/macite.tg\/?p=10714"},"author":{"name":"Jean Pierre BAWELA","@id":"https:\/\/macite.tg\/#\/schema\/person\/e9f2de7e5dbbe7770a9402c7ce82f5c2"},"headline":"AUDIT FICHIER \u00c9LECTORAL : La mise au point de l\u2019Oif","datePublished":"2023-11-29T11:54:27+00:00","dateModified":"2023-11-29T11:54:29+00:00","mainEntityOfPage":{"@id":"https:\/\/macite.tg\/?p=10714"},"wordCount":812,"commentCount":0,"image":{"@id":"https:\/\/macite.tg\/?p=10714#primaryimage"},"thumbnailUrl":"https:\/\/macite.tg\/wp-content\/uploads\/2023\/11\/IMG-20231127-WA0091.jpg","articleSection":["ACTUALITE","POLITIQUE"],"inLanguage":"fr-FR","potentialAction":[{"@type":"CommentAction","name":"Comment","target":["https:\/\/macite.tg\/?p=10714#respond"]}]},{"@type":"WebPage","@id":"https:\/\/macite.tg\/?p=10714","url":"https:\/\/macite.tg\/?p=10714","name":"AUDIT FICHIER \u00c9LECTORAL : La mise au point de l\u2019Oif -","isPartOf":{"@id":"https:\/\/macite.tg\/#website"},"primaryImageOfPage":{"@id":"https:\/\/macite.tg\/?p=10714#primaryimage"},"image":{"@id":"https:\/\/macite.tg\/?p=10714#primaryimage"},"thumbnailUrl":"https:\/\/macite.tg\/wp-content\/uploads\/2023\/11\/IMG-20231127-WA0091.jpg","datePublished":"2023-11-29T11:54:27+00:00","dateModified":"2023-11-29T11:54:29+00:00","author":{"@id":"https:\/\/macite.tg\/#\/schema\/person\/e9f2de7e5dbbe7770a9402c7ce82f5c2"},"breadcrumb":{"@id":"https:\/\/macite.tg\/?p=10714#breadcrumb"},"inLanguage":"fr-FR","potentialAction":[{"@type":"ReadAction","target":["https:\/\/macite.tg\/?p=10714"]}]},{"@type":"ImageObject","inLanguage":"fr-FR","@id":"https:\/\/macite.tg\/?p=10714#primaryimage","url":"https:\/\/macite.tg\/wp-content\/uploads\/2023\/11\/IMG-20231127-WA0091.jpg","contentUrl":"https:\/\/macite.tg\/wp-content\/uploads\/2023\/11\/IMG-20231127-WA0091.jpg","width":421,"height":236},{"@type":"BreadcrumbList","@id":"https:\/\/macite.tg\/?p=10714#breadcrumb","itemListElement":[{"@type":"ListItem","position":1,"name":"Accueil","item":"https:\/\/macite.tg\/"},{"@type":"ListItem","position":2,"name":"AUDIT FICHIER \u00c9LECTORAL : La mise au point de l\u2019Oif"}]},{"@type":"WebSite","@id":"https:\/\/macite.tg\/#website","url":"https:\/\/macite.tg\/","name":"","description":"L&#039;information, la bonne!!!","potentialAction":[{"@type":"SearchAction","target":{"@type":"EntryPoint","urlTemplate":"https:\/\/macite.tg\/?s={search_term_string}"},"query-input":{"@type":"PropertyValueSpecification","valueRequired":true,"valueName":"search_term_string"}}],"inLanguage":"fr-FR"},{"@type":"Person","@id":"https:\/\/macite.tg\/#\/schema\/person\/e9f2de7e5dbbe7770a9402c7ce82f5c2","name":"Jean Pierre BAWELA","image":{"@type":"ImageObject","inLanguage":"fr-FR","@id":"https:\/\/macite.tg\/wp-content\/uploads\/2023\/09\/WhatsApp-Image-2023-09-19-at-14.44.41-122x122.jpeg","url":"https:\/\/macite.tg\/wp-content\/uploads\/2023\/09\/WhatsApp-Image-2023-09-19-at-14.44.41-122x122.jpeg","contentUrl":"https:\/\/macite.tg\/wp-content\/uploads\/2023\/09\/WhatsApp-Image-2023-09-19-at-14.44.41-122x122.jpeg","caption":"Jean Pierre BAWELA"},"url":"https:\/\/macite.tg\/?author=2"}]}},"_links":{"self":[{"href":"https:\/\/macite.tg\/index.php?rest_route=\/wp\/v2\/posts\/10714","targetHints":{"allow":["GET"]}}],"collection":[{"href":"https:\/\/macite.tg\/index.php?rest_route=\/wp\/v2\/posts"}],"about":[{"href":"https:\/\/macite.tg\/index.php?rest_route=\/wp\/v2\/types\/post"}],"author":[{"embeddable":true,"href":"https:\/\/macite.tg\/index.php?rest_route=\/wp\/v2\/users\/2"}],"replies":[{"embeddable":true,"href":"https:\/\/macite.tg\/index.php?rest_route=%2Fwp%2Fv2%2Fcomments&post=10714"}],"version-history":[{"count":0,"href":"https:\/\/macite.tg\/index.php?rest_route=\/wp\/v2\/posts\/10714\/revisions"}],"wp:featuredmedia":[{"embeddable":true,"href":"https:\/\/macite.tg\/index.php?rest_route=\/wp\/v2\/media\/10726"}],"wp:attachment":[{"href":"https:\/\/macite.tg\/index.php?rest_route=%2Fwp%2Fv2%2Fmedia&parent=10714"}],"wp:term":[{"taxonomy":"category","embeddable":true,"href":"https:\/\/macite.tg\/index.php?rest_route=%2Fwp%2Fv2%2Fcategories&post=10714"},{"taxonomy":"post_tag","embeddable":true,"href":"https:\/\/macite.tg\/index.php?rest_route=%2Fwp%2Fv2%2Ftags&post=10714"}],"curies":[{"name":"wp","href":"https:\/\/api.w.org\/{rel}","templated":true}]}}