{"id":10703,"date":"2023-11-28T17:39:34","date_gmt":"2023-11-28T17:39:34","guid":{"rendered":"https:\/\/macite.tg\/?p=10703"},"modified":"2023-11-28T17:39:57","modified_gmt":"2023-11-28T17:39:57","slug":"togo-la-fin-mars-2024-au-plus-tard-pour-la-tenue-des-prochaines-legislatives-et-regionales","status":"publish","type":"post","link":"https:\/\/macite.tg\/?p=10703","title":{"rendered":"TOGO\u00a0: La fin mars 2024 au plus tard, pour la tenue des prochaines l\u00e9gislatives et r\u00e9gionales"},"content":{"rendered":"\n<p class=\"wp-block-paragraph\"><strong><em>Les choses se pr\u00e9cises quant \u00e0 l\u2019organisation prochaine des \u00e9lections, notamment l\u00e9gislatives et r\u00e9gionales prochaines au Togo. Samedi 27 novembre dernier, l\u2019ex\u00e9cutif togolais, sous la houlette du Chef de l\u2019Etat, Faure Gnassingb\u00e9, a soulign\u00e9 que les prochaines \u00e9lections devront se tenir \u00ab\u00a0au plus tard \u00e0 la fin du premier trimestre de l\u2019ann\u00e9e 2024<\/em>\u00a0\u00bb.<\/strong><\/p>\n\n\n\n<p class=\"wp-block-paragraph\">La derni\u00e8re \u00e9tape de l\u2019organisation des prochaines \u00e9lections a \u00e9t\u00e9 franchie avec le quitus donn\u00e9, il y a quelques semaines, \u00e0 la Commission \u00e9lectorale nationale ind\u00e9pendante (Ceni) par l\u2019Organisation internationale de la francophonie (Oif).<\/p>\n\n\n<div class=\"wp-block-image\">\n<figure class=\"aligncenter size-large is-resized\"><img loading=\"lazy\" decoding=\"async\" src=\"https:\/\/macite.tg\/wp-content\/uploads\/2023\/11\/IMG-20230731-WA0145-1-1024x1024.jpg\" alt=\"\" class=\"wp-image-10680\" width=\"452\" height=\"452\" srcset=\"https:\/\/macite.tg\/wp-content\/uploads\/2023\/11\/IMG-20230731-WA0145-1-1024x1024.jpg 1024w, https:\/\/macite.tg\/wp-content\/uploads\/2023\/11\/IMG-20230731-WA0145-1-300x300.jpg 300w, https:\/\/macite.tg\/wp-content\/uploads\/2023\/11\/IMG-20230731-WA0145-1-150x150.jpg 150w, https:\/\/macite.tg\/wp-content\/uploads\/2023\/11\/IMG-20230731-WA0145-1-768x768.jpg 768w, https:\/\/macite.tg\/wp-content\/uploads\/2023\/11\/IMG-20230731-WA0145-1-122x122.jpg 122w, https:\/\/macite.tg\/wp-content\/uploads\/2023\/11\/IMG-20230731-WA0145-1.jpg 1080w\" sizes=\"auto, (max-width: 452px) 100vw, 452px\" \/><\/figure>\n<\/div>\n\n\n<p class=\"wp-block-paragraph\">Le fichier \u00e9lectoral d\u00e9finitif a \u00e9t\u00e9 approuv\u00e9 par l\u2019Oif, et compte 51,9% de Togolaises et Togolais, conform\u00e9ment au dernier recensement g\u00e9n\u00e9ral de la population. Ce sont environ 4,2 millions de Togolaises et Togolais en \u00e2ge de vot\u00e9, qui sont r\u00e9guli\u00e8rement inscrits sur les listes \u00e9lectorales.<\/p>\n\n\n\n<p class=\"wp-block-paragraph\">Samedi dernier, l\u2019ex\u00e9cutif togolais a \u00e9t\u00e9 instruit par le Chef de l\u2019Etat, afin de&nbsp;\u00ab&nbsp;<em>de prendre sans tarder, toutes les mesures pour permettre d\u2019organiser les prochaines \u00e9lections au plus tard \u00e0 la fin du premier trimestre de l\u2019ann\u00e9e 2024<\/em>, <em>en tenant compte de la persistance des d\u00e9fis s\u00e9curitaires pour garantir \u00e0 tous -candidats, \u00e9lecteurs et citoyens- la s\u00e9curit\u00e9 n\u00e9cessaire sur toute l\u2019\u00e9tendue du territoire national&nbsp;\u00bb<\/em>.<\/p>\n\n\n<div class=\"wp-block-image\">\n<figure class=\"aligncenter size-large is-resized\"><img loading=\"lazy\" decoding=\"async\" src=\"https:\/\/macite.tg\/wp-content\/uploads\/2023\/11\/WhatsApp-Image-2023-10-09-at-17.28.15-1-1024x1024.jpeg\" alt=\"\" class=\"wp-image-10647\" width=\"542\" height=\"542\" srcset=\"https:\/\/macite.tg\/wp-content\/uploads\/2023\/11\/WhatsApp-Image-2023-10-09-at-17.28.15-1-1024x1024.jpeg 1024w, https:\/\/macite.tg\/wp-content\/uploads\/2023\/11\/WhatsApp-Image-2023-10-09-at-17.28.15-1-300x300.jpeg 300w, https:\/\/macite.tg\/wp-content\/uploads\/2023\/11\/WhatsApp-Image-2023-10-09-at-17.28.15-1-150x150.jpeg 150w, https:\/\/macite.tg\/wp-content\/uploads\/2023\/11\/WhatsApp-Image-2023-10-09-at-17.28.15-1-768x768.jpeg 768w, https:\/\/macite.tg\/wp-content\/uploads\/2023\/11\/WhatsApp-Image-2023-10-09-at-17.28.15-1-122x122.jpeg 122w, https:\/\/macite.tg\/wp-content\/uploads\/2023\/11\/WhatsApp-Image-2023-10-09-at-17.28.15-1.jpeg 1280w\" sizes=\"auto, (max-width: 542px) 100vw, 542px\" \/><\/figure>\n<\/div>\n\n\n<p class=\"wp-block-paragraph\">D\u00e9sormais, la balle est dans le camp de la Ceni. Elle devra proposer un chronogramme qui pourra permettre de tenir dans ce d\u00e9lai, et des d\u00e9fis aff\u00e9rents. M\u00eame des dissonances sonnent d\u00e9j\u00e0 dans le camp de certains partis politiques de l\u2019opposition, l\u2019on devrait privil\u00e9gier l\u2019int\u00e9r\u00eat national au d\u00e9triment de tout autre int\u00e9r\u00eat.<\/p>\n\n\n\n<p class=\"wp-block-paragraph\">Notons que la l\u00e9gislature actuelle arrive \u00e0 termes dans un mois exactement, le 31 d\u00e9cembre prochain pr\u00e9cis\u00e9ment, mais elle sera en place jusqu\u2019\u00e0 la suivante.<\/p>\n\n\n\n<p class=\"wp-block-paragraph\"><strong>La R\u00e9daction<\/strong><\/p>\n\n\n\n<p class=\"wp-block-paragraph\"><strong><em>@macite.tg&nbsp;&nbsp;&nbsp;&nbsp;&nbsp;&nbsp;&nbsp;&nbsp;<\/em><\/strong><\/p>\n\n\n\n<p class=\"wp-block-paragraph\"><strong><em>E-mail&nbsp;: <\/em><\/strong><a href=\"mailto:maciteinfo@gmail.com\"><strong><em>maciteinfo@gmail.com<\/em><\/strong><\/a><strong><em>; <\/em><\/strong><a href=\"mailto:bawela1@gmail.com\"><strong><em>bawela1@gmail.com<\/em><\/strong><\/a><\/p>\n\n\n\n<p class=\"wp-block-paragraph\"><strong><em>Pour vos annonces, (publi)reportages, etc., joignez-nous au (00228)91515309\/<strong>79872224 <\/strong>www.macite.tg, L\u2019information, la bonne&nbsp;!<\/em><\/strong><\/p>\n","protected":false},"excerpt":{"rendered":"<p class=\"text-justify mb-2\" >Les choses se pr\u00e9cises quant \u00e0 l\u2019organisation prochaine des \u00e9lections, notamment l\u00e9gislatives et r\u00e9gionales prochaines au Togo. Samedi 27 novembre dernier, l\u2019ex\u00e9cutif togolais, sous la houlette du Chef de l\u2019Etat, Faure Gnassingb\u00e9, a soulign\u00e9 que les prochaines \u00e9lections devront se tenir \u00ab\u00a0au plus tard \u00e0 [&hellip;]<\/p>\n","protected":false},"author":2,"featured_media":10705,"comment_status":"open","ping_status":"open","sticky":false,"template":"","format":"standard","meta":{"footnotes":""},"categories":[20,1],"tags":[],"class_list":["post-10703","post","type-post","status-publish","format-standard","has-post-thumbnail","hentry","category-actualite","category-politique"],"yoast_head":"<!-- This site is optimized with the Yoast SEO plugin v28.4 - https:\/\/yoast.com\/product\/yoast-seo-wordpress\/ -->\n<title>TOGO\u00a0: La fin mars 2024 au plus tard, pour la tenue des prochaines l\u00e9gislatives et r\u00e9gionales -<\/title>\n<meta name=\"robots\" content=\"index, follow, max-snippet:-1, max-image-preview:large, max-video-preview:-1\" \/>\n<link rel=\"canonical\" href=\"https:\/\/macite.tg\/?p=10703\" \/>\n<meta property=\"og:locale\" content=\"fr_FR\" \/>\n<meta property=\"og:type\" content=\"article\" \/>\n<meta property=\"og:title\" content=\"TOGO\u00a0: La fin mars 2024 au plus tard, pour la tenue des prochaines l\u00e9gislatives et r\u00e9gionales -\" \/>\n<meta property=\"og:description\" content=\"Les choses se pr\u00e9cises quant \u00e0 l\u2019organisation prochaine des \u00e9lections, notamment l\u00e9gislatives et r\u00e9gionales prochaines au Togo. Samedi 27 novembre dernier, l\u2019ex\u00e9cutif togolais, sous la houlette du Chef de l\u2019Etat, Faure Gnassingb\u00e9, a soulign\u00e9 que les prochaines \u00e9lections devront se tenir \u00ab\u00a0au plus tard \u00e0 [&hellip;]\" \/>\n<meta property=\"og:url\" content=\"https:\/\/macite.tg\/?p=10703\" \/>\n<meta property=\"article:published_time\" content=\"2023-11-28T17:39:34+00:00\" \/>\n<meta property=\"article:modified_time\" content=\"2023-11-28T17:39:57+00:00\" \/>\n<meta property=\"og:image\" content=\"https:\/\/macite.tg\/wp-content\/uploads\/2023\/11\/7f3d528ecb59525ae641ddcb12f6d1b8_XL.jpg\" \/>\n\t<meta property=\"og:image:width\" content=\"770\" \/>\n\t<meta property=\"og:image:height\" content=\"433\" \/>\n\t<meta property=\"og:image:type\" content=\"image\/jpeg\" \/>\n<meta name=\"author\" content=\"Jean Pierre BAWELA\" \/>\n<meta name=\"twitter:card\" content=\"summary_large_image\" \/>\n<meta name=\"twitter:label1\" content=\"\u00c9crit par\" \/>\n\t<meta name=\"twitter:data1\" content=\"Jean Pierre BAWELA\" \/>\n\t<meta name=\"twitter:label2\" content=\"Dur\u00e9e de lecture estim\u00e9e\" \/>\n\t<meta name=\"twitter:data2\" content=\"2 minutes\" \/>\n<script type=\"application\/ld+json\" class=\"yoast-schema-graph\">{\"@context\":\"https:\\\/\\\/schema.org\",\"@graph\":[{\"@type\":\"Article\",\"@id\":\"https:\\\/\\\/macite.tg\\\/?p=10703#article\",\"isPartOf\":{\"@id\":\"https:\\\/\\\/macite.tg\\\/?p=10703\"},\"author\":{\"name\":\"Jean Pierre BAWELA\",\"@id\":\"https:\\\/\\\/macite.tg\\\/#\\\/schema\\\/person\\\/e9f2de7e5dbbe7770a9402c7ce82f5c2\"},\"headline\":\"TOGO\u00a0: La fin mars 2024 au plus tard, pour la tenue des prochaines l\u00e9gislatives et r\u00e9gionales\",\"datePublished\":\"2023-11-28T17:39:34+00:00\",\"dateModified\":\"2023-11-28T17:39:57+00:00\",\"mainEntityOfPage\":{\"@id\":\"https:\\\/\\\/macite.tg\\\/?p=10703\"},\"wordCount\":369,\"commentCount\":0,\"image\":{\"@id\":\"https:\\\/\\\/macite.tg\\\/?p=10703#primaryimage\"},\"thumbnailUrl\":\"https:\\\/\\\/macite.tg\\\/wp-content\\\/uploads\\\/2023\\\/11\\\/7f3d528ecb59525ae641ddcb12f6d1b8_XL.jpg\",\"articleSection\":[\"ACTUALITE\",\"POLITIQUE\"],\"inLanguage\":\"fr-FR\",\"potentialAction\":[{\"@type\":\"CommentAction\",\"name\":\"Comment\",\"target\":[\"https:\\\/\\\/macite.tg\\\/?p=10703#respond\"]}]},{\"@type\":\"WebPage\",\"@id\":\"https:\\\/\\\/macite.tg\\\/?p=10703\",\"url\":\"https:\\\/\\\/macite.tg\\\/?p=10703\",\"name\":\"TOGO\u00a0: La fin mars 2024 au plus tard, pour la tenue des prochaines l\u00e9gislatives et r\u00e9gionales -\",\"isPartOf\":{\"@id\":\"https:\\\/\\\/macite.tg\\\/#website\"},\"primaryImageOfPage\":{\"@id\":\"https:\\\/\\\/macite.tg\\\/?p=10703#primaryimage\"},\"image\":{\"@id\":\"https:\\\/\\\/macite.tg\\\/?p=10703#primaryimage\"},\"thumbnailUrl\":\"https:\\\/\\\/macite.tg\\\/wp-content\\\/uploads\\\/2023\\\/11\\\/7f3d528ecb59525ae641ddcb12f6d1b8_XL.jpg\",\"datePublished\":\"2023-11-28T17:39:34+00:00\",\"dateModified\":\"2023-11-28T17:39:57+00:00\",\"author\":{\"@id\":\"https:\\\/\\\/macite.tg\\\/#\\\/schema\\\/person\\\/e9f2de7e5dbbe7770a9402c7ce82f5c2\"},\"breadcrumb\":{\"@id\":\"https:\\\/\\\/macite.tg\\\/?p=10703#breadcrumb\"},\"inLanguage\":\"fr-FR\",\"potentialAction\":[{\"@type\":\"ReadAction\",\"target\":[\"https:\\\/\\\/macite.tg\\\/?p=10703\"]}]},{\"@type\":\"ImageObject\",\"inLanguage\":\"fr-FR\",\"@id\":\"https:\\\/\\\/macite.tg\\\/?p=10703#primaryimage\",\"url\":\"https:\\\/\\\/macite.tg\\\/wp-content\\\/uploads\\\/2023\\\/11\\\/7f3d528ecb59525ae641ddcb12f6d1b8_XL.jpg\",\"contentUrl\":\"https:\\\/\\\/macite.tg\\\/wp-content\\\/uploads\\\/2023\\\/11\\\/7f3d528ecb59525ae641ddcb12f6d1b8_XL.jpg\",\"width\":770,\"height\":433},{\"@type\":\"BreadcrumbList\",\"@id\":\"https:\\\/\\\/macite.tg\\\/?p=10703#breadcrumb\",\"itemListElement\":[{\"@type\":\"ListItem\",\"position\":1,\"name\":\"Accueil\",\"item\":\"https:\\\/\\\/macite.tg\\\/\"},{\"@type\":\"ListItem\",\"position\":2,\"name\":\"TOGO\u00a0: La fin mars 2024 au plus tard, pour la tenue des prochaines l\u00e9gislatives et r\u00e9gionales\"}]},{\"@type\":\"WebSite\",\"@id\":\"https:\\\/\\\/macite.tg\\\/#website\",\"url\":\"https:\\\/\\\/macite.tg\\\/\",\"name\":\"\",\"description\":\"L&#039;information, la bonne!!!\",\"potentialAction\":[{\"@type\":\"SearchAction\",\"target\":{\"@type\":\"EntryPoint\",\"urlTemplate\":\"https:\\\/\\\/macite.tg\\\/?s={search_term_string}\"},\"query-input\":{\"@type\":\"PropertyValueSpecification\",\"valueRequired\":true,\"valueName\":\"search_term_string\"}}],\"inLanguage\":\"fr-FR\"},{\"@type\":\"Person\",\"@id\":\"https:\\\/\\\/macite.tg\\\/#\\\/schema\\\/person\\\/e9f2de7e5dbbe7770a9402c7ce82f5c2\",\"name\":\"Jean Pierre BAWELA\",\"image\":{\"@type\":\"ImageObject\",\"inLanguage\":\"fr-FR\",\"@id\":\"https:\\\/\\\/macite.tg\\\/wp-content\\\/uploads\\\/2023\\\/09\\\/WhatsApp-Image-2023-09-19-at-14.44.41-122x122.jpeg\",\"url\":\"https:\\\/\\\/macite.tg\\\/wp-content\\\/uploads\\\/2023\\\/09\\\/WhatsApp-Image-2023-09-19-at-14.44.41-122x122.jpeg\",\"contentUrl\":\"https:\\\/\\\/macite.tg\\\/wp-content\\\/uploads\\\/2023\\\/09\\\/WhatsApp-Image-2023-09-19-at-14.44.41-122x122.jpeg\",\"caption\":\"Jean Pierre BAWELA\"},\"url\":\"https:\\\/\\\/macite.tg\\\/?author=2\"}]}<\/script>\n<!-- \/ Yoast SEO plugin. -->","yoast_head_json":{"title":"TOGO\u00a0: La fin mars 2024 au plus tard, pour la tenue des prochaines l\u00e9gislatives et r\u00e9gionales -","robots":{"index":"index","follow":"follow","max-snippet":"max-snippet:-1","max-image-preview":"max-image-preview:large","max-video-preview":"max-video-preview:-1"},"canonical":"https:\/\/macite.tg\/?p=10703","og_locale":"fr_FR","og_type":"article","og_title":"TOGO\u00a0: La fin mars 2024 au plus tard, pour la tenue des prochaines l\u00e9gislatives et r\u00e9gionales -","og_description":"Les choses se pr\u00e9cises quant \u00e0 l\u2019organisation prochaine des \u00e9lections, notamment l\u00e9gislatives et r\u00e9gionales prochaines au Togo. Samedi 27 novembre dernier, l\u2019ex\u00e9cutif togolais, sous la houlette du Chef de l\u2019Etat, Faure Gnassingb\u00e9, a soulign\u00e9 que les prochaines \u00e9lections devront se tenir \u00ab\u00a0au plus tard \u00e0 [&hellip;]","og_url":"https:\/\/macite.tg\/?p=10703","article_published_time":"2023-11-28T17:39:34+00:00","article_modified_time":"2023-11-28T17:39:57+00:00","og_image":[{"width":770,"height":433,"url":"https:\/\/macite.tg\/wp-content\/uploads\/2023\/11\/7f3d528ecb59525ae641ddcb12f6d1b8_XL.jpg","type":"image\/jpeg"}],"author":"Jean Pierre BAWELA","twitter_card":"summary_large_image","twitter_misc":{"\u00c9crit par":"Jean Pierre BAWELA","Dur\u00e9e de lecture estim\u00e9e":"2 minutes"},"schema":{"@context":"https:\/\/schema.org","@graph":[{"@type":"Article","@id":"https:\/\/macite.tg\/?p=10703#article","isPartOf":{"@id":"https:\/\/macite.tg\/?p=10703"},"author":{"name":"Jean Pierre BAWELA","@id":"https:\/\/macite.tg\/#\/schema\/person\/e9f2de7e5dbbe7770a9402c7ce82f5c2"},"headline":"TOGO\u00a0: La fin mars 2024 au plus tard, pour la tenue des prochaines l\u00e9gislatives et r\u00e9gionales","datePublished":"2023-11-28T17:39:34+00:00","dateModified":"2023-11-28T17:39:57+00:00","mainEntityOfPage":{"@id":"https:\/\/macite.tg\/?p=10703"},"wordCount":369,"commentCount":0,"image":{"@id":"https:\/\/macite.tg\/?p=10703#primaryimage"},"thumbnailUrl":"https:\/\/macite.tg\/wp-content\/uploads\/2023\/11\/7f3d528ecb59525ae641ddcb12f6d1b8_XL.jpg","articleSection":["ACTUALITE","POLITIQUE"],"inLanguage":"fr-FR","potentialAction":[{"@type":"CommentAction","name":"Comment","target":["https:\/\/macite.tg\/?p=10703#respond"]}]},{"@type":"WebPage","@id":"https:\/\/macite.tg\/?p=10703","url":"https:\/\/macite.tg\/?p=10703","name":"TOGO\u00a0: La fin mars 2024 au plus tard, pour la tenue des prochaines l\u00e9gislatives et r\u00e9gionales -","isPartOf":{"@id":"https:\/\/macite.tg\/#website"},"primaryImageOfPage":{"@id":"https:\/\/macite.tg\/?p=10703#primaryimage"},"image":{"@id":"https:\/\/macite.tg\/?p=10703#primaryimage"},"thumbnailUrl":"https:\/\/macite.tg\/wp-content\/uploads\/2023\/11\/7f3d528ecb59525ae641ddcb12f6d1b8_XL.jpg","datePublished":"2023-11-28T17:39:34+00:00","dateModified":"2023-11-28T17:39:57+00:00","author":{"@id":"https:\/\/macite.tg\/#\/schema\/person\/e9f2de7e5dbbe7770a9402c7ce82f5c2"},"breadcrumb":{"@id":"https:\/\/macite.tg\/?p=10703#breadcrumb"},"inLanguage":"fr-FR","potentialAction":[{"@type":"ReadAction","target":["https:\/\/macite.tg\/?p=10703"]}]},{"@type":"ImageObject","inLanguage":"fr-FR","@id":"https:\/\/macite.tg\/?p=10703#primaryimage","url":"https:\/\/macite.tg\/wp-content\/uploads\/2023\/11\/7f3d528ecb59525ae641ddcb12f6d1b8_XL.jpg","contentUrl":"https:\/\/macite.tg\/wp-content\/uploads\/2023\/11\/7f3d528ecb59525ae641ddcb12f6d1b8_XL.jpg","width":770,"height":433},{"@type":"BreadcrumbList","@id":"https:\/\/macite.tg\/?p=10703#breadcrumb","itemListElement":[{"@type":"ListItem","position":1,"name":"Accueil","item":"https:\/\/macite.tg\/"},{"@type":"ListItem","position":2,"name":"TOGO\u00a0: La fin mars 2024 au plus tard, pour la tenue des prochaines l\u00e9gislatives et r\u00e9gionales"}]},{"@type":"WebSite","@id":"https:\/\/macite.tg\/#website","url":"https:\/\/macite.tg\/","name":"","description":"L&#039;information, la bonne!!!","potentialAction":[{"@type":"SearchAction","target":{"@type":"EntryPoint","urlTemplate":"https:\/\/macite.tg\/?s={search_term_string}"},"query-input":{"@type":"PropertyValueSpecification","valueRequired":true,"valueName":"search_term_string"}}],"inLanguage":"fr-FR"},{"@type":"Person","@id":"https:\/\/macite.tg\/#\/schema\/person\/e9f2de7e5dbbe7770a9402c7ce82f5c2","name":"Jean Pierre BAWELA","image":{"@type":"ImageObject","inLanguage":"fr-FR","@id":"https:\/\/macite.tg\/wp-content\/uploads\/2023\/09\/WhatsApp-Image-2023-09-19-at-14.44.41-122x122.jpeg","url":"https:\/\/macite.tg\/wp-content\/uploads\/2023\/09\/WhatsApp-Image-2023-09-19-at-14.44.41-122x122.jpeg","contentUrl":"https:\/\/macite.tg\/wp-content\/uploads\/2023\/09\/WhatsApp-Image-2023-09-19-at-14.44.41-122x122.jpeg","caption":"Jean Pierre BAWELA"},"url":"https:\/\/macite.tg\/?author=2"}]}},"_links":{"self":[{"href":"https:\/\/macite.tg\/index.php?rest_route=\/wp\/v2\/posts\/10703","targetHints":{"allow":["GET"]}}],"collection":[{"href":"https:\/\/macite.tg\/index.php?rest_route=\/wp\/v2\/posts"}],"about":[{"href":"https:\/\/macite.tg\/index.php?rest_route=\/wp\/v2\/types\/post"}],"author":[{"embeddable":true,"href":"https:\/\/macite.tg\/index.php?rest_route=\/wp\/v2\/users\/2"}],"replies":[{"embeddable":true,"href":"https:\/\/macite.tg\/index.php?rest_route=%2Fwp%2Fv2%2Fcomments&post=10703"}],"version-history":[{"count":0,"href":"https:\/\/macite.tg\/index.php?rest_route=\/wp\/v2\/posts\/10703\/revisions"}],"wp:featuredmedia":[{"embeddable":true,"href":"https:\/\/macite.tg\/index.php?rest_route=\/wp\/v2\/media\/10705"}],"wp:attachment":[{"href":"https:\/\/macite.tg\/index.php?rest_route=%2Fwp%2Fv2%2Fmedia&parent=10703"}],"wp:term":[{"taxonomy":"category","embeddable":true,"href":"https:\/\/macite.tg\/index.php?rest_route=%2Fwp%2Fv2%2Fcategories&post=10703"},{"taxonomy":"post_tag","embeddable":true,"href":"https:\/\/macite.tg\/index.php?rest_route=%2Fwp%2Fv2%2Ftags&post=10703"}],"curies":[{"name":"wp","href":"https:\/\/api.w.org\/{rel}","templated":true}]}}