{"id":10698,"date":"2023-11-28T12:08:26","date_gmt":"2023-11-28T12:08:26","guid":{"rendered":"https:\/\/macite.tg\/?p=10698"},"modified":"2023-11-28T12:08:28","modified_gmt":"2023-11-28T12:08:28","slug":"lutte-contre-le-cancer-du-col-de-luterus-une-campagne-nationale-de-vaccination-lancee-jusquau-1er-decembre","status":"publish","type":"post","link":"https:\/\/macite.tg\/?p=10698","title":{"rendered":"LUTTE CONTRE LE CANCER DU COL DE L\u2019UT\u00c9RUS\u00a0: Une campagne nationale de vaccination lanc\u00e9e jusqu\u2019au 1er d\u00e9cembre"},"content":{"rendered":"\n<h2 class=\"wp-block-heading\"><i class=\"fas fa-pencil-alt\"> <\/i><span><\/h2>\n\n\n\n<p class=\"wp-block-paragraph\"><strong><em>Le minist\u00e8re en charge de la Sant\u00e9 a lanc\u00e9, hier lundi 27 novembre, une campagne nationale de vaccination contre le cancer du col de l\u2019ut\u00e9rus.<\/em><\/strong><\/p>\n\n\n\n<p class=\"wp-block-paragraph\">Dans le cadre du Programme de lutte contre le cancer du col de l\u2019ut\u00e9rus, le minist\u00e8re de la sant\u00e9 a lanc\u00e9 une campagne nationale de vaccination pour venir \u00e0 bout de cette maladie devenue un probl\u00e8me majeur de sant\u00e9 publique.<\/p>\n\n\n\n<p class=\"wp-block-paragraph\">Ouverte hier lundi 27 novembre, cette campagne qui cours jusqu\u2019au 1<sup>er<\/sup> d\u00e9cembre prochain, consiste \u00e0 administrer des doses de Cervarix aux jeunes filles \u00e2g\u00e9es de 9 \u00e0 14 ans, ceci afin de les prot\u00e9ger contre le virus du papillome humain, responsable du cancer du col de l\u2019ut\u00e9rus. Pour cette campagne de cinq jours, des \u00e9quipes sp\u00e9cifiques sont mobilis\u00e9es.<\/p>\n\n\n<div class=\"wp-block-image\">\n<figure class=\"aligncenter size-large is-resized\"><img loading=\"lazy\" decoding=\"async\" src=\"https:\/\/macite.tg\/wp-content\/uploads\/2023\/11\/IMG-20230731-WA0145-1-1024x1024.jpg\" alt=\"\" class=\"wp-image-10680\" width=\"447\" height=\"447\" srcset=\"https:\/\/macite.tg\/wp-content\/uploads\/2023\/11\/IMG-20230731-WA0145-1-1024x1024.jpg 1024w, https:\/\/macite.tg\/wp-content\/uploads\/2023\/11\/IMG-20230731-WA0145-1-300x300.jpg 300w, https:\/\/macite.tg\/wp-content\/uploads\/2023\/11\/IMG-20230731-WA0145-1-150x150.jpg 150w, https:\/\/macite.tg\/wp-content\/uploads\/2023\/11\/IMG-20230731-WA0145-1-768x768.jpg 768w, https:\/\/macite.tg\/wp-content\/uploads\/2023\/11\/IMG-20230731-WA0145-1-122x122.jpg 122w, https:\/\/macite.tg\/wp-content\/uploads\/2023\/11\/IMG-20230731-WA0145-1.jpg 1080w\" sizes=\"auto, (max-width: 447px) 100vw, 447px\" \/><\/figure>\n<\/div>\n\n\n<p class=\"wp-block-paragraph\">Outre les centres de sant\u00e9 et autres formations sanitaires habilet\u00e9s, des \u00e9quipes mobiles sillonnent &nbsp;les \u00e9tablissements scolaires, les lieux de culte, les march\u00e9s, et autres lieux de rassemblement, pour administrer ces doses aux filles de cette tranche d\u2019\u00e2ge.<\/p>\n\n\n\n<p class=\"wp-block-paragraph\">Notons qu\u2019entre 2015 et 2017, une phase exp\u00e9rimentale r\u00e9alis\u00e9e dans les districts sanitaires du Golfe et de Tchamba, avait donn\u00e9 des r\u00e9sultats encourageants. Elle a \u00e9t\u00e9 suivie de la validation du Plan national de lutte contre les &nbsp;cancers.<\/p>\n\n\n\n<p class=\"wp-block-paragraph\">Ce cancer du col de l\u2019ut\u00e9rus se manifeste par des saignements vaginaux apr\u00e8s les rapports sexuel ; des saignements vaginaux spontan\u00e9s en dehors de la p\u00e9riode des r\u00e8gles ; des douleurs au moment des rapports sexuels ; des pertes vaginales ; des douleurs dans le bas-ventre ; mais aussi des douleurs lombaires.<\/p>\n\n\n\n<figure class=\"wp-block-image size-large is-resized\"><img loading=\"lazy\" decoding=\"async\" src=\"https:\/\/macite.tg\/wp-content\/uploads\/2023\/11\/ANNONCES-1-1024x426.jpg\" alt=\"\" class=\"wp-image-10689\" width=\"762\" height=\"317\" srcset=\"https:\/\/macite.tg\/wp-content\/uploads\/2023\/11\/ANNONCES-1-1024x426.jpg 1024w, https:\/\/macite.tg\/wp-content\/uploads\/2023\/11\/ANNONCES-1-300x125.jpg 300w, https:\/\/macite.tg\/wp-content\/uploads\/2023\/11\/ANNONCES-1-768x319.jpg 768w, https:\/\/macite.tg\/wp-content\/uploads\/2023\/11\/ANNONCES-1.jpg 1080w\" sizes=\"auto, (max-width: 762px) 100vw, 762px\" \/><\/figure>\n\n\n\n<p class=\"wp-block-paragraph\">Deuxi\u00e8me cancer le plus fr\u00e9quent chez la femme apr\u00e8s le cancer du sein, le cancer du col de l\u2019ut\u00e9rus est caus\u00e9 le virus du papillome humain (Humanpapillomavirus ou Hpv) \u00e0 haut risque, transmis par voie sexuelle.<\/p>\n\n\n\n<p class=\"wp-block-paragraph\">Rappelons que le vaccin Cervarix est disponible dans les pharmacies au Togo.<\/p>\n\n\n\n<p class=\"wp-block-paragraph\"><strong>La R\u00e9daction<\/strong><\/p>\n\n\n\n<p class=\"wp-block-paragraph\"><strong><em>@macite.tg&nbsp;&nbsp;&nbsp;&nbsp;&nbsp;&nbsp;&nbsp;&nbsp;<\/em><\/strong><\/p>\n\n\n\n<p class=\"wp-block-paragraph\"><strong><em>E-mail&nbsp;: <\/em><\/strong><a href=\"mailto:maciteinfo@gmail.com\"><strong><em>maciteinfo@gmail.com<\/em><\/strong><\/a><strong><em>; <\/em><\/strong><a href=\"mailto:bawela1@gmail.com\"><strong><em>bawela1@gmail.com<\/em><\/strong><\/a><\/p>\n\n\n\n<p class=\"wp-block-paragraph\"><strong><em>Pour vos annonces, (publi)reportages, etc., joignez-nous au (00228)91515309\/<strong>79872224 <\/strong>www.macite.tg, L\u2019information, la bonne&nbsp;!<\/em><\/strong><\/p>\n","protected":false},"excerpt":{"rendered":"<p class=\"text-justify mb-2\" >Le minist\u00e8re en charge de la Sant\u00e9 a lanc\u00e9, hier lundi 27 novembre, une campagne nationale de vaccination contre le cancer du col de l\u2019ut\u00e9rus. Dans le cadre du Programme de lutte contre le cancer du col de l\u2019ut\u00e9rus, le minist\u00e8re de la sant\u00e9 a [&hellip;]<\/p>\n","protected":false},"author":2,"featured_media":10699,"comment_status":"open","ping_status":"open","sticky":false,"template":"","format":"standard","meta":{"footnotes":""},"categories":[20,5],"tags":[],"class_list":["post-10698","post","type-post","status-publish","format-standard","has-post-thumbnail","hentry","category-actualite","category-sante"],"yoast_head":"<!-- This site is optimized with the Yoast SEO plugin v28.4 - https:\/\/yoast.com\/product\/yoast-seo-wordpress\/ -->\n<title>LUTTE CONTRE LE CANCER DU COL DE L\u2019UT\u00c9RUS\u00a0: Une campagne nationale de vaccination lanc\u00e9e jusqu\u2019au 1er d\u00e9cembre -<\/title>\n<meta name=\"robots\" content=\"index, follow, max-snippet:-1, max-image-preview:large, max-video-preview:-1\" \/>\n<link rel=\"canonical\" href=\"https:\/\/macite.tg\/?p=10698\" \/>\n<meta property=\"og:locale\" content=\"fr_FR\" \/>\n<meta property=\"og:type\" content=\"article\" \/>\n<meta property=\"og:title\" content=\"LUTTE CONTRE LE CANCER DU COL DE L\u2019UT\u00c9RUS\u00a0: Une campagne nationale de vaccination lanc\u00e9e jusqu\u2019au 1er d\u00e9cembre -\" \/>\n<meta property=\"og:description\" content=\"Le minist\u00e8re en charge de la Sant\u00e9 a lanc\u00e9, hier lundi 27 novembre, une campagne nationale de vaccination contre le cancer du col de l\u2019ut\u00e9rus. Dans le cadre du Programme de lutte contre le cancer du col de l\u2019ut\u00e9rus, le minist\u00e8re de la sant\u00e9 a [&hellip;]\" \/>\n<meta property=\"og:url\" content=\"https:\/\/macite.tg\/?p=10698\" \/>\n<meta property=\"article:published_time\" content=\"2023-11-28T12:08:26+00:00\" \/>\n<meta property=\"article:modified_time\" content=\"2023-11-28T12:08:28+00:00\" \/>\n<meta property=\"og:image\" content=\"https:\/\/macite.tg\/wp-content\/uploads\/2023\/11\/cancer.jpg\" \/>\n\t<meta property=\"og:image:width\" content=\"355\" \/>\n\t<meta property=\"og:image:height\" content=\"142\" \/>\n\t<meta property=\"og:image:type\" content=\"image\/jpeg\" \/>\n<meta name=\"author\" content=\"Jean Pierre BAWELA\" \/>\n<meta name=\"twitter:card\" content=\"summary_large_image\" \/>\n<meta name=\"twitter:label1\" content=\"\u00c9crit par\" \/>\n\t<meta name=\"twitter:data1\" content=\"Jean Pierre BAWELA\" \/>\n\t<meta name=\"twitter:label2\" content=\"Dur\u00e9e de lecture estim\u00e9e\" \/>\n\t<meta name=\"twitter:data2\" content=\"2 minutes\" \/>\n<script type=\"application\/ld+json\" class=\"yoast-schema-graph\">{\"@context\":\"https:\\\/\\\/schema.org\",\"@graph\":[{\"@type\":\"Article\",\"@id\":\"https:\\\/\\\/macite.tg\\\/?p=10698#article\",\"isPartOf\":{\"@id\":\"https:\\\/\\\/macite.tg\\\/?p=10698\"},\"author\":{\"name\":\"Jean Pierre BAWELA\",\"@id\":\"https:\\\/\\\/macite.tg\\\/#\\\/schema\\\/person\\\/e9f2de7e5dbbe7770a9402c7ce82f5c2\"},\"headline\":\"LUTTE CONTRE LE CANCER DU COL DE L\u2019UT\u00c9RUS\u00a0: Une campagne nationale de vaccination lanc\u00e9e jusqu\u2019au 1er d\u00e9cembre\",\"datePublished\":\"2023-11-28T12:08:26+00:00\",\"dateModified\":\"2023-11-28T12:08:28+00:00\",\"mainEntityOfPage\":{\"@id\":\"https:\\\/\\\/macite.tg\\\/?p=10698\"},\"wordCount\":379,\"commentCount\":0,\"image\":{\"@id\":\"https:\\\/\\\/macite.tg\\\/?p=10698#primaryimage\"},\"thumbnailUrl\":\"https:\\\/\\\/macite.tg\\\/wp-content\\\/uploads\\\/2023\\\/11\\\/cancer.jpg\",\"articleSection\":[\"ACTUALITE\",\"SANTE\"],\"inLanguage\":\"fr-FR\",\"potentialAction\":[{\"@type\":\"CommentAction\",\"name\":\"Comment\",\"target\":[\"https:\\\/\\\/macite.tg\\\/?p=10698#respond\"]}]},{\"@type\":\"WebPage\",\"@id\":\"https:\\\/\\\/macite.tg\\\/?p=10698\",\"url\":\"https:\\\/\\\/macite.tg\\\/?p=10698\",\"name\":\"LUTTE CONTRE LE CANCER DU COL DE L\u2019UT\u00c9RUS\u00a0: Une campagne nationale de vaccination lanc\u00e9e jusqu\u2019au 1er d\u00e9cembre -\",\"isPartOf\":{\"@id\":\"https:\\\/\\\/macite.tg\\\/#website\"},\"primaryImageOfPage\":{\"@id\":\"https:\\\/\\\/macite.tg\\\/?p=10698#primaryimage\"},\"image\":{\"@id\":\"https:\\\/\\\/macite.tg\\\/?p=10698#primaryimage\"},\"thumbnailUrl\":\"https:\\\/\\\/macite.tg\\\/wp-content\\\/uploads\\\/2023\\\/11\\\/cancer.jpg\",\"datePublished\":\"2023-11-28T12:08:26+00:00\",\"dateModified\":\"2023-11-28T12:08:28+00:00\",\"author\":{\"@id\":\"https:\\\/\\\/macite.tg\\\/#\\\/schema\\\/person\\\/e9f2de7e5dbbe7770a9402c7ce82f5c2\"},\"breadcrumb\":{\"@id\":\"https:\\\/\\\/macite.tg\\\/?p=10698#breadcrumb\"},\"inLanguage\":\"fr-FR\",\"potentialAction\":[{\"@type\":\"ReadAction\",\"target\":[\"https:\\\/\\\/macite.tg\\\/?p=10698\"]}]},{\"@type\":\"ImageObject\",\"inLanguage\":\"fr-FR\",\"@id\":\"https:\\\/\\\/macite.tg\\\/?p=10698#primaryimage\",\"url\":\"https:\\\/\\\/macite.tg\\\/wp-content\\\/uploads\\\/2023\\\/11\\\/cancer.jpg\",\"contentUrl\":\"https:\\\/\\\/macite.tg\\\/wp-content\\\/uploads\\\/2023\\\/11\\\/cancer.jpg\",\"width\":355,\"height\":142},{\"@type\":\"BreadcrumbList\",\"@id\":\"https:\\\/\\\/macite.tg\\\/?p=10698#breadcrumb\",\"itemListElement\":[{\"@type\":\"ListItem\",\"position\":1,\"name\":\"Accueil\",\"item\":\"https:\\\/\\\/macite.tg\\\/\"},{\"@type\":\"ListItem\",\"position\":2,\"name\":\"LUTTE CONTRE LE CANCER DU COL DE L\u2019UT\u00c9RUS\u00a0: Une campagne nationale de vaccination lanc\u00e9e jusqu\u2019au 1er d\u00e9cembre\"}]},{\"@type\":\"WebSite\",\"@id\":\"https:\\\/\\\/macite.tg\\\/#website\",\"url\":\"https:\\\/\\\/macite.tg\\\/\",\"name\":\"\",\"description\":\"L&#039;information, la bonne!!!\",\"potentialAction\":[{\"@type\":\"SearchAction\",\"target\":{\"@type\":\"EntryPoint\",\"urlTemplate\":\"https:\\\/\\\/macite.tg\\\/?s={search_term_string}\"},\"query-input\":{\"@type\":\"PropertyValueSpecification\",\"valueRequired\":true,\"valueName\":\"search_term_string\"}}],\"inLanguage\":\"fr-FR\"},{\"@type\":\"Person\",\"@id\":\"https:\\\/\\\/macite.tg\\\/#\\\/schema\\\/person\\\/e9f2de7e5dbbe7770a9402c7ce82f5c2\",\"name\":\"Jean Pierre BAWELA\",\"image\":{\"@type\":\"ImageObject\",\"inLanguage\":\"fr-FR\",\"@id\":\"https:\\\/\\\/macite.tg\\\/wp-content\\\/uploads\\\/2023\\\/09\\\/WhatsApp-Image-2023-09-19-at-14.44.41-122x122.jpeg\",\"url\":\"https:\\\/\\\/macite.tg\\\/wp-content\\\/uploads\\\/2023\\\/09\\\/WhatsApp-Image-2023-09-19-at-14.44.41-122x122.jpeg\",\"contentUrl\":\"https:\\\/\\\/macite.tg\\\/wp-content\\\/uploads\\\/2023\\\/09\\\/WhatsApp-Image-2023-09-19-at-14.44.41-122x122.jpeg\",\"caption\":\"Jean Pierre BAWELA\"},\"url\":\"https:\\\/\\\/macite.tg\\\/?author=2\"}]}<\/script>\n<!-- \/ Yoast SEO plugin. -->","yoast_head_json":{"title":"LUTTE CONTRE LE CANCER DU COL DE L\u2019UT\u00c9RUS\u00a0: Une campagne nationale de vaccination lanc\u00e9e jusqu\u2019au 1er d\u00e9cembre -","robots":{"index":"index","follow":"follow","max-snippet":"max-snippet:-1","max-image-preview":"max-image-preview:large","max-video-preview":"max-video-preview:-1"},"canonical":"https:\/\/macite.tg\/?p=10698","og_locale":"fr_FR","og_type":"article","og_title":"LUTTE CONTRE LE CANCER DU COL DE L\u2019UT\u00c9RUS\u00a0: Une campagne nationale de vaccination lanc\u00e9e jusqu\u2019au 1er d\u00e9cembre -","og_description":"Le minist\u00e8re en charge de la Sant\u00e9 a lanc\u00e9, hier lundi 27 novembre, une campagne nationale de vaccination contre le cancer du col de l\u2019ut\u00e9rus. Dans le cadre du Programme de lutte contre le cancer du col de l\u2019ut\u00e9rus, le minist\u00e8re de la sant\u00e9 a [&hellip;]","og_url":"https:\/\/macite.tg\/?p=10698","article_published_time":"2023-11-28T12:08:26+00:00","article_modified_time":"2023-11-28T12:08:28+00:00","og_image":[{"width":355,"height":142,"url":"https:\/\/macite.tg\/wp-content\/uploads\/2023\/11\/cancer.jpg","type":"image\/jpeg"}],"author":"Jean Pierre BAWELA","twitter_card":"summary_large_image","twitter_misc":{"\u00c9crit par":"Jean Pierre BAWELA","Dur\u00e9e de lecture estim\u00e9e":"2 minutes"},"schema":{"@context":"https:\/\/schema.org","@graph":[{"@type":"Article","@id":"https:\/\/macite.tg\/?p=10698#article","isPartOf":{"@id":"https:\/\/macite.tg\/?p=10698"},"author":{"name":"Jean Pierre BAWELA","@id":"https:\/\/macite.tg\/#\/schema\/person\/e9f2de7e5dbbe7770a9402c7ce82f5c2"},"headline":"LUTTE CONTRE LE CANCER DU COL DE L\u2019UT\u00c9RUS\u00a0: Une campagne nationale de vaccination lanc\u00e9e jusqu\u2019au 1er d\u00e9cembre","datePublished":"2023-11-28T12:08:26+00:00","dateModified":"2023-11-28T12:08:28+00:00","mainEntityOfPage":{"@id":"https:\/\/macite.tg\/?p=10698"},"wordCount":379,"commentCount":0,"image":{"@id":"https:\/\/macite.tg\/?p=10698#primaryimage"},"thumbnailUrl":"https:\/\/macite.tg\/wp-content\/uploads\/2023\/11\/cancer.jpg","articleSection":["ACTUALITE","SANTE"],"inLanguage":"fr-FR","potentialAction":[{"@type":"CommentAction","name":"Comment","target":["https:\/\/macite.tg\/?p=10698#respond"]}]},{"@type":"WebPage","@id":"https:\/\/macite.tg\/?p=10698","url":"https:\/\/macite.tg\/?p=10698","name":"LUTTE CONTRE LE CANCER DU COL DE L\u2019UT\u00c9RUS\u00a0: Une campagne nationale de vaccination lanc\u00e9e jusqu\u2019au 1er d\u00e9cembre -","isPartOf":{"@id":"https:\/\/macite.tg\/#website"},"primaryImageOfPage":{"@id":"https:\/\/macite.tg\/?p=10698#primaryimage"},"image":{"@id":"https:\/\/macite.tg\/?p=10698#primaryimage"},"thumbnailUrl":"https:\/\/macite.tg\/wp-content\/uploads\/2023\/11\/cancer.jpg","datePublished":"2023-11-28T12:08:26+00:00","dateModified":"2023-11-28T12:08:28+00:00","author":{"@id":"https:\/\/macite.tg\/#\/schema\/person\/e9f2de7e5dbbe7770a9402c7ce82f5c2"},"breadcrumb":{"@id":"https:\/\/macite.tg\/?p=10698#breadcrumb"},"inLanguage":"fr-FR","potentialAction":[{"@type":"ReadAction","target":["https:\/\/macite.tg\/?p=10698"]}]},{"@type":"ImageObject","inLanguage":"fr-FR","@id":"https:\/\/macite.tg\/?p=10698#primaryimage","url":"https:\/\/macite.tg\/wp-content\/uploads\/2023\/11\/cancer.jpg","contentUrl":"https:\/\/macite.tg\/wp-content\/uploads\/2023\/11\/cancer.jpg","width":355,"height":142},{"@type":"BreadcrumbList","@id":"https:\/\/macite.tg\/?p=10698#breadcrumb","itemListElement":[{"@type":"ListItem","position":1,"name":"Accueil","item":"https:\/\/macite.tg\/"},{"@type":"ListItem","position":2,"name":"LUTTE CONTRE LE CANCER DU COL DE L\u2019UT\u00c9RUS\u00a0: Une campagne nationale de vaccination lanc\u00e9e jusqu\u2019au 1er d\u00e9cembre"}]},{"@type":"WebSite","@id":"https:\/\/macite.tg\/#website","url":"https:\/\/macite.tg\/","name":"","description":"L&#039;information, la bonne!!!","potentialAction":[{"@type":"SearchAction","target":{"@type":"EntryPoint","urlTemplate":"https:\/\/macite.tg\/?s={search_term_string}"},"query-input":{"@type":"PropertyValueSpecification","valueRequired":true,"valueName":"search_term_string"}}],"inLanguage":"fr-FR"},{"@type":"Person","@id":"https:\/\/macite.tg\/#\/schema\/person\/e9f2de7e5dbbe7770a9402c7ce82f5c2","name":"Jean Pierre BAWELA","image":{"@type":"ImageObject","inLanguage":"fr-FR","@id":"https:\/\/macite.tg\/wp-content\/uploads\/2023\/09\/WhatsApp-Image-2023-09-19-at-14.44.41-122x122.jpeg","url":"https:\/\/macite.tg\/wp-content\/uploads\/2023\/09\/WhatsApp-Image-2023-09-19-at-14.44.41-122x122.jpeg","contentUrl":"https:\/\/macite.tg\/wp-content\/uploads\/2023\/09\/WhatsApp-Image-2023-09-19-at-14.44.41-122x122.jpeg","caption":"Jean Pierre BAWELA"},"url":"https:\/\/macite.tg\/?author=2"}]}},"_links":{"self":[{"href":"https:\/\/macite.tg\/index.php?rest_route=\/wp\/v2\/posts\/10698","targetHints":{"allow":["GET"]}}],"collection":[{"href":"https:\/\/macite.tg\/index.php?rest_route=\/wp\/v2\/posts"}],"about":[{"href":"https:\/\/macite.tg\/index.php?rest_route=\/wp\/v2\/types\/post"}],"author":[{"embeddable":true,"href":"https:\/\/macite.tg\/index.php?rest_route=\/wp\/v2\/users\/2"}],"replies":[{"embeddable":true,"href":"https:\/\/macite.tg\/index.php?rest_route=%2Fwp%2Fv2%2Fcomments&post=10698"}],"version-history":[{"count":0,"href":"https:\/\/macite.tg\/index.php?rest_route=\/wp\/v2\/posts\/10698\/revisions"}],"wp:featuredmedia":[{"embeddable":true,"href":"https:\/\/macite.tg\/index.php?rest_route=\/wp\/v2\/media\/10699"}],"wp:attachment":[{"href":"https:\/\/macite.tg\/index.php?rest_route=%2Fwp%2Fv2%2Fmedia&parent=10698"}],"wp:term":[{"taxonomy":"category","embeddable":true,"href":"https:\/\/macite.tg\/index.php?rest_route=%2Fwp%2Fv2%2Fcategories&post=10698"},{"taxonomy":"post_tag","embeddable":true,"href":"https:\/\/macite.tg\/index.php?rest_route=%2Fwp%2Fv2%2Ftags&post=10698"}],"curies":[{"name":"wp","href":"https:\/\/api.w.org\/{rel}","templated":true}]}}