{"id":10692,"date":"2023-11-28T11:08:03","date_gmt":"2023-11-28T11:08:03","guid":{"rendered":"https:\/\/macite.tg\/?p=10692"},"modified":"2023-11-28T11:13:29","modified_gmt":"2023-11-28T11:13:29","slug":"senegal-defendre-macky-cest-enfoncer-le-clou","status":"publish","type":"post","link":"https:\/\/macite.tg\/?p=10692","title":{"rendered":"S\u00c9N\u00c9GAL \/ D\u00c9FENDRE MACKY\u00a0: C\u2019est enfoncer le clou !"},"content":{"rendered":"\n<p class=\"wp-block-paragraph\"><strong><em>D\u00e9tenteur du Pouvoir et de l\u2019Avoir, Macky Sall s\u2019est \u00e9rig\u00e9 en Bonaparte de l\u2019Apr et Napol\u00e9on de Benno en investissant qui il veut. Les surprises, les d\u00e9ceptions et les trahisons ont \u00e9t\u00e9 alors nombreuses. Et c\u2019est une premi\u00e8re dans l\u2019histoire politique du S\u00e9n\u00e9gal. Le Chef de l\u2019Ex\u00e9cutif lui-m\u00eame a trac\u00e9 la physionomie de ce qui devrait \u00eatre la Pr\u00e9sidentielle prochaine, dans l\u2019hypoth\u00e8se, d\u2019ailleurs tr\u00e8s peu probable, o\u00f9 son camp sortirait vainqueur. Pour endiguer le mal de la division qui m\u00e8ne son camp vers le chaos, il a tranch\u00e9. Arbitrairement et non arbitralement.<\/em><\/strong><\/p>\n\n\n\n<p class=\"wp-block-paragraph\">Amadou B\u00e2 a \u00e9t\u00e9 d\u00e9sign\u00e9 par Macky pour \u00eatre le candidat de Bby. Seulement, c\u2019est un grand probl\u00e8me pour la majorit\u00e9 pr\u00e9sidentielle. Certes, Amadou B\u00e2 est respectueux, respect\u00e9 et respectable. Premier ministre, il est un des principaux orf\u00e8vres du Plan S\u00e9n\u00e9gal Emergent.<\/p>\n\n\n<div class=\"wp-block-image\">\n<figure class=\"aligncenter size-large is-resized\"><img loading=\"lazy\" decoding=\"async\" src=\"https:\/\/macite.tg\/wp-content\/uploads\/2023\/11\/ANNONCES-1-1024x426.jpg\" alt=\"\" class=\"wp-image-10689\" width=\"566\" height=\"235\" srcset=\"https:\/\/macite.tg\/wp-content\/uploads\/2023\/11\/ANNONCES-1-1024x426.jpg 1024w, https:\/\/macite.tg\/wp-content\/uploads\/2023\/11\/ANNONCES-1-300x125.jpg 300w, https:\/\/macite.tg\/wp-content\/uploads\/2023\/11\/ANNONCES-1-768x319.jpg 768w, https:\/\/macite.tg\/wp-content\/uploads\/2023\/11\/ANNONCES-1.jpg 1080w\" sizes=\"auto, (max-width: 566px) 100vw, 566px\" \/><\/figure>\n<\/div>\n\n\n<p class=\"wp-block-paragraph\">Mais \u00e9tant impos\u00e9 et non choisi, une campagne novatrice de terrain et une communication d\u2019avant-garde s\u2019imposent \u00e0 lui pour la Pr\u00e9sidentielle. Malheureusement, le PM les entame maladroitement. Il ne d\u00e9fend pas le peuple, mais Macky Sall lui-m\u00eame. Or, l\u2019\u00e9vocation excessive et abusive du nom de Macky et du PSE finit par en faire perdre le go\u00fbt.&nbsp; Amadou B\u00e2 constate le nombre de jeunes morts en mer. Mais il n\u2019y n\u2019avance aucun mot.<\/p>\n\n\n\n<p class=\"wp-block-paragraph\">Macky Sall n\u2019est candidat nulle part. Certes, il est Chef de parti et de Majorit\u00e9 politique sortante. Mais il ne doit jamais oublier qu\u2019il est la Cl\u00e9 de vo\u00fbte des Institutions. L\u2019\u00e9vocation de son nom est une erreur politique grave qui est en train d\u2019\u00eatre commise.<\/p>\n\n\n\n<p class=\"wp-block-paragraph\"><strong>&nbsp; &nbsp; &nbsp; &nbsp; &nbsp; &nbsp; &nbsp;Benno, une majorit\u00e9 ind\u00e9fendable<\/strong><\/p>\n\n\n\n<p class=\"wp-block-paragraph\">Le nom de Macky est son argument. Cette infamie est politiquement suicidaire, car Macky a, \u00e0 son actif, plus de revers que de performances. Une spirale de forfaitures et de promesses non tenues sur fond de gouvernance politico-familiale est fortement d\u00e9cri\u00e9e contre lui. \u00c9voquer son nom en cette p\u00e9riode pr\u00e9-\u00e9lectorale c\u2019est remettre sur la table les noms des \u00e9pingl\u00e9s par les organes de contr\u00f4le comme la Cour des comptes et rappeler l\u2019insoutenable impunit\u00e9 de ceux dont les dossiers sont mis sous coude.<\/p>\n\n\n<div class=\"wp-block-image\">\n<figure class=\"aligncenter size-large is-resized\"><img loading=\"lazy\" decoding=\"async\" src=\"https:\/\/macite.tg\/wp-content\/uploads\/2023\/11\/WhatsApp-Image-2023-10-09-at-17.28.15-1024x1024.jpeg\" alt=\"\" class=\"wp-image-10685\" width=\"588\" height=\"588\" srcset=\"https:\/\/macite.tg\/wp-content\/uploads\/2023\/11\/WhatsApp-Image-2023-10-09-at-17.28.15-1024x1024.jpeg 1024w, https:\/\/macite.tg\/wp-content\/uploads\/2023\/11\/WhatsApp-Image-2023-10-09-at-17.28.15-300x300.jpeg 300w, https:\/\/macite.tg\/wp-content\/uploads\/2023\/11\/WhatsApp-Image-2023-10-09-at-17.28.15-150x150.jpeg 150w, https:\/\/macite.tg\/wp-content\/uploads\/2023\/11\/WhatsApp-Image-2023-10-09-at-17.28.15-768x768.jpeg 768w, https:\/\/macite.tg\/wp-content\/uploads\/2023\/11\/WhatsApp-Image-2023-10-09-at-17.28.15-122x122.jpeg 122w, https:\/\/macite.tg\/wp-content\/uploads\/2023\/11\/WhatsApp-Image-2023-10-09-at-17.28.15.jpeg 1280w\" sizes=\"auto, (max-width: 588px) 100vw, 588px\" \/><\/figure>\n<\/div>\n\n\n<p class=\"wp-block-paragraph\">Pour faire triompher l\u2019Apr et Benno, Amadou B\u00e2 mise sur le bilan du Gouvernement. Ce bilan est bon, mais qui il n\u2019est pas parfait. Les scandales du p\u00e9trole, les d\u00e9faillances de la politique agricole, l\u2019insuffisance de la politique d\u2019emploi si partisane, le pillage des ressources halieutiques, l\u2019ins\u00e9curit\u00e9 grandissante, le si on\u00e9reux train de vie peuvent \u00eatre des r\u00e9pliques fatales de l\u2019Opposition.<\/p>\n\n\n\n<p class=\"wp-block-paragraph\">L\u2019\u00e9lectorat a amplement gonfl\u00e9 et tous ces arrogants et ces boulimiques sont menac\u00e9s par un revers \u00e9lectoral dont le seul responsable sera Macky lui-m\u00eame.<\/p>\n\n\n\n<p class=\"wp-block-paragraph\"><strong>SeneNews<\/strong><\/p>\n\n\n\n<p class=\"wp-block-paragraph\"><strong><em>@macite.tg&nbsp;&nbsp;&nbsp;&nbsp;&nbsp;&nbsp;&nbsp;&nbsp;<\/em><\/strong><\/p>\n\n\n\n<p class=\"wp-block-paragraph\"><strong><em>E-mail&nbsp;: <\/em><\/strong><a href=\"mailto:maciteinfo@gmail.com\"><strong><em>maciteinfo@gmail.com<\/em><\/strong><\/a><strong><em>; <\/em><\/strong><a href=\"mailto:bawela1@gmail.com\"><strong><em>bawela1@gmail.com<\/em><\/strong><\/a><strong><em><\/em><\/strong><\/p>\n\n\n\n<p class=\"wp-block-paragraph\"><strong><em>Pour vos annonces, (publi)reportages, etc., joignez-nous au (00228)91515309\/<strong>79872224 <\/strong>www.macite.tg, L\u2019information, la bonne&nbsp;!<\/em><\/strong><\/p>\n","protected":false},"excerpt":{"rendered":"<p class=\"text-justify mb-2\" >D\u00e9tenteur du Pouvoir et de l\u2019Avoir, Macky Sall s\u2019est \u00e9rig\u00e9 en Bonaparte de l\u2019Apr et Napol\u00e9on de Benno en investissant qui il veut. Les surprises, les d\u00e9ceptions et les trahisons ont \u00e9t\u00e9 alors nombreuses. Et c\u2019est une premi\u00e8re dans l\u2019histoire politique du S\u00e9n\u00e9gal. Le Chef [&hellip;]<\/p>\n","protected":false},"author":2,"featured_media":10694,"comment_status":"open","ping_status":"open","sticky":false,"template":"","format":"standard","meta":{"footnotes":""},"categories":[27,1],"tags":[],"class_list":["post-10692","post","type-post","status-publish","format-standard","has-post-thumbnail","hentry","category-opinion","category-politique"],"yoast_head":"<!-- This site is optimized with the Yoast SEO plugin v28.4 - https:\/\/yoast.com\/product\/yoast-seo-wordpress\/ -->\n<title>S\u00c9N\u00c9GAL \/ D\u00c9FENDRE MACKY\u00a0: C\u2019est enfoncer le clou ! -<\/title>\n<meta name=\"robots\" content=\"index, follow, max-snippet:-1, max-image-preview:large, max-video-preview:-1\" \/>\n<link rel=\"canonical\" href=\"https:\/\/macite.tg\/?p=10692\" \/>\n<meta property=\"og:locale\" content=\"fr_FR\" \/>\n<meta property=\"og:type\" content=\"article\" \/>\n<meta property=\"og:title\" content=\"S\u00c9N\u00c9GAL \/ D\u00c9FENDRE MACKY\u00a0: C\u2019est enfoncer le clou ! -\" \/>\n<meta property=\"og:description\" content=\"D\u00e9tenteur du Pouvoir et de l\u2019Avoir, Macky Sall s\u2019est \u00e9rig\u00e9 en Bonaparte de l\u2019Apr et Napol\u00e9on de Benno en investissant qui il veut. Les surprises, les d\u00e9ceptions et les trahisons ont \u00e9t\u00e9 alors nombreuses. Et c\u2019est une premi\u00e8re dans l\u2019histoire politique du S\u00e9n\u00e9gal. Le Chef [&hellip;]\" \/>\n<meta property=\"og:url\" content=\"https:\/\/macite.tg\/?p=10692\" \/>\n<meta property=\"article:published_time\" content=\"2023-11-28T11:08:03+00:00\" \/>\n<meta property=\"article:modified_time\" content=\"2023-11-28T11:13:29+00:00\" \/>\n<meta property=\"og:image\" content=\"https:\/\/macite.tg\/wp-content\/uploads\/2023\/11\/image-28.png\" \/>\n\t<meta property=\"og:image:width\" content=\"696\" \/>\n\t<meta property=\"og:image:height\" content=\"341\" \/>\n\t<meta property=\"og:image:type\" content=\"image\/png\" \/>\n<meta name=\"author\" content=\"Jean Pierre BAWELA\" \/>\n<meta name=\"twitter:card\" content=\"summary_large_image\" \/>\n<meta name=\"twitter:label1\" content=\"\u00c9crit par\" \/>\n\t<meta name=\"twitter:data1\" content=\"Jean Pierre BAWELA\" \/>\n\t<meta name=\"twitter:label2\" content=\"Dur\u00e9e de lecture estim\u00e9e\" \/>\n\t<meta name=\"twitter:data2\" content=\"3 minutes\" \/>\n<script type=\"application\/ld+json\" class=\"yoast-schema-graph\">{\"@context\":\"https:\\\/\\\/schema.org\",\"@graph\":[{\"@type\":\"Article\",\"@id\":\"https:\\\/\\\/macite.tg\\\/?p=10692#article\",\"isPartOf\":{\"@id\":\"https:\\\/\\\/macite.tg\\\/?p=10692\"},\"author\":{\"name\":\"Jean Pierre BAWELA\",\"@id\":\"https:\\\/\\\/macite.tg\\\/#\\\/schema\\\/person\\\/e9f2de7e5dbbe7770a9402c7ce82f5c2\"},\"headline\":\"S\u00c9N\u00c9GAL \\\/ D\u00c9FENDRE MACKY\u00a0: C\u2019est enfoncer le clou !\",\"datePublished\":\"2023-11-28T11:08:03+00:00\",\"dateModified\":\"2023-11-28T11:13:29+00:00\",\"mainEntityOfPage\":{\"@id\":\"https:\\\/\\\/macite.tg\\\/?p=10692\"},\"wordCount\":540,\"commentCount\":0,\"image\":{\"@id\":\"https:\\\/\\\/macite.tg\\\/?p=10692#primaryimage\"},\"thumbnailUrl\":\"https:\\\/\\\/macite.tg\\\/wp-content\\\/uploads\\\/2023\\\/11\\\/image-28.png\",\"articleSection\":[\"OPINION\",\"POLITIQUE\"],\"inLanguage\":\"fr-FR\",\"potentialAction\":[{\"@type\":\"CommentAction\",\"name\":\"Comment\",\"target\":[\"https:\\\/\\\/macite.tg\\\/?p=10692#respond\"]}]},{\"@type\":\"WebPage\",\"@id\":\"https:\\\/\\\/macite.tg\\\/?p=10692\",\"url\":\"https:\\\/\\\/macite.tg\\\/?p=10692\",\"name\":\"S\u00c9N\u00c9GAL \\\/ D\u00c9FENDRE MACKY\u00a0: C\u2019est enfoncer le clou ! -\",\"isPartOf\":{\"@id\":\"https:\\\/\\\/macite.tg\\\/#website\"},\"primaryImageOfPage\":{\"@id\":\"https:\\\/\\\/macite.tg\\\/?p=10692#primaryimage\"},\"image\":{\"@id\":\"https:\\\/\\\/macite.tg\\\/?p=10692#primaryimage\"},\"thumbnailUrl\":\"https:\\\/\\\/macite.tg\\\/wp-content\\\/uploads\\\/2023\\\/11\\\/image-28.png\",\"datePublished\":\"2023-11-28T11:08:03+00:00\",\"dateModified\":\"2023-11-28T11:13:29+00:00\",\"author\":{\"@id\":\"https:\\\/\\\/macite.tg\\\/#\\\/schema\\\/person\\\/e9f2de7e5dbbe7770a9402c7ce82f5c2\"},\"breadcrumb\":{\"@id\":\"https:\\\/\\\/macite.tg\\\/?p=10692#breadcrumb\"},\"inLanguage\":\"fr-FR\",\"potentialAction\":[{\"@type\":\"ReadAction\",\"target\":[\"https:\\\/\\\/macite.tg\\\/?p=10692\"]}]},{\"@type\":\"ImageObject\",\"inLanguage\":\"fr-FR\",\"@id\":\"https:\\\/\\\/macite.tg\\\/?p=10692#primaryimage\",\"url\":\"https:\\\/\\\/macite.tg\\\/wp-content\\\/uploads\\\/2023\\\/11\\\/image-28.png\",\"contentUrl\":\"https:\\\/\\\/macite.tg\\\/wp-content\\\/uploads\\\/2023\\\/11\\\/image-28.png\",\"width\":696,\"height\":341},{\"@type\":\"BreadcrumbList\",\"@id\":\"https:\\\/\\\/macite.tg\\\/?p=10692#breadcrumb\",\"itemListElement\":[{\"@type\":\"ListItem\",\"position\":1,\"name\":\"Accueil\",\"item\":\"https:\\\/\\\/macite.tg\\\/\"},{\"@type\":\"ListItem\",\"position\":2,\"name\":\"S\u00c9N\u00c9GAL \\\/ D\u00c9FENDRE MACKY\u00a0: C\u2019est enfoncer le clou !\"}]},{\"@type\":\"WebSite\",\"@id\":\"https:\\\/\\\/macite.tg\\\/#website\",\"url\":\"https:\\\/\\\/macite.tg\\\/\",\"name\":\"\",\"description\":\"L&#039;information, la bonne!!!\",\"potentialAction\":[{\"@type\":\"SearchAction\",\"target\":{\"@type\":\"EntryPoint\",\"urlTemplate\":\"https:\\\/\\\/macite.tg\\\/?s={search_term_string}\"},\"query-input\":{\"@type\":\"PropertyValueSpecification\",\"valueRequired\":true,\"valueName\":\"search_term_string\"}}],\"inLanguage\":\"fr-FR\"},{\"@type\":\"Person\",\"@id\":\"https:\\\/\\\/macite.tg\\\/#\\\/schema\\\/person\\\/e9f2de7e5dbbe7770a9402c7ce82f5c2\",\"name\":\"Jean Pierre BAWELA\",\"image\":{\"@type\":\"ImageObject\",\"inLanguage\":\"fr-FR\",\"@id\":\"https:\\\/\\\/macite.tg\\\/wp-content\\\/uploads\\\/2023\\\/09\\\/WhatsApp-Image-2023-09-19-at-14.44.41-122x122.jpeg\",\"url\":\"https:\\\/\\\/macite.tg\\\/wp-content\\\/uploads\\\/2023\\\/09\\\/WhatsApp-Image-2023-09-19-at-14.44.41-122x122.jpeg\",\"contentUrl\":\"https:\\\/\\\/macite.tg\\\/wp-content\\\/uploads\\\/2023\\\/09\\\/WhatsApp-Image-2023-09-19-at-14.44.41-122x122.jpeg\",\"caption\":\"Jean Pierre BAWELA\"},\"url\":\"https:\\\/\\\/macite.tg\\\/?author=2\"}]}<\/script>\n<!-- \/ Yoast SEO plugin. -->","yoast_head_json":{"title":"S\u00c9N\u00c9GAL \/ D\u00c9FENDRE MACKY\u00a0: C\u2019est enfoncer le clou ! -","robots":{"index":"index","follow":"follow","max-snippet":"max-snippet:-1","max-image-preview":"max-image-preview:large","max-video-preview":"max-video-preview:-1"},"canonical":"https:\/\/macite.tg\/?p=10692","og_locale":"fr_FR","og_type":"article","og_title":"S\u00c9N\u00c9GAL \/ D\u00c9FENDRE MACKY\u00a0: C\u2019est enfoncer le clou ! -","og_description":"D\u00e9tenteur du Pouvoir et de l\u2019Avoir, Macky Sall s\u2019est \u00e9rig\u00e9 en Bonaparte de l\u2019Apr et Napol\u00e9on de Benno en investissant qui il veut. Les surprises, les d\u00e9ceptions et les trahisons ont \u00e9t\u00e9 alors nombreuses. Et c\u2019est une premi\u00e8re dans l\u2019histoire politique du S\u00e9n\u00e9gal. Le Chef [&hellip;]","og_url":"https:\/\/macite.tg\/?p=10692","article_published_time":"2023-11-28T11:08:03+00:00","article_modified_time":"2023-11-28T11:13:29+00:00","og_image":[{"width":696,"height":341,"url":"https:\/\/macite.tg\/wp-content\/uploads\/2023\/11\/image-28.png","type":"image\/png"}],"author":"Jean Pierre BAWELA","twitter_card":"summary_large_image","twitter_misc":{"\u00c9crit par":"Jean Pierre BAWELA","Dur\u00e9e de lecture estim\u00e9e":"3 minutes"},"schema":{"@context":"https:\/\/schema.org","@graph":[{"@type":"Article","@id":"https:\/\/macite.tg\/?p=10692#article","isPartOf":{"@id":"https:\/\/macite.tg\/?p=10692"},"author":{"name":"Jean Pierre BAWELA","@id":"https:\/\/macite.tg\/#\/schema\/person\/e9f2de7e5dbbe7770a9402c7ce82f5c2"},"headline":"S\u00c9N\u00c9GAL \/ D\u00c9FENDRE MACKY\u00a0: C\u2019est enfoncer le clou !","datePublished":"2023-11-28T11:08:03+00:00","dateModified":"2023-11-28T11:13:29+00:00","mainEntityOfPage":{"@id":"https:\/\/macite.tg\/?p=10692"},"wordCount":540,"commentCount":0,"image":{"@id":"https:\/\/macite.tg\/?p=10692#primaryimage"},"thumbnailUrl":"https:\/\/macite.tg\/wp-content\/uploads\/2023\/11\/image-28.png","articleSection":["OPINION","POLITIQUE"],"inLanguage":"fr-FR","potentialAction":[{"@type":"CommentAction","name":"Comment","target":["https:\/\/macite.tg\/?p=10692#respond"]}]},{"@type":"WebPage","@id":"https:\/\/macite.tg\/?p=10692","url":"https:\/\/macite.tg\/?p=10692","name":"S\u00c9N\u00c9GAL \/ D\u00c9FENDRE MACKY\u00a0: C\u2019est enfoncer le clou ! -","isPartOf":{"@id":"https:\/\/macite.tg\/#website"},"primaryImageOfPage":{"@id":"https:\/\/macite.tg\/?p=10692#primaryimage"},"image":{"@id":"https:\/\/macite.tg\/?p=10692#primaryimage"},"thumbnailUrl":"https:\/\/macite.tg\/wp-content\/uploads\/2023\/11\/image-28.png","datePublished":"2023-11-28T11:08:03+00:00","dateModified":"2023-11-28T11:13:29+00:00","author":{"@id":"https:\/\/macite.tg\/#\/schema\/person\/e9f2de7e5dbbe7770a9402c7ce82f5c2"},"breadcrumb":{"@id":"https:\/\/macite.tg\/?p=10692#breadcrumb"},"inLanguage":"fr-FR","potentialAction":[{"@type":"ReadAction","target":["https:\/\/macite.tg\/?p=10692"]}]},{"@type":"ImageObject","inLanguage":"fr-FR","@id":"https:\/\/macite.tg\/?p=10692#primaryimage","url":"https:\/\/macite.tg\/wp-content\/uploads\/2023\/11\/image-28.png","contentUrl":"https:\/\/macite.tg\/wp-content\/uploads\/2023\/11\/image-28.png","width":696,"height":341},{"@type":"BreadcrumbList","@id":"https:\/\/macite.tg\/?p=10692#breadcrumb","itemListElement":[{"@type":"ListItem","position":1,"name":"Accueil","item":"https:\/\/macite.tg\/"},{"@type":"ListItem","position":2,"name":"S\u00c9N\u00c9GAL \/ D\u00c9FENDRE MACKY\u00a0: C\u2019est enfoncer le clou !"}]},{"@type":"WebSite","@id":"https:\/\/macite.tg\/#website","url":"https:\/\/macite.tg\/","name":"","description":"L&#039;information, la bonne!!!","potentialAction":[{"@type":"SearchAction","target":{"@type":"EntryPoint","urlTemplate":"https:\/\/macite.tg\/?s={search_term_string}"},"query-input":{"@type":"PropertyValueSpecification","valueRequired":true,"valueName":"search_term_string"}}],"inLanguage":"fr-FR"},{"@type":"Person","@id":"https:\/\/macite.tg\/#\/schema\/person\/e9f2de7e5dbbe7770a9402c7ce82f5c2","name":"Jean Pierre BAWELA","image":{"@type":"ImageObject","inLanguage":"fr-FR","@id":"https:\/\/macite.tg\/wp-content\/uploads\/2023\/09\/WhatsApp-Image-2023-09-19-at-14.44.41-122x122.jpeg","url":"https:\/\/macite.tg\/wp-content\/uploads\/2023\/09\/WhatsApp-Image-2023-09-19-at-14.44.41-122x122.jpeg","contentUrl":"https:\/\/macite.tg\/wp-content\/uploads\/2023\/09\/WhatsApp-Image-2023-09-19-at-14.44.41-122x122.jpeg","caption":"Jean Pierre BAWELA"},"url":"https:\/\/macite.tg\/?author=2"}]}},"_links":{"self":[{"href":"https:\/\/macite.tg\/index.php?rest_route=\/wp\/v2\/posts\/10692","targetHints":{"allow":["GET"]}}],"collection":[{"href":"https:\/\/macite.tg\/index.php?rest_route=\/wp\/v2\/posts"}],"about":[{"href":"https:\/\/macite.tg\/index.php?rest_route=\/wp\/v2\/types\/post"}],"author":[{"embeddable":true,"href":"https:\/\/macite.tg\/index.php?rest_route=\/wp\/v2\/users\/2"}],"replies":[{"embeddable":true,"href":"https:\/\/macite.tg\/index.php?rest_route=%2Fwp%2Fv2%2Fcomments&post=10692"}],"version-history":[{"count":0,"href":"https:\/\/macite.tg\/index.php?rest_route=\/wp\/v2\/posts\/10692\/revisions"}],"wp:featuredmedia":[{"embeddable":true,"href":"https:\/\/macite.tg\/index.php?rest_route=\/wp\/v2\/media\/10694"}],"wp:attachment":[{"href":"https:\/\/macite.tg\/index.php?rest_route=%2Fwp%2Fv2%2Fmedia&parent=10692"}],"wp:term":[{"taxonomy":"category","embeddable":true,"href":"https:\/\/macite.tg\/index.php?rest_route=%2Fwp%2Fv2%2Fcategories&post=10692"},{"taxonomy":"post_tag","embeddable":true,"href":"https:\/\/macite.tg\/index.php?rest_route=%2Fwp%2Fv2%2Ftags&post=10692"}],"curies":[{"name":"wp","href":"https:\/\/api.w.org\/{rel}","templated":true}]}}