{"id":10677,"date":"2023-11-28T09:13:55","date_gmt":"2023-11-28T09:13:55","guid":{"rendered":"https:\/\/macite.tg\/?p=10677"},"modified":"2023-11-28T09:21:53","modified_gmt":"2023-11-28T09:21:53","slug":"conseil-des-ministres-du-samedi-25-novembre-2023-deux-02-projets-de-loi-et-ecoute-deux-02-communications","status":"publish","type":"post","link":"https:\/\/macite.tg\/?p=10677","title":{"rendered":"CONSEIL DES MINISTRES DU SAMEDI 25 NOVEMBRE 2023\u00a0: Deux (02) projets de loi, et deux (02) communications&#8230;"},"content":{"rendered":"\n<p class=\"wp-block-paragraph\"><strong><em>L\u2019ensemble de l\u2019ex\u00e9cutif \u00e9tait r\u00e9uni, samedi 25 novembre dernier, autour du Pr\u00e9sident de la R\u00e9publique pour un Conseil des ministres. Au menu des travaux, l\u2019examen de deux (02) projets de loi, et deux (02) communications \u00e9cout\u00e9es, relatifs, notamment \u00e0 la gouvernance.<\/em><\/strong><\/p>\n\n\n\n<p class=\"wp-block-paragraph\"><strong><em>Dans les lignes qui suivent l\u2019int\u00e9gralit\u00e9 du compte rendu\u2026<\/em><\/strong><\/p>\n\n\n\n<p class=\"has-text-align-center wp-block-paragraph\"><strong><u>Compte rendu du Conseil des Ministres Lom\u00e9, samedi 25 novembre 2023<\/u><\/strong><\/p>\n\n\n\n<p class=\"wp-block-paragraph\">1. Le Conseil des ministres s\u2019est r\u00e9uni ce samedi 25 novembre 2023, sous la pr\u00e9sidence de Son Excellence Monsieur Faure Essozimna Gnassingb\u00e9, Pr\u00e9sident de la R\u00e9publique.<\/p>\n\n\n\n<p class=\"wp-block-paragraph\">2. Le Conseil des ministres a examin\u00e9 deux (02) projets de loi et \u00e9cout\u00e9 deux (02) communications.<\/p>\n\n\n\n<p class=\"wp-block-paragraph\"><strong>I. Au titre des projets de loi,<\/strong><\/p>\n\n\n\n<p class=\"wp-block-paragraph\">3. Le Conseil des ministres a examin\u00e9 et adopt\u00e9 le projet de loi organique d\u00e9terminant les conditions de mise en \u0153uvre de l\u2019\u00e9tat de si\u00e8ge et de l\u2019\u00e9tat d\u2019urgence en R\u00e9publique Togolaise.<\/p>\n\n\n\n<p class=\"wp-block-paragraph\">4. Les pouvoirs publics disposent g\u00e9n\u00e9ralement de divers m\u00e9canismes leur permettant d\u2019\u00e9tendre leur pouvoir d\u2019action pour faire face aux situations de crise.<\/p>\n\n\n<div class=\"wp-block-image\">\n<figure class=\"aligncenter size-full is-resized\"><img loading=\"lazy\" decoding=\"async\" src=\"https:\/\/macite.tg\/wp-content\/uploads\/2023\/11\/status_me_status_IMG-20231114-WA0101.jpg\" alt=\"\" class=\"wp-image-10414\" width=\"587\" height=\"784\" srcset=\"https:\/\/macite.tg\/wp-content\/uploads\/2023\/11\/status_me_status_IMG-20231114-WA0101.jpg 718w, https:\/\/macite.tg\/wp-content\/uploads\/2023\/11\/status_me_status_IMG-20231114-WA0101-225x300.jpg 225w\" sizes=\"auto, (max-width: 587px) 100vw, 587px\" \/><\/figure>\n<\/div>\n\n\n<p class=\"wp-block-paragraph\">5. Ainsi, dans notre pays, la Constitution du 14 octobre 1992 pr\u00e9voit deux r\u00e9gimes de crise que sont l\u2019\u00e9tat de si\u00e8ge et l\u2019\u00e9tat d\u2019urgence.<\/p>\n\n\n\n<p class=\"wp-block-paragraph\">6. L\u2019\u00e9tat de si\u00e8ge est un r\u00e9gime restrictif de libert\u00e9s publiques, applicable en cas de menace \u00e9trang\u00e8re ou d\u2019insurrection. Il autorise, de fa\u00e7on temporaire, l\u2019accroissement du contenu des pouvoirs ordinaires de police, la possibilit\u00e9 d\u2019un dessaisissement des autorit\u00e9s civiles au profit des autorit\u00e9s militaires, ainsi que l\u2019\u00e9largissement de la comp\u00e9tence des tribunaux militaires.<\/p>\n\n\n\n<p class=\"wp-block-paragraph\">7. L\u2019\u00e9tat d\u2019urgence est le r\u00e9gime applicable lorsqu\u2019il y a un p\u00e9ril imminent r\u00e9sultant d\u2019atteintes graves \u00e0 l\u2019ordre public, ou d\u2019\u00e9v\u00e9nements pr\u00e9sentant, par leur nature et leur gravit\u00e9, le caract\u00e8re de calamit\u00e9 publique. Il pr\u00e9voit, toujours \u00e0 titre temporaire, le renforcement des pouvoirs confi\u00e9s \u00e0 l\u2019autorit\u00e9 administrative pour garantir la s\u00e9curit\u00e9 et l\u2019ordre public, et la limitation proportionn\u00e9e de l\u2019exercice de certaines libert\u00e9s publiques.<\/p>\n\n\n\n<p class=\"wp-block-paragraph\">8. Conform\u00e9ment \u00e0 la Constitution, c\u2019est une loi organique qui fixe les conditions de mise en \u0153uvre de l\u2019\u00e9tat de si\u00e8ge et de l\u2019\u00e9tat d\u2019urgence.<\/p>\n\n\n\n<p class=\"wp-block-paragraph\">9. C\u2019est dans cette optique qu\u2019est adopt\u00e9 le projet de loi organique d\u00e9terminant les conditions de mise en \u0153uvre de l\u2019\u00e9tat de si\u00e8ge et de l\u2019\u00e9tat d\u2019urgence en R\u00e9publique Togolaise, qui permet au gouvernement de disposer d\u2019un cadre l\u00e9gal pour la prise de mesures efficaces et contr\u00f4l\u00e9es comme celles rendues n\u00e9cessaires dans le cadre de la gestion de la crise sanitaire li\u00e9e \u00e0 la pand\u00e9mie de Covid-19, et la mise en \u0153uvre, le cas \u00e9ch\u00e9ant, des dispositions relatives \u00e0 l\u2019\u00e9tat de si\u00e8ge pour faire face notamment aux risques s\u00e9curitaires.<\/p>\n\n\n\n<p class=\"wp-block-paragraph\">10. En effet, la situation s\u00e9curitaire dans la sous-r\u00e9gion est marqu\u00e9e ces derni\u00e8res ann\u00e9es par l\u2019apparition et l\u2019intensification des attaques men\u00e9es par des groupes terroristes et extr\u00e9mistes violents dans les pays du sahel. A ces nouvelles menaces, s\u2019ajoutent des catastrophes naturelles et des crises de toute sorte.<\/p>\n\n\n\n<p class=\"wp-block-paragraph\">11. Ce projet de loi organique procure donc les moyens n\u00e9cessaires \u00e0 l\u2019administration pour faire face \u00e0 ces d\u00e9fis, tout en assurant un juste \u00e9quilibre entre la pr\u00e9servation des libert\u00e9s publiques et individuelles et la sauvegarde de la paix, de la s\u00e9curit\u00e9 ainsi que la protection de la sant\u00e9 publique et de l\u2019ordre constitutionnel.<\/p>\n\n\n\n<p class=\"wp-block-paragraph\">12. Le Conseil des ministres a examin\u00e9 et adopt\u00e9 le projet de loi organique modifiant la loi organique n\u00b0 2019-024 du 26 d\u00e9cembre 2019 portant composition, organisation et fonctionnement du Conseil \u00e9conomique et social.<\/p>\n\n\n\n<p class=\"wp-block-paragraph\">13. La mise en application de la loi organique portant composition, organisation et fonctionnement du Conseil \u00e9conomique et social en vue de l\u2019op\u00e9rationnalisation de cette institution de la R\u00e9publique a r\u00e9v\u00e9l\u00e9 quelques insuffisances notamment relatives \u00e0 la pertinence des dispositions concernant la d\u00e9signation des membres, leur r\u00e9partition par secteurs d\u2019activit\u00e9s et leur mode de r\u00e9mun\u00e9ration.<\/p>\n\n\n\n<p class=\"wp-block-paragraph\">14. Dans le but de rem\u00e9dier aux difficult\u00e9s d\u2019application qui en r\u00e9sultent, le pr\u00e9sent projet de loi pr\u00e9cise les attributions du Conseil \u00e9conomique et social, actualise le mode de d\u00e9signation et les secteurs de provenance de ses membres, incluant le public, le priv\u00e9 et la soci\u00e9t\u00e9 civile, et d\u00e9termine les modalit\u00e9s de fixation de leurs indemnit\u00e9s.<\/p>\n\n\n\n<p class=\"wp-block-paragraph\">15. L\u2019adoption de la loi organique modifiant la loi organique n\u00b0 2019-024 du 26 d\u00e9cembre 2019 portant composition, organisation et fonctionnement du Conseil \u00e9conomique et social permettra \u00e0 notre pays de rendre le Conseil \u00e9conomique et social op\u00e9rationnel en proc\u00e9dant \u00e0 la d\u00e9signation de ses membres.<\/p>\n\n\n<div class=\"wp-block-image\">\n<figure class=\"aligncenter size-large is-resized\"><img loading=\"lazy\" decoding=\"async\" src=\"https:\/\/macite.tg\/wp-content\/uploads\/2023\/11\/WhatsApp-Image-2023-10-09-at-17.28.15-1-1024x1024.jpeg\" alt=\"\" class=\"wp-image-10647\" width=\"521\" height=\"521\" srcset=\"https:\/\/macite.tg\/wp-content\/uploads\/2023\/11\/WhatsApp-Image-2023-10-09-at-17.28.15-1-1024x1024.jpeg 1024w, https:\/\/macite.tg\/wp-content\/uploads\/2023\/11\/WhatsApp-Image-2023-10-09-at-17.28.15-1-300x300.jpeg 300w, https:\/\/macite.tg\/wp-content\/uploads\/2023\/11\/WhatsApp-Image-2023-10-09-at-17.28.15-1-150x150.jpeg 150w, https:\/\/macite.tg\/wp-content\/uploads\/2023\/11\/WhatsApp-Image-2023-10-09-at-17.28.15-1-768x768.jpeg 768w, https:\/\/macite.tg\/wp-content\/uploads\/2023\/11\/WhatsApp-Image-2023-10-09-at-17.28.15-1-122x122.jpeg 122w, https:\/\/macite.tg\/wp-content\/uploads\/2023\/11\/WhatsApp-Image-2023-10-09-at-17.28.15-1.jpeg 1280w\" sizes=\"auto, (max-width: 521px) 100vw, 521px\" \/><\/figure>\n<\/div>\n\n\n<p class=\"wp-block-paragraph\"><strong>II. Au titre des communications,<\/strong><\/p>\n\n\n\n<p class=\"wp-block-paragraph\">16. Le Conseil des ministres a \u00e9cout\u00e9 une premi\u00e8re communication relative \u00e0 l\u2019audit du fichier \u00e9lectoral de 2023 pour l\u2019organisation des \u00e9lections r\u00e9gionales et l\u00e9gislatives, pr\u00e9sent\u00e9e par le ministre de l\u2019administration territoriale, de la d\u00e9centralisation et du d\u00e9veloppement des territoires.<\/p>\n\n\n\n<p class=\"wp-block-paragraph\">17. L\u2019audit externe, effectu\u00e9 du 20 au 27 octobre 2023 par une \u00e9quipe d\u2019experts de l\u2019Organisation Internationale de la Francophonie, a conclu que le fichier \u00e9lectoral de 2023, contenant 4.203.711 \u00e9lecteurs inscrits (dont 2.262.396 femmes, soit 53,82% et 1.941.315 hommes, soit 46,18%), <em>\u00ab est suffisamment fiable pour permettre la tenue des prochaines \u00e9lections r\u00e9gionales et l\u00e9gislatives dans des conditions de confiance \u00bb.<\/em><\/p>\n\n\n\n<p class=\"wp-block-paragraph\">18. La proportion des \u00e9lecteurs inscrits au fichier repr\u00e9sente 51,9% de la population togolaise d\u00e9nombr\u00e9e par le Recensement g\u00e9n\u00e9ral de la population et de l\u2019habitat de 2022 (Rgph5).<\/p>\n\n\n\n<p class=\"wp-block-paragraph\">19. Il appartient d\u00e9sormais \u00e0 la Commission \u00e9lectorale nationale ind\u00e9pendante de proposer un chronogramme pour l\u2019organisation des \u00e9lections r\u00e9gionales et l\u00e9gislatives.<\/p>\n\n\n\n<p class=\"wp-block-paragraph\">20. Le Conseil des ministres a \u00e9cout\u00e9 une deuxi\u00e8me communication relative \u00e0 la situation s\u00e9curitaire nationale, pr\u00e9sent\u00e9e par le ministre de la s\u00e9curit\u00e9 et de la protection civile.<\/p>\n\n\n\n<p class=\"wp-block-paragraph\">21. La situation s\u00e9curitaire sur le plan national est tributaire du contexte r\u00e9gional fortement marqu\u00e9 par la persistance du terrorisme et de l\u2019extr\u00e9misme violent et la volont\u00e9 manifeste des groupes arm\u00e9s d\u2019\u00e9tendre leur zone d\u2019influence au-del\u00e0 du Sahel notamment vers les pays du golfe de Guin\u00e9e.<\/p>\n\n\n\n<p class=\"wp-block-paragraph\">22. On note depuis 2016 l\u2019intensification et la multiplication des attaques dans plusieurs pays. Au Togo, la premi\u00e8re attaque terroriste \u00e0 Sanloaga dans la pr\u00e9fecture de Kpendjal en novembre 2021, a \u00e9t\u00e9 suivie de plusieurs incursions et incidents dans la r\u00e9gion des savanes.<\/p>\n\n\n\n<p class=\"wp-block-paragraph\">23. Au cours de cette ann\u00e9e 2023, notre pays a connu une (01) attaque par embuscade, onze (11) accrochages avec les groupes arm\u00e9s terroristes, neuf (09) explosions d\u2019engins explosifs improvis\u00e9s, et vingt (20) d\u00e9couvertes et neutralisation d\u2019engins explosifs improvis\u00e9s. Durant la m\u00eame p\u00e9riode, nous d\u00e9plorons trente et un mort (31), dont onze (11) civils, vingt-neuf (29) bless\u00e9s et trois (03) disparus.<\/p>\n\n\n<div class=\"wp-block-image\">\n<figure class=\"aligncenter size-large is-resized\"><img loading=\"lazy\" decoding=\"async\" src=\"https:\/\/macite.tg\/wp-content\/uploads\/2023\/11\/IMG-20230731-WA0145-1-1024x1024.jpg\" alt=\"\" class=\"wp-image-10680\" width=\"492\" height=\"492\" srcset=\"https:\/\/macite.tg\/wp-content\/uploads\/2023\/11\/IMG-20230731-WA0145-1-1024x1024.jpg 1024w, https:\/\/macite.tg\/wp-content\/uploads\/2023\/11\/IMG-20230731-WA0145-1-300x300.jpg 300w, https:\/\/macite.tg\/wp-content\/uploads\/2023\/11\/IMG-20230731-WA0145-1-150x150.jpg 150w, https:\/\/macite.tg\/wp-content\/uploads\/2023\/11\/IMG-20230731-WA0145-1-768x768.jpg 768w, https:\/\/macite.tg\/wp-content\/uploads\/2023\/11\/IMG-20230731-WA0145-1-122x122.jpg 122w, https:\/\/macite.tg\/wp-content\/uploads\/2023\/11\/IMG-20230731-WA0145-1.jpg 1080w\" sizes=\"auto, (max-width: 492px) 100vw, 492px\" \/><\/figure>\n<\/div>\n\n\n<p class=\"wp-block-paragraph\">24. Ainsi, notre pays a, le 23 novembre 2023, renforc\u00e9 le cadre r\u00e9glementaire de mise en \u0153uvre du programme d\u2019urgence de renforcement de la r\u00e9silience et de la s\u00e9curit\u00e9 des communaut\u00e9s, qui permettra d\u2019\u00e9tendre \u00e0 l\u2019ensemble du territoire national l\u2019approche globale et holistique pr\u00e9c\u00e9demment mise en \u0153uvre dans la r\u00e9gion des savanes.<\/p>\n\n\n\n<p class=\"wp-block-paragraph\">25. Le Pr\u00e9sident de la R\u00e9publique a instruit le gouvernement de prendre sans tarder toutes les mesures pour permettre d\u2019organiser les prochaines \u00e9lections au plus tard \u00e0 la fin du premier trimestre de l\u2019ann\u00e9e 2024, en tenant compte de la persistance des d\u00e9fis s\u00e9curitaires pour garantir \u00e0 tous -candidats, \u00e9lecteurs et citoyens- la s\u00e9curit\u00e9 n\u00e9cessaire sur toute l\u2019\u00e9tendue du territoire national.<\/p>\n\n\n\n<p class=\"wp-block-paragraph\"><strong>Fait \u00e0 Lom\u00e9, le 25 novembre 2023<\/strong><\/p>\n\n\n\n<p class=\"wp-block-paragraph\"><strong>Le Conseil des ministres<\/strong><\/p>\n\n\n\n<p class=\"wp-block-paragraph\"><strong><em>@macite.tg&nbsp;&nbsp;&nbsp;&nbsp;&nbsp;&nbsp;&nbsp;&nbsp;<\/em><\/strong><\/p>\n\n\n\n<p class=\"wp-block-paragraph\"><strong><em>E-mail&nbsp;: <\/em><\/strong><a href=\"mailto:maciteinfo@gmail.com\"><strong><em>maciteinfo@gmail.com<\/em><\/strong><\/a><strong><em>; <\/em><\/strong><a href=\"mailto:bawela1@gmail.com\"><strong><em>bawela1@gmail.com<\/em><\/strong><\/a><strong><em><\/em><\/strong><\/p>\n\n\n\n<p class=\"wp-block-paragraph\"><strong><em>Pour vos annonces, (publi)reportages, etc., joignez-nous au (00228)91515309\/<strong>79872224 <\/strong>www.macite.tg, L\u2019information, la bonne&nbsp;!<\/em><\/strong><\/p>\n","protected":false},"excerpt":{"rendered":"<p class=\"text-justify mb-2\" >L\u2019ensemble de l\u2019ex\u00e9cutif \u00e9tait r\u00e9uni, samedi 25 novembre dernier, autour du Pr\u00e9sident de la R\u00e9publique pour un Conseil des ministres. Au menu des travaux, l\u2019examen de deux (02) projets de loi, et deux (02) communications \u00e9cout\u00e9es, relatifs, notamment \u00e0 la gouvernance. Dans les lignes qui [&hellip;]<\/p>\n","protected":false},"author":2,"featured_media":10679,"comment_status":"open","ping_status":"open","sticky":false,"template":"","format":"standard","meta":{"footnotes":""},"categories":[20,1],"tags":[],"class_list":["post-10677","post","type-post","status-publish","format-standard","has-post-thumbnail","hentry","category-actualite","category-politique"],"yoast_head":"<!-- This site is optimized with the Yoast SEO plugin v28.4 - https:\/\/yoast.com\/product\/yoast-seo-wordpress\/ -->\n<title>CONSEIL DES MINISTRES DU SAMEDI 25 NOVEMBRE 2023\u00a0: Deux (02) projets de loi, et deux (02) communications... -<\/title>\n<meta name=\"robots\" content=\"index, follow, max-snippet:-1, max-image-preview:large, max-video-preview:-1\" \/>\n<link rel=\"canonical\" href=\"https:\/\/macite.tg\/?p=10677\" \/>\n<meta property=\"og:locale\" content=\"fr_FR\" \/>\n<meta property=\"og:type\" content=\"article\" \/>\n<meta property=\"og:title\" content=\"CONSEIL DES MINISTRES DU SAMEDI 25 NOVEMBRE 2023\u00a0: Deux (02) projets de loi, et deux (02) communications... -\" \/>\n<meta property=\"og:description\" content=\"L\u2019ensemble de l\u2019ex\u00e9cutif \u00e9tait r\u00e9uni, samedi 25 novembre dernier, autour du Pr\u00e9sident de la R\u00e9publique pour un Conseil des ministres. Au menu des travaux, l\u2019examen de deux (02) projets de loi, et deux (02) communications \u00e9cout\u00e9es, relatifs, notamment \u00e0 la gouvernance. Dans les lignes qui [&hellip;]\" \/>\n<meta property=\"og:url\" content=\"https:\/\/macite.tg\/?p=10677\" \/>\n<meta property=\"article:published_time\" content=\"2023-11-28T09:13:55+00:00\" \/>\n<meta property=\"article:modified_time\" content=\"2023-11-28T09:21:53+00:00\" \/>\n<meta property=\"og:image\" content=\"https:\/\/macite.tg\/wp-content\/uploads\/2023\/11\/FEG-conseil.jpg\" \/>\n\t<meta property=\"og:image:width\" content=\"251\" \/>\n\t<meta property=\"og:image:height\" content=\"201\" \/>\n\t<meta property=\"og:image:type\" content=\"image\/jpeg\" \/>\n<meta name=\"author\" content=\"Jean Pierre BAWELA\" \/>\n<meta name=\"twitter:card\" content=\"summary_large_image\" \/>\n<meta name=\"twitter:label1\" content=\"\u00c9crit par\" \/>\n\t<meta name=\"twitter:data1\" content=\"Jean Pierre BAWELA\" \/>\n\t<meta name=\"twitter:label2\" content=\"Dur\u00e9e de lecture estim\u00e9e\" \/>\n\t<meta name=\"twitter:data2\" content=\"7 minutes\" \/>\n<script type=\"application\/ld+json\" class=\"yoast-schema-graph\">{\"@context\":\"https:\\\/\\\/schema.org\",\"@graph\":[{\"@type\":\"Article\",\"@id\":\"https:\\\/\\\/macite.tg\\\/?p=10677#article\",\"isPartOf\":{\"@id\":\"https:\\\/\\\/macite.tg\\\/?p=10677\"},\"author\":{\"name\":\"Jean Pierre BAWELA\",\"@id\":\"https:\\\/\\\/macite.tg\\\/#\\\/schema\\\/person\\\/e9f2de7e5dbbe7770a9402c7ce82f5c2\"},\"headline\":\"CONSEIL DES MINISTRES DU SAMEDI 25 NOVEMBRE 2023\u00a0: Deux (02) projets de loi, et deux (02) communications&#8230;\",\"datePublished\":\"2023-11-28T09:13:55+00:00\",\"dateModified\":\"2023-11-28T09:21:53+00:00\",\"mainEntityOfPage\":{\"@id\":\"https:\\\/\\\/macite.tg\\\/?p=10677\"},\"wordCount\":1337,\"commentCount\":0,\"image\":{\"@id\":\"https:\\\/\\\/macite.tg\\\/?p=10677#primaryimage\"},\"thumbnailUrl\":\"https:\\\/\\\/macite.tg\\\/wp-content\\\/uploads\\\/2023\\\/11\\\/FEG-conseil.jpg\",\"articleSection\":[\"ACTUALITE\",\"POLITIQUE\"],\"inLanguage\":\"fr-FR\",\"potentialAction\":[{\"@type\":\"CommentAction\",\"name\":\"Comment\",\"target\":[\"https:\\\/\\\/macite.tg\\\/?p=10677#respond\"]}]},{\"@type\":\"WebPage\",\"@id\":\"https:\\\/\\\/macite.tg\\\/?p=10677\",\"url\":\"https:\\\/\\\/macite.tg\\\/?p=10677\",\"name\":\"CONSEIL DES MINISTRES DU SAMEDI 25 NOVEMBRE 2023\u00a0: Deux (02) projets de loi, et deux (02) communications... -\",\"isPartOf\":{\"@id\":\"https:\\\/\\\/macite.tg\\\/#website\"},\"primaryImageOfPage\":{\"@id\":\"https:\\\/\\\/macite.tg\\\/?p=10677#primaryimage\"},\"image\":{\"@id\":\"https:\\\/\\\/macite.tg\\\/?p=10677#primaryimage\"},\"thumbnailUrl\":\"https:\\\/\\\/macite.tg\\\/wp-content\\\/uploads\\\/2023\\\/11\\\/FEG-conseil.jpg\",\"datePublished\":\"2023-11-28T09:13:55+00:00\",\"dateModified\":\"2023-11-28T09:21:53+00:00\",\"author\":{\"@id\":\"https:\\\/\\\/macite.tg\\\/#\\\/schema\\\/person\\\/e9f2de7e5dbbe7770a9402c7ce82f5c2\"},\"breadcrumb\":{\"@id\":\"https:\\\/\\\/macite.tg\\\/?p=10677#breadcrumb\"},\"inLanguage\":\"fr-FR\",\"potentialAction\":[{\"@type\":\"ReadAction\",\"target\":[\"https:\\\/\\\/macite.tg\\\/?p=10677\"]}]},{\"@type\":\"ImageObject\",\"inLanguage\":\"fr-FR\",\"@id\":\"https:\\\/\\\/macite.tg\\\/?p=10677#primaryimage\",\"url\":\"https:\\\/\\\/macite.tg\\\/wp-content\\\/uploads\\\/2023\\\/11\\\/FEG-conseil.jpg\",\"contentUrl\":\"https:\\\/\\\/macite.tg\\\/wp-content\\\/uploads\\\/2023\\\/11\\\/FEG-conseil.jpg\",\"width\":251,\"height\":201},{\"@type\":\"BreadcrumbList\",\"@id\":\"https:\\\/\\\/macite.tg\\\/?p=10677#breadcrumb\",\"itemListElement\":[{\"@type\":\"ListItem\",\"position\":1,\"name\":\"Accueil\",\"item\":\"https:\\\/\\\/macite.tg\\\/\"},{\"@type\":\"ListItem\",\"position\":2,\"name\":\"CONSEIL DES MINISTRES DU SAMEDI 25 NOVEMBRE 2023\u00a0: Deux (02) projets de loi, et deux (02) communications&#8230;\"}]},{\"@type\":\"WebSite\",\"@id\":\"https:\\\/\\\/macite.tg\\\/#website\",\"url\":\"https:\\\/\\\/macite.tg\\\/\",\"name\":\"\",\"description\":\"L&#039;information, la bonne!!!\",\"potentialAction\":[{\"@type\":\"SearchAction\",\"target\":{\"@type\":\"EntryPoint\",\"urlTemplate\":\"https:\\\/\\\/macite.tg\\\/?s={search_term_string}\"},\"query-input\":{\"@type\":\"PropertyValueSpecification\",\"valueRequired\":true,\"valueName\":\"search_term_string\"}}],\"inLanguage\":\"fr-FR\"},{\"@type\":\"Person\",\"@id\":\"https:\\\/\\\/macite.tg\\\/#\\\/schema\\\/person\\\/e9f2de7e5dbbe7770a9402c7ce82f5c2\",\"name\":\"Jean Pierre BAWELA\",\"image\":{\"@type\":\"ImageObject\",\"inLanguage\":\"fr-FR\",\"@id\":\"https:\\\/\\\/macite.tg\\\/wp-content\\\/uploads\\\/2023\\\/09\\\/WhatsApp-Image-2023-09-19-at-14.44.41-122x122.jpeg\",\"url\":\"https:\\\/\\\/macite.tg\\\/wp-content\\\/uploads\\\/2023\\\/09\\\/WhatsApp-Image-2023-09-19-at-14.44.41-122x122.jpeg\",\"contentUrl\":\"https:\\\/\\\/macite.tg\\\/wp-content\\\/uploads\\\/2023\\\/09\\\/WhatsApp-Image-2023-09-19-at-14.44.41-122x122.jpeg\",\"caption\":\"Jean Pierre BAWELA\"},\"url\":\"https:\\\/\\\/macite.tg\\\/?author=2\"}]}<\/script>\n<!-- \/ Yoast SEO plugin. -->","yoast_head_json":{"title":"CONSEIL DES MINISTRES DU SAMEDI 25 NOVEMBRE 2023\u00a0: Deux (02) projets de loi, et deux (02) communications... -","robots":{"index":"index","follow":"follow","max-snippet":"max-snippet:-1","max-image-preview":"max-image-preview:large","max-video-preview":"max-video-preview:-1"},"canonical":"https:\/\/macite.tg\/?p=10677","og_locale":"fr_FR","og_type":"article","og_title":"CONSEIL DES MINISTRES DU SAMEDI 25 NOVEMBRE 2023\u00a0: Deux (02) projets de loi, et deux (02) communications... -","og_description":"L\u2019ensemble de l\u2019ex\u00e9cutif \u00e9tait r\u00e9uni, samedi 25 novembre dernier, autour du Pr\u00e9sident de la R\u00e9publique pour un Conseil des ministres. Au menu des travaux, l\u2019examen de deux (02) projets de loi, et deux (02) communications \u00e9cout\u00e9es, relatifs, notamment \u00e0 la gouvernance. Dans les lignes qui [&hellip;]","og_url":"https:\/\/macite.tg\/?p=10677","article_published_time":"2023-11-28T09:13:55+00:00","article_modified_time":"2023-11-28T09:21:53+00:00","og_image":[{"width":251,"height":201,"url":"https:\/\/macite.tg\/wp-content\/uploads\/2023\/11\/FEG-conseil.jpg","type":"image\/jpeg"}],"author":"Jean Pierre BAWELA","twitter_card":"summary_large_image","twitter_misc":{"\u00c9crit par":"Jean Pierre BAWELA","Dur\u00e9e de lecture estim\u00e9e":"7 minutes"},"schema":{"@context":"https:\/\/schema.org","@graph":[{"@type":"Article","@id":"https:\/\/macite.tg\/?p=10677#article","isPartOf":{"@id":"https:\/\/macite.tg\/?p=10677"},"author":{"name":"Jean Pierre BAWELA","@id":"https:\/\/macite.tg\/#\/schema\/person\/e9f2de7e5dbbe7770a9402c7ce82f5c2"},"headline":"CONSEIL DES MINISTRES DU SAMEDI 25 NOVEMBRE 2023\u00a0: Deux (02) projets de loi, et deux (02) communications&#8230;","datePublished":"2023-11-28T09:13:55+00:00","dateModified":"2023-11-28T09:21:53+00:00","mainEntityOfPage":{"@id":"https:\/\/macite.tg\/?p=10677"},"wordCount":1337,"commentCount":0,"image":{"@id":"https:\/\/macite.tg\/?p=10677#primaryimage"},"thumbnailUrl":"https:\/\/macite.tg\/wp-content\/uploads\/2023\/11\/FEG-conseil.jpg","articleSection":["ACTUALITE","POLITIQUE"],"inLanguage":"fr-FR","potentialAction":[{"@type":"CommentAction","name":"Comment","target":["https:\/\/macite.tg\/?p=10677#respond"]}]},{"@type":"WebPage","@id":"https:\/\/macite.tg\/?p=10677","url":"https:\/\/macite.tg\/?p=10677","name":"CONSEIL DES MINISTRES DU SAMEDI 25 NOVEMBRE 2023\u00a0: Deux (02) projets de loi, et deux (02) communications... -","isPartOf":{"@id":"https:\/\/macite.tg\/#website"},"primaryImageOfPage":{"@id":"https:\/\/macite.tg\/?p=10677#primaryimage"},"image":{"@id":"https:\/\/macite.tg\/?p=10677#primaryimage"},"thumbnailUrl":"https:\/\/macite.tg\/wp-content\/uploads\/2023\/11\/FEG-conseil.jpg","datePublished":"2023-11-28T09:13:55+00:00","dateModified":"2023-11-28T09:21:53+00:00","author":{"@id":"https:\/\/macite.tg\/#\/schema\/person\/e9f2de7e5dbbe7770a9402c7ce82f5c2"},"breadcrumb":{"@id":"https:\/\/macite.tg\/?p=10677#breadcrumb"},"inLanguage":"fr-FR","potentialAction":[{"@type":"ReadAction","target":["https:\/\/macite.tg\/?p=10677"]}]},{"@type":"ImageObject","inLanguage":"fr-FR","@id":"https:\/\/macite.tg\/?p=10677#primaryimage","url":"https:\/\/macite.tg\/wp-content\/uploads\/2023\/11\/FEG-conseil.jpg","contentUrl":"https:\/\/macite.tg\/wp-content\/uploads\/2023\/11\/FEG-conseil.jpg","width":251,"height":201},{"@type":"BreadcrumbList","@id":"https:\/\/macite.tg\/?p=10677#breadcrumb","itemListElement":[{"@type":"ListItem","position":1,"name":"Accueil","item":"https:\/\/macite.tg\/"},{"@type":"ListItem","position":2,"name":"CONSEIL DES MINISTRES DU SAMEDI 25 NOVEMBRE 2023\u00a0: Deux (02) projets de loi, et deux (02) communications&#8230;"}]},{"@type":"WebSite","@id":"https:\/\/macite.tg\/#website","url":"https:\/\/macite.tg\/","name":"","description":"L&#039;information, la bonne!!!","potentialAction":[{"@type":"SearchAction","target":{"@type":"EntryPoint","urlTemplate":"https:\/\/macite.tg\/?s={search_term_string}"},"query-input":{"@type":"PropertyValueSpecification","valueRequired":true,"valueName":"search_term_string"}}],"inLanguage":"fr-FR"},{"@type":"Person","@id":"https:\/\/macite.tg\/#\/schema\/person\/e9f2de7e5dbbe7770a9402c7ce82f5c2","name":"Jean Pierre BAWELA","image":{"@type":"ImageObject","inLanguage":"fr-FR","@id":"https:\/\/macite.tg\/wp-content\/uploads\/2023\/09\/WhatsApp-Image-2023-09-19-at-14.44.41-122x122.jpeg","url":"https:\/\/macite.tg\/wp-content\/uploads\/2023\/09\/WhatsApp-Image-2023-09-19-at-14.44.41-122x122.jpeg","contentUrl":"https:\/\/macite.tg\/wp-content\/uploads\/2023\/09\/WhatsApp-Image-2023-09-19-at-14.44.41-122x122.jpeg","caption":"Jean Pierre BAWELA"},"url":"https:\/\/macite.tg\/?author=2"}]}},"_links":{"self":[{"href":"https:\/\/macite.tg\/index.php?rest_route=\/wp\/v2\/posts\/10677","targetHints":{"allow":["GET"]}}],"collection":[{"href":"https:\/\/macite.tg\/index.php?rest_route=\/wp\/v2\/posts"}],"about":[{"href":"https:\/\/macite.tg\/index.php?rest_route=\/wp\/v2\/types\/post"}],"author":[{"embeddable":true,"href":"https:\/\/macite.tg\/index.php?rest_route=\/wp\/v2\/users\/2"}],"replies":[{"embeddable":true,"href":"https:\/\/macite.tg\/index.php?rest_route=%2Fwp%2Fv2%2Fcomments&post=10677"}],"version-history":[{"count":0,"href":"https:\/\/macite.tg\/index.php?rest_route=\/wp\/v2\/posts\/10677\/revisions"}],"wp:featuredmedia":[{"embeddable":true,"href":"https:\/\/macite.tg\/index.php?rest_route=\/wp\/v2\/media\/10679"}],"wp:attachment":[{"href":"https:\/\/macite.tg\/index.php?rest_route=%2Fwp%2Fv2%2Fmedia&parent=10677"}],"wp:term":[{"taxonomy":"category","embeddable":true,"href":"https:\/\/macite.tg\/index.php?rest_route=%2Fwp%2Fv2%2Fcategories&post=10677"},{"taxonomy":"post_tag","embeddable":true,"href":"https:\/\/macite.tg\/index.php?rest_route=%2Fwp%2Fv2%2Ftags&post=10677"}],"curies":[{"name":"wp","href":"https:\/\/api.w.org\/{rel}","templated":true}]}}