{"id":10672,"date":"2023-11-27T18:09:36","date_gmt":"2023-11-27T18:09:36","guid":{"rendered":"https:\/\/macite.tg\/?p=10672"},"modified":"2023-11-27T18:09:38","modified_gmt":"2023-11-27T18:09:38","slug":"covid-gate-un-debat-contradictoire-declairage-a-eu-lieu-a-lhemicycle","status":"publish","type":"post","link":"https:\/\/macite.tg\/?p=10672","title":{"rendered":"COVID-GATE\u00a0: Un d\u00e9bat contradictoire d\u2019\u00e9clairage a eu lieu \u00e0 l\u2019h\u00e9micycle"},"content":{"rendered":"\n<p class=\"wp-block-paragraph\"><strong><em>Le vendredi 24 novembre dernier, les acteurs impliqu\u00e9s dans la gestion du Fonds de riposte et de solidarit\u00e9 Covid-19, exercice 2020, ont \u00e9t\u00e9 convi\u00e9s \u00e0 une s\u00e9ance de d\u00e9bat contradictoire autour du rapport d\u2019audit de la Cour des Comptes.<\/em><\/strong><\/p>\n\n\n\n<p class=\"wp-block-paragraph\">A l\u2019initiative de la mission d\u2019information mise en place, il y a un peu plus d\u2019un mois, par l\u2019Assembl\u00e9e nationale, les acteurs impliqu\u00e9s dans la gestion du Fonds de riposte et de solidarit\u00e9 Covid-19, exercice 2020, ont \u00e9t\u00e9 convi\u00e9s \u00e0 un d\u00e9bat contradictoire \u00e0 l\u2019h\u00e9micycle, le vendredi 24 novembre dernier. Au rang de ces diff\u00e9rents acteurs, les membres du gouvernement, les membres de la Cour des comptes, les collaborateurs de ministres. Etaient pr\u00e9sents dans la salle, les d\u00e9put\u00e9s, le corps diplomatique, les partenaires techniques et financiers, la soci\u00e9t\u00e9 civile et les acteurs des m\u00e9dias.<\/p>\n\n\n<div class=\"wp-block-image\">\n<figure class=\"aligncenter size-full is-resized\"><img loading=\"lazy\" decoding=\"async\" src=\"https:\/\/macite.tg\/wp-content\/uploads\/2023\/11\/status_me_status_IMG-20231114-WA0101.jpg\" alt=\"\" class=\"wp-image-10414\" width=\"583\" height=\"779\" srcset=\"https:\/\/macite.tg\/wp-content\/uploads\/2023\/11\/status_me_status_IMG-20231114-WA0101.jpg 718w, https:\/\/macite.tg\/wp-content\/uploads\/2023\/11\/status_me_status_IMG-20231114-WA0101-225x300.jpg 225w\" sizes=\"auto, (max-width: 583px) 100vw, 583px\" \/><\/figure>\n<\/div>\n\n\n<p class=\"wp-block-paragraph\">Cette initiative qui s\u2019inscrit dans le cadre de la dynamique de contr\u00f4le de l\u2019action gouvernementale et de transparence dans les proc\u00e9dures de gestions des ressources publiques, visait \u00e0 donner davantage d\u2019\u00e9clairages, n\u00e9cessaires pour la compr\u00e9hension dudit rapport, dans l\u2019optique de tirer des le\u00e7ons pour l\u2019avenir. L\u2019exercice a eu le <em>\u00ab&nbsp;<\/em><em>m\u00e9rite d\u2019assurer la redevabilit\u00e9 envers la population, de promouvoir la bonne gouvernance et de permettre une meilleure information de l\u2019Assembl\u00e9e nationale\u2026&nbsp;\u00bb,<\/em> note-on.&nbsp;<\/p>\n\n\n\n<p class=\"wp-block-paragraph\">Pour la pr\u00e9sidente de la Commission, Mme Balouki Essossimna&nbsp;Legzim, durant cette s\u00e9ance, \u00ab&nbsp;<em>des pr\u00e9occupations particuli\u00e8res relatives \u00e0 la mise \u00e0 disposition des termes de r\u00e9f\u00e9rence, \u00e0 la transmission des rapports provisoires avant validation, au respect des r\u00e8gles proc\u00e9durales ont \u00e9t\u00e9 soulev\u00e9es<\/em>&nbsp;\u00bb.<\/p>\n\n\n\n<p class=\"wp-block-paragraph\">\u00ab&nbsp;<em>Lors de la premi\u00e8re phase des auditions, la mission d\u2019information a not\u00e9 des t\u00e9moignages tr\u00e8s instructifs de la part du gouvernement et de la Cour des comptes. Ce d\u00e9bat constructif entre institutions est une preuve de la vitalit\u00e9 de la d\u00e9mocratie et nous nous r\u00e9jouissons qu\u2019il se soit tenu dans un bon ordre.&nbsp;Tout autant, la mission retient un d\u00e9calage entre certaines r\u00e9ponses apport\u00e9es par les personnalit\u00e9s audit\u00e9es et les observations de la Cour des comptes. C\u2019est dans ce sens que, pour aider l\u2019Assembl\u00e9e nationale \u00e0 mener \u00e0 bien son r\u00f4le de contr\u00f4le de l\u2019action du Gouvernement conform\u00e9ment \u00e0 l\u2019article 81 de la Constitution, la mission d\u2019information a jug\u00e9 n\u00e9cessaire de tenir la pr\u00e9sente s\u00e9ance. En effet, nous devons approfondir nos \u00e9changes sur la gestion de cette crise et tirer les le\u00e7ons pour l\u2019avenir&nbsp;\u00bb, <\/em><em>a-t-elle indiqu\u00e9<\/em><em>.<\/em><em><\/em><\/p>\n\n\n<div class=\"wp-block-image\">\n<figure class=\"aligncenter size-large is-resized\"><img loading=\"lazy\" decoding=\"async\" src=\"https:\/\/macite.tg\/wp-content\/uploads\/2023\/11\/WhatsApp-Image-2023-10-09-at-17.28.15-1-1024x1024.jpeg\" alt=\"\" class=\"wp-image-10647\" width=\"485\" height=\"485\" srcset=\"https:\/\/macite.tg\/wp-content\/uploads\/2023\/11\/WhatsApp-Image-2023-10-09-at-17.28.15-1-1024x1024.jpeg 1024w, https:\/\/macite.tg\/wp-content\/uploads\/2023\/11\/WhatsApp-Image-2023-10-09-at-17.28.15-1-300x300.jpeg 300w, https:\/\/macite.tg\/wp-content\/uploads\/2023\/11\/WhatsApp-Image-2023-10-09-at-17.28.15-1-150x150.jpeg 150w, https:\/\/macite.tg\/wp-content\/uploads\/2023\/11\/WhatsApp-Image-2023-10-09-at-17.28.15-1-768x768.jpeg 768w, https:\/\/macite.tg\/wp-content\/uploads\/2023\/11\/WhatsApp-Image-2023-10-09-at-17.28.15-1-122x122.jpeg 122w, https:\/\/macite.tg\/wp-content\/uploads\/2023\/11\/WhatsApp-Image-2023-10-09-at-17.28.15-1.jpeg 1280w\" sizes=\"auto, (max-width: 485px) 100vw, 485px\" \/><\/figure>\n<\/div>\n\n\n<p class=\"wp-block-paragraph\">Il \u00e9tait donc n\u00e9cessaire de parcourir les observations de la Cour, de s\u2019interroger sur les m\u00e9canismes qui ont permis de g\u00e9rer ce Fonds, et s\u2019assurer qu\u2019il a \u00e9t\u00e9 utilis\u00e9 conform\u00e9ment \u00e0 la mission qui lui \u00e9tait assign\u00e9e.<\/p>\n\n\n\n<p class=\"wp-block-paragraph\">Notons que la mission d\u2019information compos\u00e9e de sept membres, devra pr\u00e9senter un rapport lors d\u2019une s\u00e9ance pl\u00e9ni\u00e8re \u00e0 l\u2019Assembl\u00e9e nationale, \u00e0 la fin de ses activit\u00e9s qui ne devraient pas exc\u00e9der 45 jours.<\/p>\n\n\n\n<p class=\"wp-block-paragraph\"><strong>La R\u00e9daction<\/strong><\/p>\n\n\n\n<p class=\"wp-block-paragraph\"><em><strong>@macite.tg<\/strong><\/em><\/p>\n\n\n\n<p class=\"wp-block-paragraph\"><em><strong>E-mail\u00a0:\u00a0<\/strong><\/em><a href=\"mailto:maciteinfo@gmail.com\"><strong><em>maciteinfo@gmail.com<\/em><\/strong><\/a><em><strong>;\u00a0<\/strong><\/em><a href=\"mailto:bawela1@gmail.com\"><strong><em>bawela1@gmail.com<\/em><\/strong><\/a><\/p>\n\n\n\n<p class=\"wp-block-paragraph\"><em><strong>Pour vos annonces, (publi)reportages, etc., joignez-nous au (00228)91515309\/79872224\u00a0www.macite.tg, L\u2019information, la bonne\u00a0!<\/strong><\/em><\/p>\n","protected":false},"excerpt":{"rendered":"<p class=\"text-justify mb-2\" >Le vendredi 24 novembre dernier, les acteurs impliqu\u00e9s dans la gestion du Fonds de riposte et de solidarit\u00e9 Covid-19, exercice 2020, ont \u00e9t\u00e9 convi\u00e9s \u00e0 une s\u00e9ance de d\u00e9bat contradictoire autour du rapport d\u2019audit de la Cour des Comptes. A l\u2019initiative de la mission d\u2019information [&hellip;]<\/p>\n","protected":false},"author":2,"featured_media":10673,"comment_status":"open","ping_status":"open","sticky":false,"template":"","format":"standard","meta":{"footnotes":""},"categories":[20,42],"tags":[],"class_list":["post-10672","post","type-post","status-publish","format-standard","has-post-thumbnail","hentry","category-actualite","category-finances"],"yoast_head":"<!-- This site is optimized with the Yoast SEO plugin v28.4 - https:\/\/yoast.com\/product\/yoast-seo-wordpress\/ -->\n<title>COVID-GATE\u00a0: Un d\u00e9bat contradictoire d\u2019\u00e9clairage a eu lieu \u00e0 l\u2019h\u00e9micycle -<\/title>\n<meta name=\"robots\" content=\"index, follow, max-snippet:-1, max-image-preview:large, max-video-preview:-1\" \/>\n<link rel=\"canonical\" href=\"https:\/\/macite.tg\/?p=10672\" \/>\n<meta property=\"og:locale\" content=\"fr_FR\" \/>\n<meta property=\"og:type\" content=\"article\" \/>\n<meta property=\"og:title\" content=\"COVID-GATE\u00a0: Un d\u00e9bat contradictoire d\u2019\u00e9clairage a eu lieu \u00e0 l\u2019h\u00e9micycle -\" \/>\n<meta property=\"og:description\" content=\"Le vendredi 24 novembre dernier, les acteurs impliqu\u00e9s dans la gestion du Fonds de riposte et de solidarit\u00e9 Covid-19, exercice 2020, ont \u00e9t\u00e9 convi\u00e9s \u00e0 une s\u00e9ance de d\u00e9bat contradictoire autour du rapport d\u2019audit de la Cour des Comptes. A l\u2019initiative de la mission d\u2019information [&hellip;]\" \/>\n<meta property=\"og:url\" content=\"https:\/\/macite.tg\/?p=10672\" \/>\n<meta property=\"article:published_time\" content=\"2023-11-27T18:09:36+00:00\" \/>\n<meta property=\"article:modified_time\" content=\"2023-11-27T18:09:38+00:00\" \/>\n<meta property=\"og:image\" content=\"https:\/\/macite.tg\/wp-content\/uploads\/2023\/11\/Mission-dinformatyion-AN.jpg\" \/>\n\t<meta property=\"og:image:width\" content=\"498\" \/>\n\t<meta property=\"og:image:height\" content=\"273\" \/>\n\t<meta property=\"og:image:type\" content=\"image\/jpeg\" \/>\n<meta name=\"author\" content=\"Jean Pierre BAWELA\" \/>\n<meta name=\"twitter:card\" content=\"summary_large_image\" \/>\n<meta name=\"twitter:label1\" content=\"\u00c9crit par\" \/>\n\t<meta name=\"twitter:data1\" content=\"Jean Pierre BAWELA\" \/>\n\t<meta name=\"twitter:label2\" content=\"Dur\u00e9e de lecture estim\u00e9e\" \/>\n\t<meta name=\"twitter:data2\" content=\"3 minutes\" \/>\n<script type=\"application\/ld+json\" class=\"yoast-schema-graph\">{\"@context\":\"https:\\\/\\\/schema.org\",\"@graph\":[{\"@type\":\"Article\",\"@id\":\"https:\\\/\\\/macite.tg\\\/?p=10672#article\",\"isPartOf\":{\"@id\":\"https:\\\/\\\/macite.tg\\\/?p=10672\"},\"author\":{\"name\":\"Jean Pierre BAWELA\",\"@id\":\"https:\\\/\\\/macite.tg\\\/#\\\/schema\\\/person\\\/e9f2de7e5dbbe7770a9402c7ce82f5c2\"},\"headline\":\"COVID-GATE\u00a0: Un d\u00e9bat contradictoire d\u2019\u00e9clairage a eu lieu \u00e0 l\u2019h\u00e9micycle\",\"datePublished\":\"2023-11-27T18:09:36+00:00\",\"dateModified\":\"2023-11-27T18:09:38+00:00\",\"mainEntityOfPage\":{\"@id\":\"https:\\\/\\\/macite.tg\\\/?p=10672\"},\"wordCount\":573,\"commentCount\":0,\"image\":{\"@id\":\"https:\\\/\\\/macite.tg\\\/?p=10672#primaryimage\"},\"thumbnailUrl\":\"https:\\\/\\\/macite.tg\\\/wp-content\\\/uploads\\\/2023\\\/11\\\/Mission-dinformatyion-AN.jpg\",\"articleSection\":[\"ACTUALITE\",\"FINANCES\"],\"inLanguage\":\"fr-FR\",\"potentialAction\":[{\"@type\":\"CommentAction\",\"name\":\"Comment\",\"target\":[\"https:\\\/\\\/macite.tg\\\/?p=10672#respond\"]}]},{\"@type\":\"WebPage\",\"@id\":\"https:\\\/\\\/macite.tg\\\/?p=10672\",\"url\":\"https:\\\/\\\/macite.tg\\\/?p=10672\",\"name\":\"COVID-GATE\u00a0: Un d\u00e9bat contradictoire d\u2019\u00e9clairage a eu lieu \u00e0 l\u2019h\u00e9micycle -\",\"isPartOf\":{\"@id\":\"https:\\\/\\\/macite.tg\\\/#website\"},\"primaryImageOfPage\":{\"@id\":\"https:\\\/\\\/macite.tg\\\/?p=10672#primaryimage\"},\"image\":{\"@id\":\"https:\\\/\\\/macite.tg\\\/?p=10672#primaryimage\"},\"thumbnailUrl\":\"https:\\\/\\\/macite.tg\\\/wp-content\\\/uploads\\\/2023\\\/11\\\/Mission-dinformatyion-AN.jpg\",\"datePublished\":\"2023-11-27T18:09:36+00:00\",\"dateModified\":\"2023-11-27T18:09:38+00:00\",\"author\":{\"@id\":\"https:\\\/\\\/macite.tg\\\/#\\\/schema\\\/person\\\/e9f2de7e5dbbe7770a9402c7ce82f5c2\"},\"breadcrumb\":{\"@id\":\"https:\\\/\\\/macite.tg\\\/?p=10672#breadcrumb\"},\"inLanguage\":\"fr-FR\",\"potentialAction\":[{\"@type\":\"ReadAction\",\"target\":[\"https:\\\/\\\/macite.tg\\\/?p=10672\"]}]},{\"@type\":\"ImageObject\",\"inLanguage\":\"fr-FR\",\"@id\":\"https:\\\/\\\/macite.tg\\\/?p=10672#primaryimage\",\"url\":\"https:\\\/\\\/macite.tg\\\/wp-content\\\/uploads\\\/2023\\\/11\\\/Mission-dinformatyion-AN.jpg\",\"contentUrl\":\"https:\\\/\\\/macite.tg\\\/wp-content\\\/uploads\\\/2023\\\/11\\\/Mission-dinformatyion-AN.jpg\",\"width\":498,\"height\":273},{\"@type\":\"BreadcrumbList\",\"@id\":\"https:\\\/\\\/macite.tg\\\/?p=10672#breadcrumb\",\"itemListElement\":[{\"@type\":\"ListItem\",\"position\":1,\"name\":\"Accueil\",\"item\":\"https:\\\/\\\/macite.tg\\\/\"},{\"@type\":\"ListItem\",\"position\":2,\"name\":\"COVID-GATE\u00a0: Un d\u00e9bat contradictoire d\u2019\u00e9clairage a eu lieu \u00e0 l\u2019h\u00e9micycle\"}]},{\"@type\":\"WebSite\",\"@id\":\"https:\\\/\\\/macite.tg\\\/#website\",\"url\":\"https:\\\/\\\/macite.tg\\\/\",\"name\":\"\",\"description\":\"L&#039;information, la bonne!!!\",\"potentialAction\":[{\"@type\":\"SearchAction\",\"target\":{\"@type\":\"EntryPoint\",\"urlTemplate\":\"https:\\\/\\\/macite.tg\\\/?s={search_term_string}\"},\"query-input\":{\"@type\":\"PropertyValueSpecification\",\"valueRequired\":true,\"valueName\":\"search_term_string\"}}],\"inLanguage\":\"fr-FR\"},{\"@type\":\"Person\",\"@id\":\"https:\\\/\\\/macite.tg\\\/#\\\/schema\\\/person\\\/e9f2de7e5dbbe7770a9402c7ce82f5c2\",\"name\":\"Jean Pierre BAWELA\",\"image\":{\"@type\":\"ImageObject\",\"inLanguage\":\"fr-FR\",\"@id\":\"https:\\\/\\\/macite.tg\\\/wp-content\\\/uploads\\\/2023\\\/09\\\/WhatsApp-Image-2023-09-19-at-14.44.41-122x122.jpeg\",\"url\":\"https:\\\/\\\/macite.tg\\\/wp-content\\\/uploads\\\/2023\\\/09\\\/WhatsApp-Image-2023-09-19-at-14.44.41-122x122.jpeg\",\"contentUrl\":\"https:\\\/\\\/macite.tg\\\/wp-content\\\/uploads\\\/2023\\\/09\\\/WhatsApp-Image-2023-09-19-at-14.44.41-122x122.jpeg\",\"caption\":\"Jean Pierre BAWELA\"},\"url\":\"https:\\\/\\\/macite.tg\\\/?author=2\"}]}<\/script>\n<!-- \/ Yoast SEO plugin. -->","yoast_head_json":{"title":"COVID-GATE\u00a0: Un d\u00e9bat contradictoire d\u2019\u00e9clairage a eu lieu \u00e0 l\u2019h\u00e9micycle -","robots":{"index":"index","follow":"follow","max-snippet":"max-snippet:-1","max-image-preview":"max-image-preview:large","max-video-preview":"max-video-preview:-1"},"canonical":"https:\/\/macite.tg\/?p=10672","og_locale":"fr_FR","og_type":"article","og_title":"COVID-GATE\u00a0: Un d\u00e9bat contradictoire d\u2019\u00e9clairage a eu lieu \u00e0 l\u2019h\u00e9micycle -","og_description":"Le vendredi 24 novembre dernier, les acteurs impliqu\u00e9s dans la gestion du Fonds de riposte et de solidarit\u00e9 Covid-19, exercice 2020, ont \u00e9t\u00e9 convi\u00e9s \u00e0 une s\u00e9ance de d\u00e9bat contradictoire autour du rapport d\u2019audit de la Cour des Comptes. A l\u2019initiative de la mission d\u2019information [&hellip;]","og_url":"https:\/\/macite.tg\/?p=10672","article_published_time":"2023-11-27T18:09:36+00:00","article_modified_time":"2023-11-27T18:09:38+00:00","og_image":[{"width":498,"height":273,"url":"https:\/\/macite.tg\/wp-content\/uploads\/2023\/11\/Mission-dinformatyion-AN.jpg","type":"image\/jpeg"}],"author":"Jean Pierre BAWELA","twitter_card":"summary_large_image","twitter_misc":{"\u00c9crit par":"Jean Pierre BAWELA","Dur\u00e9e de lecture estim\u00e9e":"3 minutes"},"schema":{"@context":"https:\/\/schema.org","@graph":[{"@type":"Article","@id":"https:\/\/macite.tg\/?p=10672#article","isPartOf":{"@id":"https:\/\/macite.tg\/?p=10672"},"author":{"name":"Jean Pierre BAWELA","@id":"https:\/\/macite.tg\/#\/schema\/person\/e9f2de7e5dbbe7770a9402c7ce82f5c2"},"headline":"COVID-GATE\u00a0: Un d\u00e9bat contradictoire d\u2019\u00e9clairage a eu lieu \u00e0 l\u2019h\u00e9micycle","datePublished":"2023-11-27T18:09:36+00:00","dateModified":"2023-11-27T18:09:38+00:00","mainEntityOfPage":{"@id":"https:\/\/macite.tg\/?p=10672"},"wordCount":573,"commentCount":0,"image":{"@id":"https:\/\/macite.tg\/?p=10672#primaryimage"},"thumbnailUrl":"https:\/\/macite.tg\/wp-content\/uploads\/2023\/11\/Mission-dinformatyion-AN.jpg","articleSection":["ACTUALITE","FINANCES"],"inLanguage":"fr-FR","potentialAction":[{"@type":"CommentAction","name":"Comment","target":["https:\/\/macite.tg\/?p=10672#respond"]}]},{"@type":"WebPage","@id":"https:\/\/macite.tg\/?p=10672","url":"https:\/\/macite.tg\/?p=10672","name":"COVID-GATE\u00a0: Un d\u00e9bat contradictoire d\u2019\u00e9clairage a eu lieu \u00e0 l\u2019h\u00e9micycle -","isPartOf":{"@id":"https:\/\/macite.tg\/#website"},"primaryImageOfPage":{"@id":"https:\/\/macite.tg\/?p=10672#primaryimage"},"image":{"@id":"https:\/\/macite.tg\/?p=10672#primaryimage"},"thumbnailUrl":"https:\/\/macite.tg\/wp-content\/uploads\/2023\/11\/Mission-dinformatyion-AN.jpg","datePublished":"2023-11-27T18:09:36+00:00","dateModified":"2023-11-27T18:09:38+00:00","author":{"@id":"https:\/\/macite.tg\/#\/schema\/person\/e9f2de7e5dbbe7770a9402c7ce82f5c2"},"breadcrumb":{"@id":"https:\/\/macite.tg\/?p=10672#breadcrumb"},"inLanguage":"fr-FR","potentialAction":[{"@type":"ReadAction","target":["https:\/\/macite.tg\/?p=10672"]}]},{"@type":"ImageObject","inLanguage":"fr-FR","@id":"https:\/\/macite.tg\/?p=10672#primaryimage","url":"https:\/\/macite.tg\/wp-content\/uploads\/2023\/11\/Mission-dinformatyion-AN.jpg","contentUrl":"https:\/\/macite.tg\/wp-content\/uploads\/2023\/11\/Mission-dinformatyion-AN.jpg","width":498,"height":273},{"@type":"BreadcrumbList","@id":"https:\/\/macite.tg\/?p=10672#breadcrumb","itemListElement":[{"@type":"ListItem","position":1,"name":"Accueil","item":"https:\/\/macite.tg\/"},{"@type":"ListItem","position":2,"name":"COVID-GATE\u00a0: Un d\u00e9bat contradictoire d\u2019\u00e9clairage a eu lieu \u00e0 l\u2019h\u00e9micycle"}]},{"@type":"WebSite","@id":"https:\/\/macite.tg\/#website","url":"https:\/\/macite.tg\/","name":"","description":"L&#039;information, la bonne!!!","potentialAction":[{"@type":"SearchAction","target":{"@type":"EntryPoint","urlTemplate":"https:\/\/macite.tg\/?s={search_term_string}"},"query-input":{"@type":"PropertyValueSpecification","valueRequired":true,"valueName":"search_term_string"}}],"inLanguage":"fr-FR"},{"@type":"Person","@id":"https:\/\/macite.tg\/#\/schema\/person\/e9f2de7e5dbbe7770a9402c7ce82f5c2","name":"Jean Pierre BAWELA","image":{"@type":"ImageObject","inLanguage":"fr-FR","@id":"https:\/\/macite.tg\/wp-content\/uploads\/2023\/09\/WhatsApp-Image-2023-09-19-at-14.44.41-122x122.jpeg","url":"https:\/\/macite.tg\/wp-content\/uploads\/2023\/09\/WhatsApp-Image-2023-09-19-at-14.44.41-122x122.jpeg","contentUrl":"https:\/\/macite.tg\/wp-content\/uploads\/2023\/09\/WhatsApp-Image-2023-09-19-at-14.44.41-122x122.jpeg","caption":"Jean Pierre BAWELA"},"url":"https:\/\/macite.tg\/?author=2"}]}},"_links":{"self":[{"href":"https:\/\/macite.tg\/index.php?rest_route=\/wp\/v2\/posts\/10672","targetHints":{"allow":["GET"]}}],"collection":[{"href":"https:\/\/macite.tg\/index.php?rest_route=\/wp\/v2\/posts"}],"about":[{"href":"https:\/\/macite.tg\/index.php?rest_route=\/wp\/v2\/types\/post"}],"author":[{"embeddable":true,"href":"https:\/\/macite.tg\/index.php?rest_route=\/wp\/v2\/users\/2"}],"replies":[{"embeddable":true,"href":"https:\/\/macite.tg\/index.php?rest_route=%2Fwp%2Fv2%2Fcomments&post=10672"}],"version-history":[{"count":0,"href":"https:\/\/macite.tg\/index.php?rest_route=\/wp\/v2\/posts\/10672\/revisions"}],"wp:featuredmedia":[{"embeddable":true,"href":"https:\/\/macite.tg\/index.php?rest_route=\/wp\/v2\/media\/10673"}],"wp:attachment":[{"href":"https:\/\/macite.tg\/index.php?rest_route=%2Fwp%2Fv2%2Fmedia&parent=10672"}],"wp:term":[{"taxonomy":"category","embeddable":true,"href":"https:\/\/macite.tg\/index.php?rest_route=%2Fwp%2Fv2%2Fcategories&post=10672"},{"taxonomy":"post_tag","embeddable":true,"href":"https:\/\/macite.tg\/index.php?rest_route=%2Fwp%2Fv2%2Ftags&post=10672"}],"curies":[{"name":"wp","href":"https:\/\/api.w.org\/{rel}","templated":true}]}}