{"id":10662,"date":"2023-11-27T14:00:00","date_gmt":"2023-11-27T14:00:00","guid":{"rendered":"https:\/\/macite.tg\/?p=10662"},"modified":"2023-11-27T14:00:03","modified_gmt":"2023-11-27T14:00:03","slug":"cooperation-le-president-faure-gnassingbe-en-visite-officielle-au-kazakhstan","status":"publish","type":"post","link":"https:\/\/macite.tg\/?p=10662","title":{"rendered":"COOPERATION\u00a0: Le Pr\u00e9sident Faure Gnassingb\u00e9 en visite officielle au Kazakhstan"},"content":{"rendered":"\n<p class=\"wp-block-paragraph\"><strong><em>Le Chef de l\u2019Etat, Faure Essozimna Gnassingb\u00e9, est en visite officielle, ce lundi 27 novembre, \u00e0 Astana, au Kazakhstan.<\/em><\/strong><\/p>\n\n\n\n<p class=\"wp-block-paragraph\">Premier d\u00e9placement du leader togolais dans ce pays d\u2019Asie centrale, cette visite initi\u00e9e par le pr\u00e9sident Kassym-Jomart Tokayev, du Kazakhstan, qui intervient un mois apr\u00e8s les \u00e9changes t\u00e9l\u00e9phoniques entre les deux leaders, ouvre une nouvelle \u00e8re dans les relations entre Lom\u00e9 et Astana.<\/p>\n\n\n<div class=\"wp-block-image\">\n<figure class=\"aligncenter size-full is-resized\"><img loading=\"lazy\" decoding=\"async\" src=\"https:\/\/macite.tg\/wp-content\/uploads\/2023\/11\/status_me_status_IMG-20231114-WA0101.jpg\" alt=\"\" class=\"wp-image-10414\" width=\"583\" height=\"778\" srcset=\"https:\/\/macite.tg\/wp-content\/uploads\/2023\/11\/status_me_status_IMG-20231114-WA0101.jpg 718w, https:\/\/macite.tg\/wp-content\/uploads\/2023\/11\/status_me_status_IMG-20231114-WA0101-225x300.jpg 225w\" sizes=\"auto, (max-width: 583px) 100vw, 583px\" \/><\/figure>\n<\/div>\n\n\n<p class=\"wp-block-paragraph\">Durant son s\u00e9jour, le Chef de l\u2019Etat aura plusieurs activit\u00e9s, notamment des entretiens mais aussi des visites de sites socio\u00e9conomiques et institutionnels de ce pays.<\/p>\n\n\n\n<p class=\"wp-block-paragraph\">Avec son homologue Kazakh, Faure Gnassingb\u00e9 va avoir des \u00e9changes sur des sujets bilat\u00e9raux d\u2019int\u00e9r\u00eat commun, concernant plusieurs secteurs, \u00e0 savoir&nbsp;: l\u2019agriculture, le commerce, l\u2019\u00e9nergie, la logistique, les investissements, les transports, entre autres. Les deux personnalit\u00e9s vont \u00e9galement aborder les questions s\u00e9curitaires et de d\u00e9veloppement du continent.<\/p>\n\n\n\n<p class=\"wp-block-paragraph\">Notons que c\u2019est depuis 2014 que le Togo et le Kazakhstan entretiennent des relations diplomatiques. Pays d\u2019Asie centrale, le Kazakhstan membre de l\u2019ancienne R\u00e9publique sovi\u00e9tique, s&rsquo;\u00e9tend de la mer Caspienne \u00e0 l&rsquo;ouest aux montagnes de l&rsquo;Alta\u00ef \u00e0 sa fronti\u00e8re orientale avec la Chine et la Russie.<\/p>\n\n\n<div class=\"wp-block-image\">\n<figure class=\"aligncenter size-large is-resized\"><img loading=\"lazy\" decoding=\"async\" src=\"https:\/\/macite.tg\/wp-content\/uploads\/2023\/11\/WhatsApp-Image-2023-10-09-at-17.28.15-1-1024x1024.jpeg\" alt=\"\" class=\"wp-image-10647\" width=\"535\" height=\"535\" srcset=\"https:\/\/macite.tg\/wp-content\/uploads\/2023\/11\/WhatsApp-Image-2023-10-09-at-17.28.15-1-1024x1024.jpeg 1024w, https:\/\/macite.tg\/wp-content\/uploads\/2023\/11\/WhatsApp-Image-2023-10-09-at-17.28.15-1-300x300.jpeg 300w, https:\/\/macite.tg\/wp-content\/uploads\/2023\/11\/WhatsApp-Image-2023-10-09-at-17.28.15-1-150x150.jpeg 150w, https:\/\/macite.tg\/wp-content\/uploads\/2023\/11\/WhatsApp-Image-2023-10-09-at-17.28.15-1-768x768.jpeg 768w, https:\/\/macite.tg\/wp-content\/uploads\/2023\/11\/WhatsApp-Image-2023-10-09-at-17.28.15-1-122x122.jpeg 122w, https:\/\/macite.tg\/wp-content\/uploads\/2023\/11\/WhatsApp-Image-2023-10-09-at-17.28.15-1.jpeg 1280w\" sizes=\"auto, (max-width: 535px) 100vw, 535px\" \/><\/figure>\n<\/div>\n\n\n<p class=\"wp-block-paragraph\">Almaty, sa plus grande m\u00e9tropole, est depuis tr\u00e8s longtemps un centre \u00e9conomique et ses principaux monuments comprennent la cath\u00e9drale de l&rsquo;Ascension, une \u00e9glise orthodoxe russe de l&rsquo;\u00e8re tsariste, et le Mus\u00e9e central d&rsquo;\u00c9tat du Kazakhstan qui abrite des milliers d&rsquo;art\u00e9facts.<\/p>\n\n\n\n<p class=\"wp-block-paragraph\"><strong>La R\u00e9daction<\/strong><\/p>\n\n\n\n<p class=\"wp-block-paragraph\"><em><strong>@macite.tg<\/strong><\/em><\/p>\n\n\n\n<p class=\"wp-block-paragraph\"><em><strong>E-mail&nbsp;:&nbsp;<\/strong><\/em><a href=\"mailto:maciteinfo@gmail.com\"><em><strong>maciteinfo@gmail.com<\/strong><\/em><\/a><em><strong>;&nbsp;<\/strong><\/em><a href=\"mailto:bawela1@gmail.com\"><em><strong>bawela1@gmail.com<\/strong><\/em><\/a><\/p>\n\n\n\n<p class=\"wp-block-paragraph\"><em><strong>Pour vos annonces, (publi)reportages, etc., joignez-nous au (00228)91515309\/<\/strong><\/em><strong><em>79872224&nbsp;<\/em><\/strong><em><strong>www.macite.tg, L\u2019information, la bonne&nbsp;!<\/strong><\/em><\/p>\n","protected":false},"excerpt":{"rendered":"<p class=\"text-justify mb-2\" >Le Chef de l\u2019Etat, Faure Essozimna Gnassingb\u00e9, est en visite officielle, ce lundi 27 novembre, \u00e0 Astana, au Kazakhstan. Premier d\u00e9placement du leader togolais dans ce pays d\u2019Asie centrale, cette visite initi\u00e9e par le pr\u00e9sident Kassym-Jomart Tokayev, du Kazakhstan, qui intervient un mois apr\u00e8s les [&hellip;]<\/p>\n","protected":false},"author":2,"featured_media":10665,"comment_status":"open","ping_status":"open","sticky":false,"template":"","format":"standard","meta":{"footnotes":""},"categories":[20,16],"tags":[],"class_list":["post-10662","post","type-post","status-publish","format-standard","has-post-thumbnail","hentry","category-actualite","category-cooperation"],"yoast_head":"<!-- This site is optimized with the Yoast SEO plugin v28.4 - https:\/\/yoast.com\/product\/yoast-seo-wordpress\/ -->\n<title>COOPERATION\u00a0: Le Pr\u00e9sident Faure Gnassingb\u00e9 en visite officielle au Kazakhstan -<\/title>\n<meta name=\"robots\" content=\"index, follow, max-snippet:-1, max-image-preview:large, max-video-preview:-1\" \/>\n<link rel=\"canonical\" href=\"https:\/\/macite.tg\/?p=10662\" \/>\n<meta property=\"og:locale\" content=\"fr_FR\" \/>\n<meta property=\"og:type\" content=\"article\" \/>\n<meta property=\"og:title\" content=\"COOPERATION\u00a0: Le Pr\u00e9sident Faure Gnassingb\u00e9 en visite officielle au Kazakhstan -\" \/>\n<meta property=\"og:description\" content=\"Le Chef de l\u2019Etat, Faure Essozimna Gnassingb\u00e9, est en visite officielle, ce lundi 27 novembre, \u00e0 Astana, au Kazakhstan. Premier d\u00e9placement du leader togolais dans ce pays d\u2019Asie centrale, cette visite initi\u00e9e par le pr\u00e9sident Kassym-Jomart Tokayev, du Kazakhstan, qui intervient un mois apr\u00e8s les [&hellip;]\" \/>\n<meta property=\"og:url\" content=\"https:\/\/macite.tg\/?p=10662\" \/>\n<meta property=\"article:published_time\" content=\"2023-11-27T14:00:00+00:00\" \/>\n<meta property=\"article:modified_time\" content=\"2023-11-27T14:00:03+00:00\" \/>\n<meta property=\"og:image\" content=\"https:\/\/macite.tg\/wp-content\/uploads\/2023\/11\/25576a2439bdfe4a61cc321ccb21a3a5_XL.jpg\" \/>\n\t<meta property=\"og:image:width\" content=\"602\" \/>\n\t<meta property=\"og:image:height\" content=\"401\" \/>\n\t<meta property=\"og:image:type\" content=\"image\/jpeg\" \/>\n<meta name=\"author\" content=\"Jean Pierre BAWELA\" \/>\n<meta name=\"twitter:card\" content=\"summary_large_image\" \/>\n<meta name=\"twitter:label1\" content=\"\u00c9crit par\" \/>\n\t<meta name=\"twitter:data1\" content=\"Jean Pierre BAWELA\" \/>\n\t<meta name=\"twitter:label2\" content=\"Dur\u00e9e de lecture estim\u00e9e\" \/>\n\t<meta name=\"twitter:data2\" content=\"1 minute\" \/>\n<script type=\"application\/ld+json\" class=\"yoast-schema-graph\">{\"@context\":\"https:\\\/\\\/schema.org\",\"@graph\":[{\"@type\":\"Article\",\"@id\":\"https:\\\/\\\/macite.tg\\\/?p=10662#article\",\"isPartOf\":{\"@id\":\"https:\\\/\\\/macite.tg\\\/?p=10662\"},\"author\":{\"name\":\"Jean Pierre BAWELA\",\"@id\":\"https:\\\/\\\/macite.tg\\\/#\\\/schema\\\/person\\\/e9f2de7e5dbbe7770a9402c7ce82f5c2\"},\"headline\":\"COOPERATION\u00a0: Le Pr\u00e9sident Faure Gnassingb\u00e9 en visite officielle au Kazakhstan\",\"datePublished\":\"2023-11-27T14:00:00+00:00\",\"dateModified\":\"2023-11-27T14:00:03+00:00\",\"mainEntityOfPage\":{\"@id\":\"https:\\\/\\\/macite.tg\\\/?p=10662\"},\"wordCount\":297,\"commentCount\":0,\"image\":{\"@id\":\"https:\\\/\\\/macite.tg\\\/?p=10662#primaryimage\"},\"thumbnailUrl\":\"https:\\\/\\\/macite.tg\\\/wp-content\\\/uploads\\\/2023\\\/11\\\/25576a2439bdfe4a61cc321ccb21a3a5_XL.jpg\",\"articleSection\":[\"ACTUALITE\",\"COOPERATION\"],\"inLanguage\":\"fr-FR\",\"potentialAction\":[{\"@type\":\"CommentAction\",\"name\":\"Comment\",\"target\":[\"https:\\\/\\\/macite.tg\\\/?p=10662#respond\"]}]},{\"@type\":\"WebPage\",\"@id\":\"https:\\\/\\\/macite.tg\\\/?p=10662\",\"url\":\"https:\\\/\\\/macite.tg\\\/?p=10662\",\"name\":\"COOPERATION\u00a0: Le Pr\u00e9sident Faure Gnassingb\u00e9 en visite officielle au Kazakhstan -\",\"isPartOf\":{\"@id\":\"https:\\\/\\\/macite.tg\\\/#website\"},\"primaryImageOfPage\":{\"@id\":\"https:\\\/\\\/macite.tg\\\/?p=10662#primaryimage\"},\"image\":{\"@id\":\"https:\\\/\\\/macite.tg\\\/?p=10662#primaryimage\"},\"thumbnailUrl\":\"https:\\\/\\\/macite.tg\\\/wp-content\\\/uploads\\\/2023\\\/11\\\/25576a2439bdfe4a61cc321ccb21a3a5_XL.jpg\",\"datePublished\":\"2023-11-27T14:00:00+00:00\",\"dateModified\":\"2023-11-27T14:00:03+00:00\",\"author\":{\"@id\":\"https:\\\/\\\/macite.tg\\\/#\\\/schema\\\/person\\\/e9f2de7e5dbbe7770a9402c7ce82f5c2\"},\"breadcrumb\":{\"@id\":\"https:\\\/\\\/macite.tg\\\/?p=10662#breadcrumb\"},\"inLanguage\":\"fr-FR\",\"potentialAction\":[{\"@type\":\"ReadAction\",\"target\":[\"https:\\\/\\\/macite.tg\\\/?p=10662\"]}]},{\"@type\":\"ImageObject\",\"inLanguage\":\"fr-FR\",\"@id\":\"https:\\\/\\\/macite.tg\\\/?p=10662#primaryimage\",\"url\":\"https:\\\/\\\/macite.tg\\\/wp-content\\\/uploads\\\/2023\\\/11\\\/25576a2439bdfe4a61cc321ccb21a3a5_XL.jpg\",\"contentUrl\":\"https:\\\/\\\/macite.tg\\\/wp-content\\\/uploads\\\/2023\\\/11\\\/25576a2439bdfe4a61cc321ccb21a3a5_XL.jpg\",\"width\":602,\"height\":401},{\"@type\":\"BreadcrumbList\",\"@id\":\"https:\\\/\\\/macite.tg\\\/?p=10662#breadcrumb\",\"itemListElement\":[{\"@type\":\"ListItem\",\"position\":1,\"name\":\"Accueil\",\"item\":\"https:\\\/\\\/macite.tg\\\/\"},{\"@type\":\"ListItem\",\"position\":2,\"name\":\"COOPERATION\u00a0: Le Pr\u00e9sident Faure Gnassingb\u00e9 en visite officielle au Kazakhstan\"}]},{\"@type\":\"WebSite\",\"@id\":\"https:\\\/\\\/macite.tg\\\/#website\",\"url\":\"https:\\\/\\\/macite.tg\\\/\",\"name\":\"\",\"description\":\"L&#039;information, la bonne!!!\",\"potentialAction\":[{\"@type\":\"SearchAction\",\"target\":{\"@type\":\"EntryPoint\",\"urlTemplate\":\"https:\\\/\\\/macite.tg\\\/?s={search_term_string}\"},\"query-input\":{\"@type\":\"PropertyValueSpecification\",\"valueRequired\":true,\"valueName\":\"search_term_string\"}}],\"inLanguage\":\"fr-FR\"},{\"@type\":\"Person\",\"@id\":\"https:\\\/\\\/macite.tg\\\/#\\\/schema\\\/person\\\/e9f2de7e5dbbe7770a9402c7ce82f5c2\",\"name\":\"Jean Pierre BAWELA\",\"image\":{\"@type\":\"ImageObject\",\"inLanguage\":\"fr-FR\",\"@id\":\"https:\\\/\\\/macite.tg\\\/wp-content\\\/uploads\\\/2023\\\/09\\\/WhatsApp-Image-2023-09-19-at-14.44.41-122x122.jpeg\",\"url\":\"https:\\\/\\\/macite.tg\\\/wp-content\\\/uploads\\\/2023\\\/09\\\/WhatsApp-Image-2023-09-19-at-14.44.41-122x122.jpeg\",\"contentUrl\":\"https:\\\/\\\/macite.tg\\\/wp-content\\\/uploads\\\/2023\\\/09\\\/WhatsApp-Image-2023-09-19-at-14.44.41-122x122.jpeg\",\"caption\":\"Jean Pierre BAWELA\"},\"url\":\"https:\\\/\\\/macite.tg\\\/?author=2\"}]}<\/script>\n<!-- \/ Yoast SEO plugin. -->","yoast_head_json":{"title":"COOPERATION\u00a0: Le Pr\u00e9sident Faure Gnassingb\u00e9 en visite officielle au Kazakhstan -","robots":{"index":"index","follow":"follow","max-snippet":"max-snippet:-1","max-image-preview":"max-image-preview:large","max-video-preview":"max-video-preview:-1"},"canonical":"https:\/\/macite.tg\/?p=10662","og_locale":"fr_FR","og_type":"article","og_title":"COOPERATION\u00a0: Le Pr\u00e9sident Faure Gnassingb\u00e9 en visite officielle au Kazakhstan -","og_description":"Le Chef de l\u2019Etat, Faure Essozimna Gnassingb\u00e9, est en visite officielle, ce lundi 27 novembre, \u00e0 Astana, au Kazakhstan. Premier d\u00e9placement du leader togolais dans ce pays d\u2019Asie centrale, cette visite initi\u00e9e par le pr\u00e9sident Kassym-Jomart Tokayev, du Kazakhstan, qui intervient un mois apr\u00e8s les [&hellip;]","og_url":"https:\/\/macite.tg\/?p=10662","article_published_time":"2023-11-27T14:00:00+00:00","article_modified_time":"2023-11-27T14:00:03+00:00","og_image":[{"width":602,"height":401,"url":"https:\/\/macite.tg\/wp-content\/uploads\/2023\/11\/25576a2439bdfe4a61cc321ccb21a3a5_XL.jpg","type":"image\/jpeg"}],"author":"Jean Pierre BAWELA","twitter_card":"summary_large_image","twitter_misc":{"\u00c9crit par":"Jean Pierre BAWELA","Dur\u00e9e de lecture estim\u00e9e":"1 minute"},"schema":{"@context":"https:\/\/schema.org","@graph":[{"@type":"Article","@id":"https:\/\/macite.tg\/?p=10662#article","isPartOf":{"@id":"https:\/\/macite.tg\/?p=10662"},"author":{"name":"Jean Pierre BAWELA","@id":"https:\/\/macite.tg\/#\/schema\/person\/e9f2de7e5dbbe7770a9402c7ce82f5c2"},"headline":"COOPERATION\u00a0: Le Pr\u00e9sident Faure Gnassingb\u00e9 en visite officielle au Kazakhstan","datePublished":"2023-11-27T14:00:00+00:00","dateModified":"2023-11-27T14:00:03+00:00","mainEntityOfPage":{"@id":"https:\/\/macite.tg\/?p=10662"},"wordCount":297,"commentCount":0,"image":{"@id":"https:\/\/macite.tg\/?p=10662#primaryimage"},"thumbnailUrl":"https:\/\/macite.tg\/wp-content\/uploads\/2023\/11\/25576a2439bdfe4a61cc321ccb21a3a5_XL.jpg","articleSection":["ACTUALITE","COOPERATION"],"inLanguage":"fr-FR","potentialAction":[{"@type":"CommentAction","name":"Comment","target":["https:\/\/macite.tg\/?p=10662#respond"]}]},{"@type":"WebPage","@id":"https:\/\/macite.tg\/?p=10662","url":"https:\/\/macite.tg\/?p=10662","name":"COOPERATION\u00a0: Le Pr\u00e9sident Faure Gnassingb\u00e9 en visite officielle au Kazakhstan -","isPartOf":{"@id":"https:\/\/macite.tg\/#website"},"primaryImageOfPage":{"@id":"https:\/\/macite.tg\/?p=10662#primaryimage"},"image":{"@id":"https:\/\/macite.tg\/?p=10662#primaryimage"},"thumbnailUrl":"https:\/\/macite.tg\/wp-content\/uploads\/2023\/11\/25576a2439bdfe4a61cc321ccb21a3a5_XL.jpg","datePublished":"2023-11-27T14:00:00+00:00","dateModified":"2023-11-27T14:00:03+00:00","author":{"@id":"https:\/\/macite.tg\/#\/schema\/person\/e9f2de7e5dbbe7770a9402c7ce82f5c2"},"breadcrumb":{"@id":"https:\/\/macite.tg\/?p=10662#breadcrumb"},"inLanguage":"fr-FR","potentialAction":[{"@type":"ReadAction","target":["https:\/\/macite.tg\/?p=10662"]}]},{"@type":"ImageObject","inLanguage":"fr-FR","@id":"https:\/\/macite.tg\/?p=10662#primaryimage","url":"https:\/\/macite.tg\/wp-content\/uploads\/2023\/11\/25576a2439bdfe4a61cc321ccb21a3a5_XL.jpg","contentUrl":"https:\/\/macite.tg\/wp-content\/uploads\/2023\/11\/25576a2439bdfe4a61cc321ccb21a3a5_XL.jpg","width":602,"height":401},{"@type":"BreadcrumbList","@id":"https:\/\/macite.tg\/?p=10662#breadcrumb","itemListElement":[{"@type":"ListItem","position":1,"name":"Accueil","item":"https:\/\/macite.tg\/"},{"@type":"ListItem","position":2,"name":"COOPERATION\u00a0: Le Pr\u00e9sident Faure Gnassingb\u00e9 en visite officielle au Kazakhstan"}]},{"@type":"WebSite","@id":"https:\/\/macite.tg\/#website","url":"https:\/\/macite.tg\/","name":"","description":"L&#039;information, la bonne!!!","potentialAction":[{"@type":"SearchAction","target":{"@type":"EntryPoint","urlTemplate":"https:\/\/macite.tg\/?s={search_term_string}"},"query-input":{"@type":"PropertyValueSpecification","valueRequired":true,"valueName":"search_term_string"}}],"inLanguage":"fr-FR"},{"@type":"Person","@id":"https:\/\/macite.tg\/#\/schema\/person\/e9f2de7e5dbbe7770a9402c7ce82f5c2","name":"Jean Pierre BAWELA","image":{"@type":"ImageObject","inLanguage":"fr-FR","@id":"https:\/\/macite.tg\/wp-content\/uploads\/2023\/09\/WhatsApp-Image-2023-09-19-at-14.44.41-122x122.jpeg","url":"https:\/\/macite.tg\/wp-content\/uploads\/2023\/09\/WhatsApp-Image-2023-09-19-at-14.44.41-122x122.jpeg","contentUrl":"https:\/\/macite.tg\/wp-content\/uploads\/2023\/09\/WhatsApp-Image-2023-09-19-at-14.44.41-122x122.jpeg","caption":"Jean Pierre BAWELA"},"url":"https:\/\/macite.tg\/?author=2"}]}},"_links":{"self":[{"href":"https:\/\/macite.tg\/index.php?rest_route=\/wp\/v2\/posts\/10662","targetHints":{"allow":["GET"]}}],"collection":[{"href":"https:\/\/macite.tg\/index.php?rest_route=\/wp\/v2\/posts"}],"about":[{"href":"https:\/\/macite.tg\/index.php?rest_route=\/wp\/v2\/types\/post"}],"author":[{"embeddable":true,"href":"https:\/\/macite.tg\/index.php?rest_route=\/wp\/v2\/users\/2"}],"replies":[{"embeddable":true,"href":"https:\/\/macite.tg\/index.php?rest_route=%2Fwp%2Fv2%2Fcomments&post=10662"}],"version-history":[{"count":0,"href":"https:\/\/macite.tg\/index.php?rest_route=\/wp\/v2\/posts\/10662\/revisions"}],"wp:featuredmedia":[{"embeddable":true,"href":"https:\/\/macite.tg\/index.php?rest_route=\/wp\/v2\/media\/10665"}],"wp:attachment":[{"href":"https:\/\/macite.tg\/index.php?rest_route=%2Fwp%2Fv2%2Fmedia&parent=10662"}],"wp:term":[{"taxonomy":"category","embeddable":true,"href":"https:\/\/macite.tg\/index.php?rest_route=%2Fwp%2Fv2%2Fcategories&post=10662"},{"taxonomy":"post_tag","embeddable":true,"href":"https:\/\/macite.tg\/index.php?rest_route=%2Fwp%2Fv2%2Ftags&post=10662"}],"curies":[{"name":"wp","href":"https:\/\/api.w.org\/{rel}","templated":true}]}}