{"id":10652,"date":"2023-11-27T12:28:11","date_gmt":"2023-11-27T12:28:11","guid":{"rendered":"https:\/\/macite.tg\/?p=10652"},"modified":"2023-11-27T12:28:13","modified_gmt":"2023-11-27T12:28:13","slug":"hebergement-le-ministere-de-la-culture-lance-une-interface-pour-faciliter-la-gestion-devenements-touristiques","status":"publish","type":"post","link":"https:\/\/macite.tg\/?p=10652","title":{"rendered":"H\u00c9BERGEMENT\u00a0: Le minist\u00e8re de la Culture lance une interface pour faciliter la gestion d\u2019\u00e9v\u00e9nements touristiques"},"content":{"rendered":"\n<p class=\"wp-block-paragraph\"><strong><em>Dans le cadre de la promotion du tourisme par les canaux de visibilit\u00e9, notamment num\u00e9riques, le minist\u00e8re de la Culture et du tourisme, a lanc\u00e9, le 21 novembre dernier \u00e0 Lom\u00e9, la phase pilote de la plateforme num\u00e9rique de r\u00e9servations de l\u2019h\u00e9bergement.<\/em><\/strong><\/p>\n\n\n\n<p class=\"wp-block-paragraph\">Le Togo a fait le choix d\u2019axer sa strat\u00e9gie de tourisme sur plusieurs piliers dont le tourisme d\u2019affaires. Il y a quelques semaines, Lom\u00e9 a abrit\u00e9 des rencontres internationales \u00e0 l\u2019instar du Sommet de l\u2019Industrie financi\u00e8re en Afrique (Afis) 2023, qui a r\u00e9uni quelque 900 participants.<\/p>\n\n\n<div class=\"wp-block-image\">\n<figure class=\"aligncenter size-full is-resized\"><img loading=\"lazy\" decoding=\"async\" src=\"https:\/\/macite.tg\/wp-content\/uploads\/2023\/11\/PLTFRM000000.jpg\" alt=\"\" class=\"wp-image-10656\" width=\"527\" height=\"296\" srcset=\"https:\/\/macite.tg\/wp-content\/uploads\/2023\/11\/PLTFRM000000.jpg 1024w, https:\/\/macite.tg\/wp-content\/uploads\/2023\/11\/PLTFRM000000-300x169.jpg 300w, https:\/\/macite.tg\/wp-content\/uploads\/2023\/11\/PLTFRM000000-768x432.jpg 768w\" sizes=\"auto, (max-width: 527px) 100vw, 527px\" \/><figcaption class=\"wp-element-caption\"><strong><em>Une vue des officiels lors de la c\u00e9r\u00e9monie de lancement&#8230;<\/em><\/strong><\/figcaption><\/figure>\n<\/div>\n\n\n<p class=\"wp-block-paragraph\">Ainsi, pour faciliter l\u2019organisation de tels \u00e9v\u00e9nements, en mati\u00e8re d\u2019h\u00e9bergement, le minist\u00e8re de la Culture et du tourisme, en collaboration avec le minist\u00e8re de l\u2019\u00c9conomie num\u00e9rique, par le biais de\u00a0 l\u2019Agence Togo Digitale (Atd), a initi\u00e9 un projet num\u00e9rique pour le d\u00e9veloppement d\u2019un site web pour faciliter la gestion d\u2019\u00e9v\u00e9nements touristiques. Cette plateforme digitale compl\u00e8te va prendre en compte les syst\u00e8mes d\u2019information des h\u00f4tels, la plateforme d\u2019immigration, une interface utilisateur multilingue, la gestion des inscriptions, les r\u00e9servations, les annulations ou les remboursements, entre autres.<\/p>\n\n\n\n<p class=\"wp-block-paragraph\">Interface de r\u00e9f\u00e9rence en termes d\u2019h\u00e9bergement pour les grands \u00e9v\u00e8nements, selon le ministre Pierre Gb\u00e9nyo Lamadokou, cette interface va permettre de <em>\u00ab&nbsp;g\u00e9rer au mieux l\u2019affectation des chambres d\u2019h\u00f4tels aux diff\u00e9rents participants \u00e0 nos \u00e9v\u00e9nements&nbsp;\u00bb.<\/em><\/p>\n\n\n\n<p class=\"wp-block-paragraph\">Ainsi, les visiteurs pourront, depuis leur pays de r\u00e9sidence, <em>\u00ab&nbsp;consulter les disponibilit\u00e9s de chambres, r\u00e9server selon leur convenance et m\u00eame proc\u00e9der au r\u00e8glement en ligne&nbsp;\u00bb<\/em>. Le minist\u00e8re de la Culture n\u2019aura qu\u2019\u00e0 actualiser et consolider la capacit\u00e9 h\u00f4teli\u00e8re disponible par rapport au nombre de participants attendus en temps r\u00e9el. Il sera \u00e9galement du r\u00f4le du minist\u00e8re de <em>\u00ab&nbsp;s\u2019assurer que les participants acc\u00e8dent uniquement aux h\u00f4tels homologu\u00e9s en termes de standing pour pr\u00e9server l\u2019image de marque du Togo&nbsp;\u00bb<\/em>.<\/p>\n\n\n<div class=\"wp-block-image\">\n<figure class=\"aligncenter size-full is-resized\"><img loading=\"lazy\" decoding=\"async\" src=\"https:\/\/macite.tg\/wp-content\/uploads\/2023\/11\/status_me_status_IMG-20231114-WA0101.jpg\" alt=\"\" class=\"wp-image-10414\" width=\"561\" height=\"749\" srcset=\"https:\/\/macite.tg\/wp-content\/uploads\/2023\/11\/status_me_status_IMG-20231114-WA0101.jpg 718w, https:\/\/macite.tg\/wp-content\/uploads\/2023\/11\/status_me_status_IMG-20231114-WA0101-225x300.jpg 225w\" sizes=\"auto, (max-width: 561px) 100vw, 561px\" \/><\/figure>\n<\/div>\n\n\n<p class=\"wp-block-paragraph\">In fine, la plateforme va permettre de r\u00e9aliser une <em>\u00ab&nbsp;enqu\u00eate de&nbsp;satisfaction&nbsp;\u00bb<\/em> aupr\u00e8s des participants des diff\u00e9rents \u00e9v\u00e9nements&nbsp;qui auront lieu au Togo.<\/p>\n\n\n\n<p class=\"wp-block-paragraph\">La r\u00e9alisation de ce projet de digitalisation de l\u2019h\u00e9bergement, signe du renforcement de la coop\u00e9ration entre les institutions nationales, est le couronnement d\u2019un travail de longue date, qui permet de mat\u00e9rialiser ainsi la vision des plus hautes autorit\u00e9s du pays qui n\u2019ont de cesse de faire du tourisme togolais, un levier de d\u00e9veloppement.<\/p>\n\n\n\n<p class=\"wp-block-paragraph\"><strong>JPB<\/strong><\/p>\n\n\n\n<p class=\"wp-block-paragraph\"><strong><em>@macite.tg<\/em><\/strong><\/p>\n\n\n\n<p class=\"wp-block-paragraph\"><strong><em>E-mail&nbsp;: <\/em><\/strong><a href=\"mailto:maciteinfo@gmail.com\"><strong><em>maciteinfo@gmail.com<\/em><\/strong><\/a><strong><em>; <\/em><\/strong><a href=\"mailto:bawela1@gmail.com\"><strong><em>bawela1@gmail.com<\/em><\/strong><\/a><strong><em><\/em><\/strong><\/p>\n\n\n\n<p class=\"wp-block-paragraph\"><strong><em>Pour vos annonces, (publi)reportages, etc., joignez nous au (00228)91515309\/<strong>79872224 <\/strong>www.macite.tg, L\u2019information, la bonne&nbsp;!<\/em><\/strong><\/p>\n","protected":false},"excerpt":{"rendered":"<p class=\"text-justify mb-2\" >Dans le cadre de la promotion du tourisme par les canaux de visibilit\u00e9, notamment num\u00e9riques, le minist\u00e8re de la Culture et du tourisme, a lanc\u00e9, le 21 novembre dernier \u00e0 Lom\u00e9, la phase pilote de la plateforme num\u00e9rique de r\u00e9servations de l\u2019h\u00e9bergement. Le Togo a [&hellip;]<\/p>\n","protected":false},"author":2,"featured_media":10655,"comment_status":"open","ping_status":"open","sticky":false,"template":"","format":"standard","meta":{"footnotes":""},"categories":[20,18],"tags":[],"class_list":["post-10652","post","type-post","status-publish","format-standard","has-post-thumbnail","hentry","category-actualite","category-culture"],"yoast_head":"<!-- This site is optimized with the Yoast SEO plugin v28.4 - https:\/\/yoast.com\/product\/yoast-seo-wordpress\/ -->\n<title>H\u00c9BERGEMENT\u00a0: Le minist\u00e8re de la Culture lance une interface pour faciliter la gestion d\u2019\u00e9v\u00e9nements touristiques -<\/title>\n<meta name=\"robots\" content=\"index, follow, max-snippet:-1, max-image-preview:large, max-video-preview:-1\" \/>\n<link rel=\"canonical\" href=\"https:\/\/macite.tg\/?p=10652\" \/>\n<meta property=\"og:locale\" content=\"fr_FR\" \/>\n<meta property=\"og:type\" content=\"article\" \/>\n<meta property=\"og:title\" content=\"H\u00c9BERGEMENT\u00a0: Le minist\u00e8re de la Culture lance une interface pour faciliter la gestion d\u2019\u00e9v\u00e9nements touristiques -\" \/>\n<meta property=\"og:description\" content=\"Dans le cadre de la promotion du tourisme par les canaux de visibilit\u00e9, notamment num\u00e9riques, le minist\u00e8re de la Culture et du tourisme, a lanc\u00e9, le 21 novembre dernier \u00e0 Lom\u00e9, la phase pilote de la plateforme num\u00e9rique de r\u00e9servations de l\u2019h\u00e9bergement. Le Togo a [&hellip;]\" \/>\n<meta property=\"og:url\" content=\"https:\/\/macite.tg\/?p=10652\" \/>\n<meta property=\"article:published_time\" content=\"2023-11-27T12:28:11+00:00\" \/>\n<meta property=\"article:modified_time\" content=\"2023-11-27T12:28:13+00:00\" \/>\n<meta property=\"og:image\" content=\"https:\/\/macite.tg\/wp-content\/uploads\/2023\/11\/htlpltfrm-1024x581-1.png\" \/>\n\t<meta property=\"og:image:width\" content=\"1024\" \/>\n\t<meta property=\"og:image:height\" content=\"581\" \/>\n\t<meta property=\"og:image:type\" content=\"image\/png\" \/>\n<meta name=\"author\" content=\"Jean Pierre BAWELA\" \/>\n<meta name=\"twitter:card\" content=\"summary_large_image\" \/>\n<meta name=\"twitter:label1\" content=\"\u00c9crit par\" \/>\n\t<meta name=\"twitter:data1\" content=\"Jean Pierre BAWELA\" \/>\n\t<meta name=\"twitter:label2\" content=\"Dur\u00e9e de lecture estim\u00e9e\" \/>\n\t<meta name=\"twitter:data2\" content=\"2 minutes\" \/>\n<script type=\"application\/ld+json\" class=\"yoast-schema-graph\">{\"@context\":\"https:\\\/\\\/schema.org\",\"@graph\":[{\"@type\":\"Article\",\"@id\":\"https:\\\/\\\/macite.tg\\\/?p=10652#article\",\"isPartOf\":{\"@id\":\"https:\\\/\\\/macite.tg\\\/?p=10652\"},\"author\":{\"name\":\"Jean Pierre BAWELA\",\"@id\":\"https:\\\/\\\/macite.tg\\\/#\\\/schema\\\/person\\\/e9f2de7e5dbbe7770a9402c7ce82f5c2\"},\"headline\":\"H\u00c9BERGEMENT\u00a0: Le minist\u00e8re de la Culture lance une interface pour faciliter la gestion d\u2019\u00e9v\u00e9nements touristiques\",\"datePublished\":\"2023-11-27T12:28:11+00:00\",\"dateModified\":\"2023-11-27T12:28:13+00:00\",\"mainEntityOfPage\":{\"@id\":\"https:\\\/\\\/macite.tg\\\/?p=10652\"},\"wordCount\":501,\"commentCount\":0,\"image\":{\"@id\":\"https:\\\/\\\/macite.tg\\\/?p=10652#primaryimage\"},\"thumbnailUrl\":\"https:\\\/\\\/macite.tg\\\/wp-content\\\/uploads\\\/2023\\\/11\\\/htlpltfrm-1024x581-1.png\",\"articleSection\":[\"ACTUALITE\",\"CULTURE\"],\"inLanguage\":\"fr-FR\",\"potentialAction\":[{\"@type\":\"CommentAction\",\"name\":\"Comment\",\"target\":[\"https:\\\/\\\/macite.tg\\\/?p=10652#respond\"]}]},{\"@type\":\"WebPage\",\"@id\":\"https:\\\/\\\/macite.tg\\\/?p=10652\",\"url\":\"https:\\\/\\\/macite.tg\\\/?p=10652\",\"name\":\"H\u00c9BERGEMENT\u00a0: Le minist\u00e8re de la Culture lance une interface pour faciliter la gestion d\u2019\u00e9v\u00e9nements touristiques -\",\"isPartOf\":{\"@id\":\"https:\\\/\\\/macite.tg\\\/#website\"},\"primaryImageOfPage\":{\"@id\":\"https:\\\/\\\/macite.tg\\\/?p=10652#primaryimage\"},\"image\":{\"@id\":\"https:\\\/\\\/macite.tg\\\/?p=10652#primaryimage\"},\"thumbnailUrl\":\"https:\\\/\\\/macite.tg\\\/wp-content\\\/uploads\\\/2023\\\/11\\\/htlpltfrm-1024x581-1.png\",\"datePublished\":\"2023-11-27T12:28:11+00:00\",\"dateModified\":\"2023-11-27T12:28:13+00:00\",\"author\":{\"@id\":\"https:\\\/\\\/macite.tg\\\/#\\\/schema\\\/person\\\/e9f2de7e5dbbe7770a9402c7ce82f5c2\"},\"breadcrumb\":{\"@id\":\"https:\\\/\\\/macite.tg\\\/?p=10652#breadcrumb\"},\"inLanguage\":\"fr-FR\",\"potentialAction\":[{\"@type\":\"ReadAction\",\"target\":[\"https:\\\/\\\/macite.tg\\\/?p=10652\"]}]},{\"@type\":\"ImageObject\",\"inLanguage\":\"fr-FR\",\"@id\":\"https:\\\/\\\/macite.tg\\\/?p=10652#primaryimage\",\"url\":\"https:\\\/\\\/macite.tg\\\/wp-content\\\/uploads\\\/2023\\\/11\\\/htlpltfrm-1024x581-1.png\",\"contentUrl\":\"https:\\\/\\\/macite.tg\\\/wp-content\\\/uploads\\\/2023\\\/11\\\/htlpltfrm-1024x581-1.png\",\"width\":1024,\"height\":581},{\"@type\":\"BreadcrumbList\",\"@id\":\"https:\\\/\\\/macite.tg\\\/?p=10652#breadcrumb\",\"itemListElement\":[{\"@type\":\"ListItem\",\"position\":1,\"name\":\"Accueil\",\"item\":\"https:\\\/\\\/macite.tg\\\/\"},{\"@type\":\"ListItem\",\"position\":2,\"name\":\"H\u00c9BERGEMENT\u00a0: Le minist\u00e8re de la Culture lance une interface pour faciliter la gestion d\u2019\u00e9v\u00e9nements touristiques\"}]},{\"@type\":\"WebSite\",\"@id\":\"https:\\\/\\\/macite.tg\\\/#website\",\"url\":\"https:\\\/\\\/macite.tg\\\/\",\"name\":\"\",\"description\":\"L&#039;information, la bonne!!!\",\"potentialAction\":[{\"@type\":\"SearchAction\",\"target\":{\"@type\":\"EntryPoint\",\"urlTemplate\":\"https:\\\/\\\/macite.tg\\\/?s={search_term_string}\"},\"query-input\":{\"@type\":\"PropertyValueSpecification\",\"valueRequired\":true,\"valueName\":\"search_term_string\"}}],\"inLanguage\":\"fr-FR\"},{\"@type\":\"Person\",\"@id\":\"https:\\\/\\\/macite.tg\\\/#\\\/schema\\\/person\\\/e9f2de7e5dbbe7770a9402c7ce82f5c2\",\"name\":\"Jean Pierre BAWELA\",\"image\":{\"@type\":\"ImageObject\",\"inLanguage\":\"fr-FR\",\"@id\":\"https:\\\/\\\/macite.tg\\\/wp-content\\\/uploads\\\/2023\\\/09\\\/WhatsApp-Image-2023-09-19-at-14.44.41-122x122.jpeg\",\"url\":\"https:\\\/\\\/macite.tg\\\/wp-content\\\/uploads\\\/2023\\\/09\\\/WhatsApp-Image-2023-09-19-at-14.44.41-122x122.jpeg\",\"contentUrl\":\"https:\\\/\\\/macite.tg\\\/wp-content\\\/uploads\\\/2023\\\/09\\\/WhatsApp-Image-2023-09-19-at-14.44.41-122x122.jpeg\",\"caption\":\"Jean Pierre BAWELA\"},\"url\":\"https:\\\/\\\/macite.tg\\\/?author=2\"}]}<\/script>\n<!-- \/ Yoast SEO plugin. -->","yoast_head_json":{"title":"H\u00c9BERGEMENT\u00a0: Le minist\u00e8re de la Culture lance une interface pour faciliter la gestion d\u2019\u00e9v\u00e9nements touristiques -","robots":{"index":"index","follow":"follow","max-snippet":"max-snippet:-1","max-image-preview":"max-image-preview:large","max-video-preview":"max-video-preview:-1"},"canonical":"https:\/\/macite.tg\/?p=10652","og_locale":"fr_FR","og_type":"article","og_title":"H\u00c9BERGEMENT\u00a0: Le minist\u00e8re de la Culture lance une interface pour faciliter la gestion d\u2019\u00e9v\u00e9nements touristiques -","og_description":"Dans le cadre de la promotion du tourisme par les canaux de visibilit\u00e9, notamment num\u00e9riques, le minist\u00e8re de la Culture et du tourisme, a lanc\u00e9, le 21 novembre dernier \u00e0 Lom\u00e9, la phase pilote de la plateforme num\u00e9rique de r\u00e9servations de l\u2019h\u00e9bergement. Le Togo a [&hellip;]","og_url":"https:\/\/macite.tg\/?p=10652","article_published_time":"2023-11-27T12:28:11+00:00","article_modified_time":"2023-11-27T12:28:13+00:00","og_image":[{"width":1024,"height":581,"url":"https:\/\/macite.tg\/wp-content\/uploads\/2023\/11\/htlpltfrm-1024x581-1.png","type":"image\/png"}],"author":"Jean Pierre BAWELA","twitter_card":"summary_large_image","twitter_misc":{"\u00c9crit par":"Jean Pierre BAWELA","Dur\u00e9e de lecture estim\u00e9e":"2 minutes"},"schema":{"@context":"https:\/\/schema.org","@graph":[{"@type":"Article","@id":"https:\/\/macite.tg\/?p=10652#article","isPartOf":{"@id":"https:\/\/macite.tg\/?p=10652"},"author":{"name":"Jean Pierre BAWELA","@id":"https:\/\/macite.tg\/#\/schema\/person\/e9f2de7e5dbbe7770a9402c7ce82f5c2"},"headline":"H\u00c9BERGEMENT\u00a0: Le minist\u00e8re de la Culture lance une interface pour faciliter la gestion d\u2019\u00e9v\u00e9nements touristiques","datePublished":"2023-11-27T12:28:11+00:00","dateModified":"2023-11-27T12:28:13+00:00","mainEntityOfPage":{"@id":"https:\/\/macite.tg\/?p=10652"},"wordCount":501,"commentCount":0,"image":{"@id":"https:\/\/macite.tg\/?p=10652#primaryimage"},"thumbnailUrl":"https:\/\/macite.tg\/wp-content\/uploads\/2023\/11\/htlpltfrm-1024x581-1.png","articleSection":["ACTUALITE","CULTURE"],"inLanguage":"fr-FR","potentialAction":[{"@type":"CommentAction","name":"Comment","target":["https:\/\/macite.tg\/?p=10652#respond"]}]},{"@type":"WebPage","@id":"https:\/\/macite.tg\/?p=10652","url":"https:\/\/macite.tg\/?p=10652","name":"H\u00c9BERGEMENT\u00a0: Le minist\u00e8re de la Culture lance une interface pour faciliter la gestion d\u2019\u00e9v\u00e9nements touristiques -","isPartOf":{"@id":"https:\/\/macite.tg\/#website"},"primaryImageOfPage":{"@id":"https:\/\/macite.tg\/?p=10652#primaryimage"},"image":{"@id":"https:\/\/macite.tg\/?p=10652#primaryimage"},"thumbnailUrl":"https:\/\/macite.tg\/wp-content\/uploads\/2023\/11\/htlpltfrm-1024x581-1.png","datePublished":"2023-11-27T12:28:11+00:00","dateModified":"2023-11-27T12:28:13+00:00","author":{"@id":"https:\/\/macite.tg\/#\/schema\/person\/e9f2de7e5dbbe7770a9402c7ce82f5c2"},"breadcrumb":{"@id":"https:\/\/macite.tg\/?p=10652#breadcrumb"},"inLanguage":"fr-FR","potentialAction":[{"@type":"ReadAction","target":["https:\/\/macite.tg\/?p=10652"]}]},{"@type":"ImageObject","inLanguage":"fr-FR","@id":"https:\/\/macite.tg\/?p=10652#primaryimage","url":"https:\/\/macite.tg\/wp-content\/uploads\/2023\/11\/htlpltfrm-1024x581-1.png","contentUrl":"https:\/\/macite.tg\/wp-content\/uploads\/2023\/11\/htlpltfrm-1024x581-1.png","width":1024,"height":581},{"@type":"BreadcrumbList","@id":"https:\/\/macite.tg\/?p=10652#breadcrumb","itemListElement":[{"@type":"ListItem","position":1,"name":"Accueil","item":"https:\/\/macite.tg\/"},{"@type":"ListItem","position":2,"name":"H\u00c9BERGEMENT\u00a0: Le minist\u00e8re de la Culture lance une interface pour faciliter la gestion d\u2019\u00e9v\u00e9nements touristiques"}]},{"@type":"WebSite","@id":"https:\/\/macite.tg\/#website","url":"https:\/\/macite.tg\/","name":"","description":"L&#039;information, la bonne!!!","potentialAction":[{"@type":"SearchAction","target":{"@type":"EntryPoint","urlTemplate":"https:\/\/macite.tg\/?s={search_term_string}"},"query-input":{"@type":"PropertyValueSpecification","valueRequired":true,"valueName":"search_term_string"}}],"inLanguage":"fr-FR"},{"@type":"Person","@id":"https:\/\/macite.tg\/#\/schema\/person\/e9f2de7e5dbbe7770a9402c7ce82f5c2","name":"Jean Pierre BAWELA","image":{"@type":"ImageObject","inLanguage":"fr-FR","@id":"https:\/\/macite.tg\/wp-content\/uploads\/2023\/09\/WhatsApp-Image-2023-09-19-at-14.44.41-122x122.jpeg","url":"https:\/\/macite.tg\/wp-content\/uploads\/2023\/09\/WhatsApp-Image-2023-09-19-at-14.44.41-122x122.jpeg","contentUrl":"https:\/\/macite.tg\/wp-content\/uploads\/2023\/09\/WhatsApp-Image-2023-09-19-at-14.44.41-122x122.jpeg","caption":"Jean Pierre BAWELA"},"url":"https:\/\/macite.tg\/?author=2"}]}},"_links":{"self":[{"href":"https:\/\/macite.tg\/index.php?rest_route=\/wp\/v2\/posts\/10652","targetHints":{"allow":["GET"]}}],"collection":[{"href":"https:\/\/macite.tg\/index.php?rest_route=\/wp\/v2\/posts"}],"about":[{"href":"https:\/\/macite.tg\/index.php?rest_route=\/wp\/v2\/types\/post"}],"author":[{"embeddable":true,"href":"https:\/\/macite.tg\/index.php?rest_route=\/wp\/v2\/users\/2"}],"replies":[{"embeddable":true,"href":"https:\/\/macite.tg\/index.php?rest_route=%2Fwp%2Fv2%2Fcomments&post=10652"}],"version-history":[{"count":0,"href":"https:\/\/macite.tg\/index.php?rest_route=\/wp\/v2\/posts\/10652\/revisions"}],"wp:featuredmedia":[{"embeddable":true,"href":"https:\/\/macite.tg\/index.php?rest_route=\/wp\/v2\/media\/10655"}],"wp:attachment":[{"href":"https:\/\/macite.tg\/index.php?rest_route=%2Fwp%2Fv2%2Fmedia&parent=10652"}],"wp:term":[{"taxonomy":"category","embeddable":true,"href":"https:\/\/macite.tg\/index.php?rest_route=%2Fwp%2Fv2%2Fcategories&post=10652"},{"taxonomy":"post_tag","embeddable":true,"href":"https:\/\/macite.tg\/index.php?rest_route=%2Fwp%2Fv2%2Ftags&post=10652"}],"curies":[{"name":"wp","href":"https:\/\/api.w.org\/{rel}","templated":true}]}}