{"id":10645,"date":"2023-11-27T11:00:39","date_gmt":"2023-11-27T11:00:39","guid":{"rendered":"https:\/\/macite.tg\/?p=10645"},"modified":"2023-11-27T11:00:43","modified_gmt":"2023-11-27T11:00:43","slug":"droits-des-femmes-quand-le-militantisme-et-lengagement-des-organisations-associatives-contraste-avec-limmobilisme-des-acteurs-etatiques-col-belei-bediani","status":"publish","type":"post","link":"https:\/\/macite.tg\/?p=10645","title":{"rendered":"DROITS DES FEMMES : Quand le militantisme et l&rsquo;engagement des organisations associatives contraste avec l&rsquo;immobilisme des acteurs \u00e9tatiques (Col B\u00e9l\u00e9i B\u00e9diani)"},"content":{"rendered":"\n<p class=\"wp-block-paragraph\"><strong><em>Edit\u00e9 pour la premi\u00e8re fois en 2010, l&rsquo;ouvrage du Colonel B\u00e9diani BELEI intitul\u00e9 \u00ab\u00a0La protection de la femme contre les violences conjugales en droit togolais et en droit international des droits de l&rsquo;homme\u00a0\u00bb, vient d&rsquo;\u00eatre r\u00e9\u00e9dit\u00e9 \u00e0 la grande satisfaction des associations f\u00e9minines de lutte pour les droits des femmes et contre les violences conjugales.<\/em><\/strong><\/p>\n\n\n\n<p class=\"wp-block-paragraph\"><em>\u00ab&nbsp;De 2010 \u00e0 2023, il y a eu beaucoup d&rsquo;\u00e9volutions par rapport aux droits des femmes. C&rsquo;est ce qui motive ce deuxi\u00e8me ouvrage. Chose int\u00e9ressante dans cet ouvrage, c&rsquo;est qu&rsquo;il rassemble presque tous les \u00e9l\u00e9ments que les associations qui travaillent dans ce domaine peuvent exploiter&nbsp;\u00bb,<\/em> a confi\u00e9 Mawuss\u00e9 H\u00e9ka, Directeur g\u00e9n\u00e9ral des \u00e9ditions Awoudy, qui publie l&rsquo;ouvrage.<\/p>\n\n\n<div class=\"wp-block-image\">\n<figure class=\"aligncenter size-full is-resized\"><img loading=\"lazy\" decoding=\"async\" src=\"https:\/\/macite.tg\/wp-content\/uploads\/2023\/11\/status_me_status_IMG-20231114-WA0101.jpg\" alt=\"\" class=\"wp-image-10414\" width=\"633\" height=\"845\" srcset=\"https:\/\/macite.tg\/wp-content\/uploads\/2023\/11\/status_me_status_IMG-20231114-WA0101.jpg 718w, https:\/\/macite.tg\/wp-content\/uploads\/2023\/11\/status_me_status_IMG-20231114-WA0101-225x300.jpg 225w\" sizes=\"auto, (max-width: 633px) 100vw, 633px\" \/><\/figure>\n<\/div>\n\n\n<p class=\"wp-block-paragraph\">De quoi r\u00e9jouir Lokou Tchamdja, Coordinatrice du R\u00e9seau d&rsquo;association de femmes en action pour le d\u00e9veloppement (RAFAD), dont la structure a financ\u00e9 la publication de l&rsquo;\u0153uvre, en partenariat avec le Fonds OSE. <em>\u00ab&nbsp;Le livre a \u00e9t\u00e9 \u00e9dit\u00e9 beaucoup plus pour les organisations, surtout de femmes pour qu&rsquo;elles s&rsquo;inspirent, qu&rsquo;elles aient des \u00e9l\u00e9ments pour leurs sensibilisations\u2026\u00bb,<\/em> a-t-elle indiqu\u00e9. Car la situation des violences conjugales au Togo demeure pr\u00e9occupante.<\/p>\n\n\n\n<p class=\"wp-block-paragraph\"><em>\u00ab&nbsp;Le r\u00e9seau va travailler avec des organisations points focales dans les diff\u00e9rentes r\u00e9gions. Nous allons organiser des sensibilisations communautaires de proximit\u00e9. Nous avons pr\u00e9vu 07 r\u00e9gions pour cette mission de vulgarisation du livre&nbsp;\u00bb,<\/em> a fait savoir Lokou Tchamdja.<\/p>\n\n\n\n<p class=\"wp-block-paragraph\">La nouvelle \u00e9dition de l&rsquo;\u0153uvre de B\u00e9diani B\u00e9l\u00e9i comporte quatre chapitres, regroup\u00e9s dans deux grandes parties. Dans la premi\u00e8re partie intitul\u00e9e<em> \u00ab\u00a0Le cadre juridique de prise en charge de violences conjugales faites aux femmes\u00a0\u00bb,<\/em> l&rsquo;auteur fait l&rsquo;\u00e9tat des lieux d&rsquo;une hypertrophie des normes qui concourent \u00e0 la protection de la femme violent\u00e9e. Ces normes vont des instruments r\u00e9gionaux africains, principalement onusiens, \u00e0 des instruments r\u00e9gionaux africains et ouest-africains. L&rsquo;auteur rel\u00e8ve que ces normes du <em>\u00ab\u00a0droit moderne\u00a0\u00bb<\/em>, se trouvent tr\u00e8s souvent contrari\u00e9es par l&rsquo;existence d&rsquo;un droit coutumier diffus dans le corps social, et avec lequel la population a du mal \u00e0 couper le lien d&rsquo;affinit\u00e9, un frein \u00e0 la prise en charge optimale de la femme violent\u00e9e.<\/p>\n\n\n\n<p class=\"wp-block-paragraph\">En ce qui concerne la deuxi\u00e8me partie intitul\u00e9e : <em>\u00ab&nbsp;L&rsquo;engagement des acteurs dans la prise en charge des violences conjugales au Togo&nbsp;\u00bb,<\/em> l&rsquo;auteur examine le r\u00f4le des acteurs engag\u00e9s dans la protection des femmes, victimes des violences conjugales. Il remarque que le droit est un instrument et en tant qu&rsquo;instrument, son efficacit\u00e9 d\u00e9pend de l&rsquo;engagement des acteurs qui l&rsquo;utilisent.<\/p>\n\n\n<div class=\"wp-block-image\">\n<figure class=\"aligncenter size-large is-resized\"><img loading=\"lazy\" decoding=\"async\" src=\"https:\/\/macite.tg\/wp-content\/uploads\/2023\/11\/WhatsApp-Image-2023-10-09-at-17.28.15-1-1024x1024.jpeg\" alt=\"\" class=\"wp-image-10647\" width=\"586\" height=\"586\" srcset=\"https:\/\/macite.tg\/wp-content\/uploads\/2023\/11\/WhatsApp-Image-2023-10-09-at-17.28.15-1-1024x1024.jpeg 1024w, https:\/\/macite.tg\/wp-content\/uploads\/2023\/11\/WhatsApp-Image-2023-10-09-at-17.28.15-1-300x300.jpeg 300w, https:\/\/macite.tg\/wp-content\/uploads\/2023\/11\/WhatsApp-Image-2023-10-09-at-17.28.15-1-150x150.jpeg 150w, https:\/\/macite.tg\/wp-content\/uploads\/2023\/11\/WhatsApp-Image-2023-10-09-at-17.28.15-1-768x768.jpeg 768w, https:\/\/macite.tg\/wp-content\/uploads\/2023\/11\/WhatsApp-Image-2023-10-09-at-17.28.15-1-122x122.jpeg 122w, https:\/\/macite.tg\/wp-content\/uploads\/2023\/11\/WhatsApp-Image-2023-10-09-at-17.28.15-1.jpeg 1280w\" sizes=\"auto, (max-width: 586px) 100vw, 586px\" \/><\/figure>\n<\/div>\n\n\n<p class=\"wp-block-paragraph\">Sur ce point, il fait observer que dans la r\u00e9alit\u00e9 togolaise, le militantisme et l&rsquo;engagement des organisations associatives, en faveur d&rsquo;une prise en charge efficiente de la femme violent\u00e9e, contraste avec l&rsquo;immobilisme des acteurs \u00e9tatiques, confront\u00e9s \u00e0 un probl\u00e8me organisationnel.<\/p>\n\n\n\n<p class=\"wp-block-paragraph\">Le livre a \u00e9t\u00e9 pr\u00e9sent\u00e9 au public le vendredi dernier \u00e0 l&rsquo;institut Conficius de l&rsquo;Universit\u00e9 de Lom\u00e9, en pr\u00e9sence des repr\u00e9sentants des associations de d\u00e9fense des droits des femmes, comme WILDAFF et le GF2D.<\/p>\n\n\n\n<p class=\"wp-block-paragraph\"><strong>Koudjoukabalo (In LE MEDIUM n\u00b0580 du 14 au 20 Novembre 2023)<\/strong><\/p>\n\n\n\n<p class=\"wp-block-paragraph\"><strong><em>@macite.tg<\/em><\/strong><\/p>\n\n\n\n<p class=\"wp-block-paragraph\"><strong><em>E-mail&nbsp;: <\/em><\/strong><a href=\"mailto:maciteinfo@gmail.com\"><strong><em>maciteinfo@gmail.com<\/em><\/strong><\/a><strong><em>; <\/em><\/strong><a href=\"mailto:bawela1@gmail.com\"><strong><em>bawela1@gmail.com<\/em><\/strong><\/a><strong><em><\/em><\/strong><\/p>\n\n\n\n<p class=\"wp-block-paragraph\"><strong><em>Pour vos annonces, (publi)reportages, etc., joignez nous au (00228)91515309\/<strong>79872224 <\/strong>www.macite.tg, L\u2019information, la bonne&nbsp;!<\/em><\/strong><\/p>\n","protected":false},"excerpt":{"rendered":"<p class=\"text-justify mb-2\" >Edit\u00e9 pour la premi\u00e8re fois en 2010, l&rsquo;ouvrage du Colonel B\u00e9diani BELEI intitul\u00e9 \u00ab\u00a0La protection de la femme contre les violences conjugales en droit togolais et en droit international des droits de l&rsquo;homme\u00a0\u00bb, vient d&rsquo;\u00eatre r\u00e9\u00e9dit\u00e9 \u00e0 la grande satisfaction des associations f\u00e9minines de lutte [&hellip;]<\/p>\n","protected":false},"author":2,"featured_media":10649,"comment_status":"open","ping_status":"open","sticky":false,"template":"","format":"standard","meta":{"footnotes":""},"categories":[32],"tags":[],"class_list":["post-10645","post","type-post","status-publish","format-standard","has-post-thumbnail","hentry","category-litterature"],"yoast_head":"<!-- This site is optimized with the Yoast SEO plugin v28.4 - https:\/\/yoast.com\/product\/yoast-seo-wordpress\/ -->\n<title>DROITS DES FEMMES : Quand le militantisme et l&#039;engagement des organisations associatives contraste avec l&#039;immobilisme des acteurs \u00e9tatiques (Col B\u00e9l\u00e9i B\u00e9diani) -<\/title>\n<meta name=\"robots\" content=\"index, follow, max-snippet:-1, max-image-preview:large, max-video-preview:-1\" \/>\n<link rel=\"canonical\" href=\"https:\/\/macite.tg\/?p=10645\" \/>\n<meta property=\"og:locale\" content=\"fr_FR\" \/>\n<meta property=\"og:type\" content=\"article\" \/>\n<meta property=\"og:title\" content=\"DROITS DES FEMMES : Quand le militantisme et l&#039;engagement des organisations associatives contraste avec l&#039;immobilisme des acteurs \u00e9tatiques (Col B\u00e9l\u00e9i B\u00e9diani) -\" \/>\n<meta property=\"og:description\" content=\"Edit\u00e9 pour la premi\u00e8re fois en 2010, l&rsquo;ouvrage du Colonel B\u00e9diani BELEI intitul\u00e9 \u00ab\u00a0La protection de la femme contre les violences conjugales en droit togolais et en droit international des droits de l&rsquo;homme\u00a0\u00bb, vient d&rsquo;\u00eatre r\u00e9\u00e9dit\u00e9 \u00e0 la grande satisfaction des associations f\u00e9minines de lutte [&hellip;]\" \/>\n<meta property=\"og:url\" content=\"https:\/\/macite.tg\/?p=10645\" \/>\n<meta property=\"article:published_time\" content=\"2023-11-27T11:00:39+00:00\" \/>\n<meta property=\"article:modified_time\" content=\"2023-11-27T11:00:43+00:00\" \/>\n<meta property=\"og:image\" content=\"https:\/\/macite.tg\/wp-content\/uploads\/2023\/11\/IMG-20231120-WA0123.jpg\" \/>\n\t<meta property=\"og:image:width\" content=\"960\" \/>\n\t<meta property=\"og:image:height\" content=\"432\" \/>\n\t<meta property=\"og:image:type\" content=\"image\/jpeg\" \/>\n<meta name=\"author\" content=\"Jean Pierre BAWELA\" \/>\n<meta name=\"twitter:card\" content=\"summary_large_image\" \/>\n<meta name=\"twitter:label1\" content=\"\u00c9crit par\" \/>\n\t<meta name=\"twitter:data1\" content=\"Jean Pierre BAWELA\" \/>\n\t<meta name=\"twitter:label2\" content=\"Dur\u00e9e de lecture estim\u00e9e\" \/>\n\t<meta name=\"twitter:data2\" content=\"3 minutes\" \/>\n<script type=\"application\/ld+json\" class=\"yoast-schema-graph\">{\"@context\":\"https:\\\/\\\/schema.org\",\"@graph\":[{\"@type\":\"Article\",\"@id\":\"https:\\\/\\\/macite.tg\\\/?p=10645#article\",\"isPartOf\":{\"@id\":\"https:\\\/\\\/macite.tg\\\/?p=10645\"},\"author\":{\"name\":\"Jean Pierre BAWELA\",\"@id\":\"https:\\\/\\\/macite.tg\\\/#\\\/schema\\\/person\\\/e9f2de7e5dbbe7770a9402c7ce82f5c2\"},\"headline\":\"DROITS DES FEMMES : Quand le militantisme et l&rsquo;engagement des organisations associatives contraste avec l&rsquo;immobilisme des acteurs \u00e9tatiques (Col B\u00e9l\u00e9i B\u00e9diani)\",\"datePublished\":\"2023-11-27T11:00:39+00:00\",\"dateModified\":\"2023-11-27T11:00:43+00:00\",\"mainEntityOfPage\":{\"@id\":\"https:\\\/\\\/macite.tg\\\/?p=10645\"},\"wordCount\":598,\"commentCount\":0,\"image\":{\"@id\":\"https:\\\/\\\/macite.tg\\\/?p=10645#primaryimage\"},\"thumbnailUrl\":\"https:\\\/\\\/macite.tg\\\/wp-content\\\/uploads\\\/2023\\\/11\\\/IMG-20231120-WA0123.jpg\",\"articleSection\":[\"LITTERATURE\"],\"inLanguage\":\"fr-FR\",\"potentialAction\":[{\"@type\":\"CommentAction\",\"name\":\"Comment\",\"target\":[\"https:\\\/\\\/macite.tg\\\/?p=10645#respond\"]}]},{\"@type\":\"WebPage\",\"@id\":\"https:\\\/\\\/macite.tg\\\/?p=10645\",\"url\":\"https:\\\/\\\/macite.tg\\\/?p=10645\",\"name\":\"DROITS DES FEMMES : Quand le militantisme et l'engagement des organisations associatives contraste avec l'immobilisme des acteurs \u00e9tatiques (Col B\u00e9l\u00e9i B\u00e9diani) -\",\"isPartOf\":{\"@id\":\"https:\\\/\\\/macite.tg\\\/#website\"},\"primaryImageOfPage\":{\"@id\":\"https:\\\/\\\/macite.tg\\\/?p=10645#primaryimage\"},\"image\":{\"@id\":\"https:\\\/\\\/macite.tg\\\/?p=10645#primaryimage\"},\"thumbnailUrl\":\"https:\\\/\\\/macite.tg\\\/wp-content\\\/uploads\\\/2023\\\/11\\\/IMG-20231120-WA0123.jpg\",\"datePublished\":\"2023-11-27T11:00:39+00:00\",\"dateModified\":\"2023-11-27T11:00:43+00:00\",\"author\":{\"@id\":\"https:\\\/\\\/macite.tg\\\/#\\\/schema\\\/person\\\/e9f2de7e5dbbe7770a9402c7ce82f5c2\"},\"breadcrumb\":{\"@id\":\"https:\\\/\\\/macite.tg\\\/?p=10645#breadcrumb\"},\"inLanguage\":\"fr-FR\",\"potentialAction\":[{\"@type\":\"ReadAction\",\"target\":[\"https:\\\/\\\/macite.tg\\\/?p=10645\"]}]},{\"@type\":\"ImageObject\",\"inLanguage\":\"fr-FR\",\"@id\":\"https:\\\/\\\/macite.tg\\\/?p=10645#primaryimage\",\"url\":\"https:\\\/\\\/macite.tg\\\/wp-content\\\/uploads\\\/2023\\\/11\\\/IMG-20231120-WA0123.jpg\",\"contentUrl\":\"https:\\\/\\\/macite.tg\\\/wp-content\\\/uploads\\\/2023\\\/11\\\/IMG-20231120-WA0123.jpg\",\"width\":960,\"height\":432},{\"@type\":\"BreadcrumbList\",\"@id\":\"https:\\\/\\\/macite.tg\\\/?p=10645#breadcrumb\",\"itemListElement\":[{\"@type\":\"ListItem\",\"position\":1,\"name\":\"Accueil\",\"item\":\"https:\\\/\\\/macite.tg\\\/\"},{\"@type\":\"ListItem\",\"position\":2,\"name\":\"DROITS DES FEMMES : Quand le militantisme et l&rsquo;engagement des organisations associatives contraste avec l&rsquo;immobilisme des acteurs \u00e9tatiques (Col B\u00e9l\u00e9i B\u00e9diani)\"}]},{\"@type\":\"WebSite\",\"@id\":\"https:\\\/\\\/macite.tg\\\/#website\",\"url\":\"https:\\\/\\\/macite.tg\\\/\",\"name\":\"\",\"description\":\"L&#039;information, la bonne!!!\",\"potentialAction\":[{\"@type\":\"SearchAction\",\"target\":{\"@type\":\"EntryPoint\",\"urlTemplate\":\"https:\\\/\\\/macite.tg\\\/?s={search_term_string}\"},\"query-input\":{\"@type\":\"PropertyValueSpecification\",\"valueRequired\":true,\"valueName\":\"search_term_string\"}}],\"inLanguage\":\"fr-FR\"},{\"@type\":\"Person\",\"@id\":\"https:\\\/\\\/macite.tg\\\/#\\\/schema\\\/person\\\/e9f2de7e5dbbe7770a9402c7ce82f5c2\",\"name\":\"Jean Pierre BAWELA\",\"image\":{\"@type\":\"ImageObject\",\"inLanguage\":\"fr-FR\",\"@id\":\"https:\\\/\\\/macite.tg\\\/wp-content\\\/uploads\\\/2023\\\/09\\\/WhatsApp-Image-2023-09-19-at-14.44.41-122x122.jpeg\",\"url\":\"https:\\\/\\\/macite.tg\\\/wp-content\\\/uploads\\\/2023\\\/09\\\/WhatsApp-Image-2023-09-19-at-14.44.41-122x122.jpeg\",\"contentUrl\":\"https:\\\/\\\/macite.tg\\\/wp-content\\\/uploads\\\/2023\\\/09\\\/WhatsApp-Image-2023-09-19-at-14.44.41-122x122.jpeg\",\"caption\":\"Jean Pierre BAWELA\"},\"url\":\"https:\\\/\\\/macite.tg\\\/?author=2\"}]}<\/script>\n<!-- \/ Yoast SEO plugin. -->","yoast_head_json":{"title":"DROITS DES FEMMES : Quand le militantisme et l'engagement des organisations associatives contraste avec l'immobilisme des acteurs \u00e9tatiques (Col B\u00e9l\u00e9i B\u00e9diani) -","robots":{"index":"index","follow":"follow","max-snippet":"max-snippet:-1","max-image-preview":"max-image-preview:large","max-video-preview":"max-video-preview:-1"},"canonical":"https:\/\/macite.tg\/?p=10645","og_locale":"fr_FR","og_type":"article","og_title":"DROITS DES FEMMES : Quand le militantisme et l'engagement des organisations associatives contraste avec l'immobilisme des acteurs \u00e9tatiques (Col B\u00e9l\u00e9i B\u00e9diani) -","og_description":"Edit\u00e9 pour la premi\u00e8re fois en 2010, l&rsquo;ouvrage du Colonel B\u00e9diani BELEI intitul\u00e9 \u00ab\u00a0La protection de la femme contre les violences conjugales en droit togolais et en droit international des droits de l&rsquo;homme\u00a0\u00bb, vient d&rsquo;\u00eatre r\u00e9\u00e9dit\u00e9 \u00e0 la grande satisfaction des associations f\u00e9minines de lutte [&hellip;]","og_url":"https:\/\/macite.tg\/?p=10645","article_published_time":"2023-11-27T11:00:39+00:00","article_modified_time":"2023-11-27T11:00:43+00:00","og_image":[{"width":960,"height":432,"url":"https:\/\/macite.tg\/wp-content\/uploads\/2023\/11\/IMG-20231120-WA0123.jpg","type":"image\/jpeg"}],"author":"Jean Pierre BAWELA","twitter_card":"summary_large_image","twitter_misc":{"\u00c9crit par":"Jean Pierre BAWELA","Dur\u00e9e de lecture estim\u00e9e":"3 minutes"},"schema":{"@context":"https:\/\/schema.org","@graph":[{"@type":"Article","@id":"https:\/\/macite.tg\/?p=10645#article","isPartOf":{"@id":"https:\/\/macite.tg\/?p=10645"},"author":{"name":"Jean Pierre BAWELA","@id":"https:\/\/macite.tg\/#\/schema\/person\/e9f2de7e5dbbe7770a9402c7ce82f5c2"},"headline":"DROITS DES FEMMES : Quand le militantisme et l&rsquo;engagement des organisations associatives contraste avec l&rsquo;immobilisme des acteurs \u00e9tatiques (Col B\u00e9l\u00e9i B\u00e9diani)","datePublished":"2023-11-27T11:00:39+00:00","dateModified":"2023-11-27T11:00:43+00:00","mainEntityOfPage":{"@id":"https:\/\/macite.tg\/?p=10645"},"wordCount":598,"commentCount":0,"image":{"@id":"https:\/\/macite.tg\/?p=10645#primaryimage"},"thumbnailUrl":"https:\/\/macite.tg\/wp-content\/uploads\/2023\/11\/IMG-20231120-WA0123.jpg","articleSection":["LITTERATURE"],"inLanguage":"fr-FR","potentialAction":[{"@type":"CommentAction","name":"Comment","target":["https:\/\/macite.tg\/?p=10645#respond"]}]},{"@type":"WebPage","@id":"https:\/\/macite.tg\/?p=10645","url":"https:\/\/macite.tg\/?p=10645","name":"DROITS DES FEMMES : Quand le militantisme et l'engagement des organisations associatives contraste avec l'immobilisme des acteurs \u00e9tatiques (Col B\u00e9l\u00e9i B\u00e9diani) -","isPartOf":{"@id":"https:\/\/macite.tg\/#website"},"primaryImageOfPage":{"@id":"https:\/\/macite.tg\/?p=10645#primaryimage"},"image":{"@id":"https:\/\/macite.tg\/?p=10645#primaryimage"},"thumbnailUrl":"https:\/\/macite.tg\/wp-content\/uploads\/2023\/11\/IMG-20231120-WA0123.jpg","datePublished":"2023-11-27T11:00:39+00:00","dateModified":"2023-11-27T11:00:43+00:00","author":{"@id":"https:\/\/macite.tg\/#\/schema\/person\/e9f2de7e5dbbe7770a9402c7ce82f5c2"},"breadcrumb":{"@id":"https:\/\/macite.tg\/?p=10645#breadcrumb"},"inLanguage":"fr-FR","potentialAction":[{"@type":"ReadAction","target":["https:\/\/macite.tg\/?p=10645"]}]},{"@type":"ImageObject","inLanguage":"fr-FR","@id":"https:\/\/macite.tg\/?p=10645#primaryimage","url":"https:\/\/macite.tg\/wp-content\/uploads\/2023\/11\/IMG-20231120-WA0123.jpg","contentUrl":"https:\/\/macite.tg\/wp-content\/uploads\/2023\/11\/IMG-20231120-WA0123.jpg","width":960,"height":432},{"@type":"BreadcrumbList","@id":"https:\/\/macite.tg\/?p=10645#breadcrumb","itemListElement":[{"@type":"ListItem","position":1,"name":"Accueil","item":"https:\/\/macite.tg\/"},{"@type":"ListItem","position":2,"name":"DROITS DES FEMMES : Quand le militantisme et l&rsquo;engagement des organisations associatives contraste avec l&rsquo;immobilisme des acteurs \u00e9tatiques (Col B\u00e9l\u00e9i B\u00e9diani)"}]},{"@type":"WebSite","@id":"https:\/\/macite.tg\/#website","url":"https:\/\/macite.tg\/","name":"","description":"L&#039;information, la bonne!!!","potentialAction":[{"@type":"SearchAction","target":{"@type":"EntryPoint","urlTemplate":"https:\/\/macite.tg\/?s={search_term_string}"},"query-input":{"@type":"PropertyValueSpecification","valueRequired":true,"valueName":"search_term_string"}}],"inLanguage":"fr-FR"},{"@type":"Person","@id":"https:\/\/macite.tg\/#\/schema\/person\/e9f2de7e5dbbe7770a9402c7ce82f5c2","name":"Jean Pierre BAWELA","image":{"@type":"ImageObject","inLanguage":"fr-FR","@id":"https:\/\/macite.tg\/wp-content\/uploads\/2023\/09\/WhatsApp-Image-2023-09-19-at-14.44.41-122x122.jpeg","url":"https:\/\/macite.tg\/wp-content\/uploads\/2023\/09\/WhatsApp-Image-2023-09-19-at-14.44.41-122x122.jpeg","contentUrl":"https:\/\/macite.tg\/wp-content\/uploads\/2023\/09\/WhatsApp-Image-2023-09-19-at-14.44.41-122x122.jpeg","caption":"Jean Pierre BAWELA"},"url":"https:\/\/macite.tg\/?author=2"}]}},"_links":{"self":[{"href":"https:\/\/macite.tg\/index.php?rest_route=\/wp\/v2\/posts\/10645","targetHints":{"allow":["GET"]}}],"collection":[{"href":"https:\/\/macite.tg\/index.php?rest_route=\/wp\/v2\/posts"}],"about":[{"href":"https:\/\/macite.tg\/index.php?rest_route=\/wp\/v2\/types\/post"}],"author":[{"embeddable":true,"href":"https:\/\/macite.tg\/index.php?rest_route=\/wp\/v2\/users\/2"}],"replies":[{"embeddable":true,"href":"https:\/\/macite.tg\/index.php?rest_route=%2Fwp%2Fv2%2Fcomments&post=10645"}],"version-history":[{"count":0,"href":"https:\/\/macite.tg\/index.php?rest_route=\/wp\/v2\/posts\/10645\/revisions"}],"wp:featuredmedia":[{"embeddable":true,"href":"https:\/\/macite.tg\/index.php?rest_route=\/wp\/v2\/media\/10649"}],"wp:attachment":[{"href":"https:\/\/macite.tg\/index.php?rest_route=%2Fwp%2Fv2%2Fmedia&parent=10645"}],"wp:term":[{"taxonomy":"category","embeddable":true,"href":"https:\/\/macite.tg\/index.php?rest_route=%2Fwp%2Fv2%2Fcategories&post=10645"},{"taxonomy":"post_tag","embeddable":true,"href":"https:\/\/macite.tg\/index.php?rest_route=%2Fwp%2Fv2%2Ftags&post=10645"}],"curies":[{"name":"wp","href":"https:\/\/api.w.org\/{rel}","templated":true}]}}