{"id":10093,"date":"2023-10-31T18:58:19","date_gmt":"2023-10-31T18:58:19","guid":{"rendered":"https:\/\/macite.tg\/?p=10093"},"modified":"2023-10-31T18:58:21","modified_gmt":"2023-10-31T18:58:21","slug":"inclusion-et-protection-le-ministere-de-laction-sociale-comme-un-des-leviers","status":"publish","type":"post","link":"https:\/\/macite.tg\/?p=10093","title":{"rendered":"INCLUSION ET PROTECTION : Le minist\u00e8re de l&rsquo;Action sociale comme un des leviers"},"content":{"rendered":"\n<p class=\"wp-block-paragraph\"><strong><em>Les \u00e9l\u00e8ves togolais sont en cong\u00e9s de d\u00e9tente depuis vendredi. C&rsquo;est la nouveaut\u00e9 introduite dans le syst\u00e8me \u00e9ducatif au d\u00e9but de cette ann\u00e9e scolaire. Ailleurs, on l&rsquo;appelle cong\u00e9 de Toussaint. Il permet aux enfants de souffler apr\u00e8s presque 7 semaines de cours.<\/em><\/strong><\/p>\n\n\n\n<p class=\"wp-block-paragraph\">Les \u00e9l\u00e8ves retrouveront les salles de classes dans une semaine. Ceux qui ont b\u00e9n\u00e9fici\u00e9 de l&rsquo;op\u00e9ration <em>\u00a0\u00bbRentr\u00e9e solidaire \u00ab\u00a0,<\/em> initi\u00e9e par le Chef de l&rsquo;Etat, Faure Gnassingb\u00e9, retrouveront le chemin de l&rsquo;\u00e9cole avec fiert\u00e9. Pour le compte de la rentr\u00e9e scolaire 2023-2024, 6.000 apprenants n\u00e9cessiteux, handicap\u00e9s et orphelins ont b\u00e9n\u00e9fici\u00e9 de l&rsquo;initiative ex\u00e9cut\u00e9e par l&rsquo;Agence de solidarit\u00e9 nationale (Asn), bras op\u00e9ratoires du minist\u00e8re du minist\u00e8re de l&rsquo;Action sociale, de la Protection de la femme et de l&rsquo;Alphab\u00e9tisation<\/p>\n\n\n<div class=\"wp-block-image\">\n<figure class=\"aligncenter size-large is-resized\"><img loading=\"lazy\" decoding=\"async\" src=\"https:\/\/macite.tg\/wp-content\/uploads\/2023\/10\/IMG-20231027-WA00501-1024x1024.jpg\" alt=\"\" class=\"wp-image-9974\" width=\"550\" height=\"550\" srcset=\"https:\/\/macite.tg\/wp-content\/uploads\/2023\/10\/IMG-20231027-WA00501-1024x1024.jpg 1024w, https:\/\/macite.tg\/wp-content\/uploads\/2023\/10\/IMG-20231027-WA00501-300x300.jpg 300w, https:\/\/macite.tg\/wp-content\/uploads\/2023\/10\/IMG-20231027-WA00501-150x150.jpg 150w, https:\/\/macite.tg\/wp-content\/uploads\/2023\/10\/IMG-20231027-WA00501-768x768.jpg 768w, https:\/\/macite.tg\/wp-content\/uploads\/2023\/10\/IMG-20231027-WA00501-122x122.jpg 122w, https:\/\/macite.tg\/wp-content\/uploads\/2023\/10\/IMG-20231027-WA00501.jpg 1181w\" sizes=\"auto, (max-width: 550px) 100vw, 550px\" \/><\/figure>\n<\/div>\n\n\n<p class=\"wp-block-paragraph\">Pour la rentr\u00e9e scolaire 2023-2024, pr\u00e8s d&rsquo;un millier d&rsquo;\u00e9l\u00e8ves ont \u00e9t\u00e9 satisfaits dans la r\u00e9gion Centrale et des Plateaux. Ils ont re\u00e7u des articles comme des tableaux magn\u00e9tiques, des stylos et crayons, des bicyclettes, des cartables, des trousses, des lampes de poche, etc. Ce qui a v\u00e9ritablement soulag\u00e9 leurs parents. Plus de 87.500 \u00e9l\u00e8ves ont b\u00e9n\u00e9fici\u00e9 de l&rsquo;initiative depuis son lancement en 2010. La mise en \u0153uvre de l&rsquo;op\u00e9ration <em>\u00a0\u00bb Rentr\u00e9e solidaire \u00ab\u00a0<\/em> t\u00e9moigne de l&rsquo;engagement sans cesse renouvel\u00e9 des pouvoirs publics \u00e0 garantir une \u00e9ducation pour tous. Cela montre les efforts des autorit\u00e9s \u00e0 atteindre l&rsquo;Odd 4 qui promeut une \u00e9ducation de qualit\u00e9 dans des conditions d&rsquo;\u00e9quit\u00e9.<\/p>\n\n\n\n<p class=\"wp-block-paragraph\"><em>\u00a0\u00bb Rentr\u00e9e solidaire \u00ab\u00a0<\/em> n&rsquo;est pas la seule initiative prise par l&rsquo;\u00c9tat en faveur du secteur \u00e9ducatif. Des moyens colossaux ont \u00e9t\u00e9 d\u00e9ploy\u00e9s ces derni\u00e8res ann\u00e9es pour changer le visage de l&rsquo;\u00e9cole togolaise. D\u00e9j\u00e0 en 2008, les frais de scolarit\u00e9 au pr\u00e9scolaire et au primaire sont rendus gratuits. La cons\u00e9quence est que plus de deux millions d&rsquo;enfants ont fr\u00e9quent\u00e9 l&rsquo;ann\u00e9e suivante. En 2017, School Assur a \u00e9t\u00e9 mis sur pied.<\/p>\n\n\n\n<p class=\"wp-block-paragraph\">Ce programme de protection sociale permet aux apprenants des \u00e9tablissements publics d&rsquo;avoir acc\u00e8s \u00e0 des soins de sant\u00e9 de qualit\u00e9. Il a, \u00e0 son actif, plus de 03 millions de prises en charge (consultations, analyses, sollicitations de pharmacies, hospitalisations, chirurgies) et plus de 02 millions d&rsquo;\u00e9l\u00e8ves assur\u00e9s. \u00c0 tout cela, il faut ajouter l&rsquo;installation des cantines scolaires, qui offrent des repas chauds \u00e0 plus de 90 000 \u00e9l\u00e8ves en moyenne chaque ann\u00e9e, sans oublier la gratuit\u00e9 des frais d&rsquo;inscription aux examens nationaux. Ces initiatives cr\u00e9ent des conditions d&rsquo;apprentissage propices.<\/p>\n\n\n<div class=\"wp-block-image\">\n<figure class=\"aligncenter size-large is-resized\"><img loading=\"lazy\" decoding=\"async\" src=\"https:\/\/macite.tg\/wp-content\/uploads\/2023\/10\/Afis-2023-1024x453.jpg\" alt=\"\" class=\"wp-image-10017\" width=\"670\" height=\"296\" srcset=\"https:\/\/macite.tg\/wp-content\/uploads\/2023\/10\/Afis-2023-1024x453.jpg 1024w, https:\/\/macite.tg\/wp-content\/uploads\/2023\/10\/Afis-2023-300x133.jpg 300w, https:\/\/macite.tg\/wp-content\/uploads\/2023\/10\/Afis-2023-768x340.jpg 768w, https:\/\/macite.tg\/wp-content\/uploads\/2023\/10\/Afis-2023.jpg 1200w\" sizes=\"auto, (max-width: 670px) 100vw, 670px\" \/><\/figure>\n<\/div>\n\n\n<p class=\"wp-block-paragraph\">Au Gouvernement, on fait savoir que la prise en compte des probl\u00e8mes sociaux est per\u00e7ue comme une priorit\u00e9. Depuis la mise en place du minist\u00e8re de l&rsquo;Action sociale, de la Protection de la femme et de l&rsquo;Alphab\u00e9tisation, il dote le Togo de moyens pour freiner la pauvret\u00e9, assurer la protection sociale et apporter du soutien \u00e0 n&rsquo;importe quel Togolais. Chaque ann\u00e9e, ce minist\u00e8re prend sous ses ailes des centaines de milliers de citoyens. De l&rsquo;assistance de l&rsquo;\u00c9tat aux personnes vuln\u00e9rables ou d\u00e9munies, aux secours d&rsquo;urgence en cas de catastrophes naturelles, le d\u00e9partement d\u00e9ploie des initiatives salvatrices.<\/p>\n\n\n\n<p class=\"wp-block-paragraph\">C&rsquo;est encore lui qui coordonne les actions du gouvernement pour l&rsquo;organisation et l&rsquo;encadrement des populations, en vue de leur participation \u00e0 l&rsquo;autopromotion sociale.<\/p>\n\n\n\n<p class=\"wp-block-paragraph\">Des ressources sont consacr\u00e9es au minist\u00e8re, conform\u00e9ment aux ambitions d&rsquo;inclusion et d&rsquo;harmonie sociales. En 2022, le pays a mis sur la table 1,27 milliard pour les interventions. La contribution des partenaires, quant \u00e0 elle, est de 527,8 millions de francs CFA.&nbsp; 804.536, dont 500.000 femmes et filles, ont pu b\u00e9n\u00e9ficier des actions (lutte contre les vuln\u00e9rabilit\u00e9s des personnes handicap\u00e9es, l&rsquo;\u00e9ducation ou la formation\u2026) \u00e0 travers des projets.<\/p>\n\n\n\n<p class=\"wp-block-paragraph\">Au niveau de la protection de l&rsquo;enfance, 314.000 mineurs ont \u00e9t\u00e9 pris en charge contre les violences et la traite. Pour la promotion, l&rsquo;\u00e9ducation, la formation et la lutte contre les violences bas\u00e9es sur le genre, pas moins de 230.000 femmes et jeunes filles ont \u00e9t\u00e9 prises en compte. Les victimes de catastrophes naturelles, les d\u00e9plac\u00e9s et les r\u00e9fugi\u00e9s ont b\u00e9n\u00e9fici\u00e9 d&rsquo;une prise en charge. Ils sont au total 231.000 personnes.<\/p>\n\n\n<div class=\"wp-block-image\">\n<figure class=\"aligncenter size-large is-resized\"><img loading=\"lazy\" decoding=\"async\" src=\"https:\/\/macite.tg\/wp-content\/uploads\/2023\/10\/IMG-20231009-WA0178-1024x1024.jpg\" alt=\"\" class=\"wp-image-10083\" width=\"562\" height=\"562\" srcset=\"https:\/\/macite.tg\/wp-content\/uploads\/2023\/10\/IMG-20231009-WA0178-1024x1024.jpg 1024w, https:\/\/macite.tg\/wp-content\/uploads\/2023\/10\/IMG-20231009-WA0178-300x300.jpg 300w, https:\/\/macite.tg\/wp-content\/uploads\/2023\/10\/IMG-20231009-WA0178-150x150.jpg 150w, https:\/\/macite.tg\/wp-content\/uploads\/2023\/10\/IMG-20231009-WA0178-768x768.jpg 768w, https:\/\/macite.tg\/wp-content\/uploads\/2023\/10\/IMG-20231009-WA0178-122x122.jpg 122w, https:\/\/macite.tg\/wp-content\/uploads\/2023\/10\/IMG-20231009-WA0178.jpg 1280w\" sizes=\"auto, (max-width: 562px) 100vw, 562px\" \/><\/figure>\n<\/div>\n\n\n<p class=\"wp-block-paragraph\">L&rsquo;alphab\u00e9tisation et l&rsquo;\u00e9ducation non formelle ont \u00e9t\u00e9 offertes \u00e0 26.000 personnes sur le territoire. Les victimes de catastrophes ne sont pas oubli\u00e9es. Pour les aider \u00e0 sortir la t\u00eate de l&rsquo;eau apr\u00e8s avoir subi les cons\u00e9quences des catastrophes naturelles, le minist\u00e8re de l&rsquo;Action sociale, de la Protection de la femme et de l&rsquo;Alphab\u00e9tisation leur apporte une assistance en vivres et non-vivres. Une campagne de sensibilisation a \u00e9t\u00e9 lanc\u00e9e en septembre 2023, sp\u00e9cialement \u00e0 l&rsquo;endroit de 400 victimes de la r\u00e9gion des Savanes, recens\u00e9es de mars \u00e0 mai de la m\u00eame ann\u00e9e. Et ce sera comme \u00e7a tout au long de l&rsquo;ann\u00e9e dans les autres r\u00e9gions du pays. Une preuve que le minist\u00e8re travaille d&rsquo;arrache-pied afin d&rsquo;inclure les plus vuln\u00e9rables dans le circuit \u00e9conomique.<\/p>\n\n\n\n<p class=\"wp-block-paragraph\"><strong>ALI SAMBA (In LE MEDIUM n\u00b0577 du 31 Octobre au 06 Novembre 2023)<\/strong><\/p>\n\n\n\n<p class=\"wp-block-paragraph\"><strong><em>@macite.tg<\/em><\/strong><\/p>\n\n\n\n<p class=\"wp-block-paragraph\"><strong><em>E-mail&nbsp;: <\/em><\/strong><a href=\"mailto:maciteinfo@gmail.com\"><strong><em>maciteinfo@gmail.com<\/em><\/strong><\/a><strong><em>; <\/em><\/strong><a href=\"mailto:bawela1@gmail.com\"><strong><em>bawela1@gmail.com<\/em><\/strong><\/a><strong><em><\/em><\/strong><\/p>\n\n\n\n<p class=\"wp-block-paragraph\"><strong><em>Pour vos annonces, (publi)reportages, etc., joignez nous au (00228)91515309\/<strong>79872224 <\/strong>www.macite.tg, L\u2019information, la bonne&nbsp;!<\/em><\/strong><\/p>\n","protected":false},"excerpt":{"rendered":"<p class=\"text-justify mb-2\" >Les \u00e9l\u00e8ves togolais sont en cong\u00e9s de d\u00e9tente depuis vendredi. C&rsquo;est la nouveaut\u00e9 introduite dans le syst\u00e8me \u00e9ducatif au d\u00e9but de cette ann\u00e9e scolaire. Ailleurs, on l&rsquo;appelle cong\u00e9 de Toussaint. Il permet aux enfants de souffler apr\u00e8s presque 7 semaines de cours. Les \u00e9l\u00e8ves retrouveront [&hellip;]<\/p>\n","protected":false},"author":2,"featured_media":10094,"comment_status":"open","ping_status":"open","sticky":false,"template":"","format":"standard","meta":{"footnotes":""},"categories":[20,15],"tags":[],"class_list":["post-10093","post","type-post","status-publish","format-standard","has-post-thumbnail","hentry","category-actualite","category-developpement"],"yoast_head":"<!-- This site is optimized with the Yoast SEO plugin v28.4 - https:\/\/yoast.com\/product\/yoast-seo-wordpress\/ -->\n<title>INCLUSION ET PROTECTION : Le minist\u00e8re de l&#039;Action sociale comme un des leviers -<\/title>\n<meta name=\"robots\" content=\"index, follow, max-snippet:-1, max-image-preview:large, max-video-preview:-1\" \/>\n<link rel=\"canonical\" href=\"https:\/\/macite.tg\/?p=10093\" \/>\n<meta property=\"og:locale\" content=\"fr_FR\" \/>\n<meta property=\"og:type\" content=\"article\" \/>\n<meta property=\"og:title\" content=\"INCLUSION ET PROTECTION : Le minist\u00e8re de l&#039;Action sociale comme un des leviers -\" \/>\n<meta property=\"og:description\" content=\"Les \u00e9l\u00e8ves togolais sont en cong\u00e9s de d\u00e9tente depuis vendredi. C&rsquo;est la nouveaut\u00e9 introduite dans le syst\u00e8me \u00e9ducatif au d\u00e9but de cette ann\u00e9e scolaire. Ailleurs, on l&rsquo;appelle cong\u00e9 de Toussaint. Il permet aux enfants de souffler apr\u00e8s presque 7 semaines de cours. Les \u00e9l\u00e8ves retrouveront [&hellip;]\" \/>\n<meta property=\"og:url\" content=\"https:\/\/macite.tg\/?p=10093\" \/>\n<meta property=\"article:published_time\" content=\"2023-10-31T18:58:19+00:00\" \/>\n<meta property=\"article:modified_time\" content=\"2023-10-31T18:58:21+00:00\" \/>\n<meta property=\"og:image\" content=\"https:\/\/macite.tg\/wp-content\/uploads\/2023\/10\/Action-sociale.jpg\" \/>\n\t<meta property=\"og:image:width\" content=\"276\" \/>\n\t<meta property=\"og:image:height\" content=\"183\" \/>\n\t<meta property=\"og:image:type\" content=\"image\/jpeg\" \/>\n<meta name=\"author\" content=\"Jean Pierre BAWELA\" \/>\n<meta name=\"twitter:card\" content=\"summary_large_image\" \/>\n<meta name=\"twitter:label1\" content=\"\u00c9crit par\" \/>\n\t<meta name=\"twitter:data1\" content=\"Jean Pierre BAWELA\" \/>\n\t<meta name=\"twitter:label2\" content=\"Dur\u00e9e de lecture estim\u00e9e\" \/>\n\t<meta name=\"twitter:data2\" content=\"4 minutes\" \/>\n<script type=\"application\/ld+json\" class=\"yoast-schema-graph\">{\"@context\":\"https:\\\/\\\/schema.org\",\"@graph\":[{\"@type\":\"Article\",\"@id\":\"https:\\\/\\\/macite.tg\\\/?p=10093#article\",\"isPartOf\":{\"@id\":\"https:\\\/\\\/macite.tg\\\/?p=10093\"},\"author\":{\"name\":\"Jean Pierre BAWELA\",\"@id\":\"https:\\\/\\\/macite.tg\\\/#\\\/schema\\\/person\\\/e9f2de7e5dbbe7770a9402c7ce82f5c2\"},\"headline\":\"INCLUSION ET PROTECTION : Le minist\u00e8re de l&rsquo;Action sociale comme un des leviers\",\"datePublished\":\"2023-10-31T18:58:19+00:00\",\"dateModified\":\"2023-10-31T18:58:21+00:00\",\"mainEntityOfPage\":{\"@id\":\"https:\\\/\\\/macite.tg\\\/?p=10093\"},\"wordCount\":924,\"commentCount\":0,\"image\":{\"@id\":\"https:\\\/\\\/macite.tg\\\/?p=10093#primaryimage\"},\"thumbnailUrl\":\"https:\\\/\\\/macite.tg\\\/wp-content\\\/uploads\\\/2023\\\/10\\\/Action-sociale.jpg\",\"articleSection\":[\"ACTUALITE\",\"DEVELOPPEMENT\"],\"inLanguage\":\"fr-FR\",\"potentialAction\":[{\"@type\":\"CommentAction\",\"name\":\"Comment\",\"target\":[\"https:\\\/\\\/macite.tg\\\/?p=10093#respond\"]}]},{\"@type\":\"WebPage\",\"@id\":\"https:\\\/\\\/macite.tg\\\/?p=10093\",\"url\":\"https:\\\/\\\/macite.tg\\\/?p=10093\",\"name\":\"INCLUSION ET PROTECTION : Le minist\u00e8re de l'Action sociale comme un des leviers -\",\"isPartOf\":{\"@id\":\"https:\\\/\\\/macite.tg\\\/#website\"},\"primaryImageOfPage\":{\"@id\":\"https:\\\/\\\/macite.tg\\\/?p=10093#primaryimage\"},\"image\":{\"@id\":\"https:\\\/\\\/macite.tg\\\/?p=10093#primaryimage\"},\"thumbnailUrl\":\"https:\\\/\\\/macite.tg\\\/wp-content\\\/uploads\\\/2023\\\/10\\\/Action-sociale.jpg\",\"datePublished\":\"2023-10-31T18:58:19+00:00\",\"dateModified\":\"2023-10-31T18:58:21+00:00\",\"author\":{\"@id\":\"https:\\\/\\\/macite.tg\\\/#\\\/schema\\\/person\\\/e9f2de7e5dbbe7770a9402c7ce82f5c2\"},\"breadcrumb\":{\"@id\":\"https:\\\/\\\/macite.tg\\\/?p=10093#breadcrumb\"},\"inLanguage\":\"fr-FR\",\"potentialAction\":[{\"@type\":\"ReadAction\",\"target\":[\"https:\\\/\\\/macite.tg\\\/?p=10093\"]}]},{\"@type\":\"ImageObject\",\"inLanguage\":\"fr-FR\",\"@id\":\"https:\\\/\\\/macite.tg\\\/?p=10093#primaryimage\",\"url\":\"https:\\\/\\\/macite.tg\\\/wp-content\\\/uploads\\\/2023\\\/10\\\/Action-sociale.jpg\",\"contentUrl\":\"https:\\\/\\\/macite.tg\\\/wp-content\\\/uploads\\\/2023\\\/10\\\/Action-sociale.jpg\",\"width\":276,\"height\":183},{\"@type\":\"BreadcrumbList\",\"@id\":\"https:\\\/\\\/macite.tg\\\/?p=10093#breadcrumb\",\"itemListElement\":[{\"@type\":\"ListItem\",\"position\":1,\"name\":\"Accueil\",\"item\":\"https:\\\/\\\/macite.tg\\\/\"},{\"@type\":\"ListItem\",\"position\":2,\"name\":\"INCLUSION ET PROTECTION : Le minist\u00e8re de l&rsquo;Action sociale comme un des leviers\"}]},{\"@type\":\"WebSite\",\"@id\":\"https:\\\/\\\/macite.tg\\\/#website\",\"url\":\"https:\\\/\\\/macite.tg\\\/\",\"name\":\"\",\"description\":\"L&#039;information, la bonne!!!\",\"potentialAction\":[{\"@type\":\"SearchAction\",\"target\":{\"@type\":\"EntryPoint\",\"urlTemplate\":\"https:\\\/\\\/macite.tg\\\/?s={search_term_string}\"},\"query-input\":{\"@type\":\"PropertyValueSpecification\",\"valueRequired\":true,\"valueName\":\"search_term_string\"}}],\"inLanguage\":\"fr-FR\"},{\"@type\":\"Person\",\"@id\":\"https:\\\/\\\/macite.tg\\\/#\\\/schema\\\/person\\\/e9f2de7e5dbbe7770a9402c7ce82f5c2\",\"name\":\"Jean Pierre BAWELA\",\"image\":{\"@type\":\"ImageObject\",\"inLanguage\":\"fr-FR\",\"@id\":\"https:\\\/\\\/macite.tg\\\/wp-content\\\/uploads\\\/2023\\\/09\\\/WhatsApp-Image-2023-09-19-at-14.44.41-122x122.jpeg\",\"url\":\"https:\\\/\\\/macite.tg\\\/wp-content\\\/uploads\\\/2023\\\/09\\\/WhatsApp-Image-2023-09-19-at-14.44.41-122x122.jpeg\",\"contentUrl\":\"https:\\\/\\\/macite.tg\\\/wp-content\\\/uploads\\\/2023\\\/09\\\/WhatsApp-Image-2023-09-19-at-14.44.41-122x122.jpeg\",\"caption\":\"Jean Pierre BAWELA\"},\"url\":\"https:\\\/\\\/macite.tg\\\/?author=2\"}]}<\/script>\n<!-- \/ Yoast SEO plugin. -->","yoast_head_json":{"title":"INCLUSION ET PROTECTION : Le minist\u00e8re de l'Action sociale comme un des leviers -","robots":{"index":"index","follow":"follow","max-snippet":"max-snippet:-1","max-image-preview":"max-image-preview:large","max-video-preview":"max-video-preview:-1"},"canonical":"https:\/\/macite.tg\/?p=10093","og_locale":"fr_FR","og_type":"article","og_title":"INCLUSION ET PROTECTION : Le minist\u00e8re de l'Action sociale comme un des leviers -","og_description":"Les \u00e9l\u00e8ves togolais sont en cong\u00e9s de d\u00e9tente depuis vendredi. C&rsquo;est la nouveaut\u00e9 introduite dans le syst\u00e8me \u00e9ducatif au d\u00e9but de cette ann\u00e9e scolaire. Ailleurs, on l&rsquo;appelle cong\u00e9 de Toussaint. Il permet aux enfants de souffler apr\u00e8s presque 7 semaines de cours. Les \u00e9l\u00e8ves retrouveront [&hellip;]","og_url":"https:\/\/macite.tg\/?p=10093","article_published_time":"2023-10-31T18:58:19+00:00","article_modified_time":"2023-10-31T18:58:21+00:00","og_image":[{"width":276,"height":183,"url":"https:\/\/macite.tg\/wp-content\/uploads\/2023\/10\/Action-sociale.jpg","type":"image\/jpeg"}],"author":"Jean Pierre BAWELA","twitter_card":"summary_large_image","twitter_misc":{"\u00c9crit par":"Jean Pierre BAWELA","Dur\u00e9e de lecture estim\u00e9e":"4 minutes"},"schema":{"@context":"https:\/\/schema.org","@graph":[{"@type":"Article","@id":"https:\/\/macite.tg\/?p=10093#article","isPartOf":{"@id":"https:\/\/macite.tg\/?p=10093"},"author":{"name":"Jean Pierre BAWELA","@id":"https:\/\/macite.tg\/#\/schema\/person\/e9f2de7e5dbbe7770a9402c7ce82f5c2"},"headline":"INCLUSION ET PROTECTION : Le minist\u00e8re de l&rsquo;Action sociale comme un des leviers","datePublished":"2023-10-31T18:58:19+00:00","dateModified":"2023-10-31T18:58:21+00:00","mainEntityOfPage":{"@id":"https:\/\/macite.tg\/?p=10093"},"wordCount":924,"commentCount":0,"image":{"@id":"https:\/\/macite.tg\/?p=10093#primaryimage"},"thumbnailUrl":"https:\/\/macite.tg\/wp-content\/uploads\/2023\/10\/Action-sociale.jpg","articleSection":["ACTUALITE","DEVELOPPEMENT"],"inLanguage":"fr-FR","potentialAction":[{"@type":"CommentAction","name":"Comment","target":["https:\/\/macite.tg\/?p=10093#respond"]}]},{"@type":"WebPage","@id":"https:\/\/macite.tg\/?p=10093","url":"https:\/\/macite.tg\/?p=10093","name":"INCLUSION ET PROTECTION : Le minist\u00e8re de l'Action sociale comme un des leviers -","isPartOf":{"@id":"https:\/\/macite.tg\/#website"},"primaryImageOfPage":{"@id":"https:\/\/macite.tg\/?p=10093#primaryimage"},"image":{"@id":"https:\/\/macite.tg\/?p=10093#primaryimage"},"thumbnailUrl":"https:\/\/macite.tg\/wp-content\/uploads\/2023\/10\/Action-sociale.jpg","datePublished":"2023-10-31T18:58:19+00:00","dateModified":"2023-10-31T18:58:21+00:00","author":{"@id":"https:\/\/macite.tg\/#\/schema\/person\/e9f2de7e5dbbe7770a9402c7ce82f5c2"},"breadcrumb":{"@id":"https:\/\/macite.tg\/?p=10093#breadcrumb"},"inLanguage":"fr-FR","potentialAction":[{"@type":"ReadAction","target":["https:\/\/macite.tg\/?p=10093"]}]},{"@type":"ImageObject","inLanguage":"fr-FR","@id":"https:\/\/macite.tg\/?p=10093#primaryimage","url":"https:\/\/macite.tg\/wp-content\/uploads\/2023\/10\/Action-sociale.jpg","contentUrl":"https:\/\/macite.tg\/wp-content\/uploads\/2023\/10\/Action-sociale.jpg","width":276,"height":183},{"@type":"BreadcrumbList","@id":"https:\/\/macite.tg\/?p=10093#breadcrumb","itemListElement":[{"@type":"ListItem","position":1,"name":"Accueil","item":"https:\/\/macite.tg\/"},{"@type":"ListItem","position":2,"name":"INCLUSION ET PROTECTION : Le minist\u00e8re de l&rsquo;Action sociale comme un des leviers"}]},{"@type":"WebSite","@id":"https:\/\/macite.tg\/#website","url":"https:\/\/macite.tg\/","name":"","description":"L&#039;information, la bonne!!!","potentialAction":[{"@type":"SearchAction","target":{"@type":"EntryPoint","urlTemplate":"https:\/\/macite.tg\/?s={search_term_string}"},"query-input":{"@type":"PropertyValueSpecification","valueRequired":true,"valueName":"search_term_string"}}],"inLanguage":"fr-FR"},{"@type":"Person","@id":"https:\/\/macite.tg\/#\/schema\/person\/e9f2de7e5dbbe7770a9402c7ce82f5c2","name":"Jean Pierre BAWELA","image":{"@type":"ImageObject","inLanguage":"fr-FR","@id":"https:\/\/macite.tg\/wp-content\/uploads\/2023\/09\/WhatsApp-Image-2023-09-19-at-14.44.41-122x122.jpeg","url":"https:\/\/macite.tg\/wp-content\/uploads\/2023\/09\/WhatsApp-Image-2023-09-19-at-14.44.41-122x122.jpeg","contentUrl":"https:\/\/macite.tg\/wp-content\/uploads\/2023\/09\/WhatsApp-Image-2023-09-19-at-14.44.41-122x122.jpeg","caption":"Jean Pierre BAWELA"},"url":"https:\/\/macite.tg\/?author=2"}]}},"_links":{"self":[{"href":"https:\/\/macite.tg\/index.php?rest_route=\/wp\/v2\/posts\/10093","targetHints":{"allow":["GET"]}}],"collection":[{"href":"https:\/\/macite.tg\/index.php?rest_route=\/wp\/v2\/posts"}],"about":[{"href":"https:\/\/macite.tg\/index.php?rest_route=\/wp\/v2\/types\/post"}],"author":[{"embeddable":true,"href":"https:\/\/macite.tg\/index.php?rest_route=\/wp\/v2\/users\/2"}],"replies":[{"embeddable":true,"href":"https:\/\/macite.tg\/index.php?rest_route=%2Fwp%2Fv2%2Fcomments&post=10093"}],"version-history":[{"count":0,"href":"https:\/\/macite.tg\/index.php?rest_route=\/wp\/v2\/posts\/10093\/revisions"}],"wp:featuredmedia":[{"embeddable":true,"href":"https:\/\/macite.tg\/index.php?rest_route=\/wp\/v2\/media\/10094"}],"wp:attachment":[{"href":"https:\/\/macite.tg\/index.php?rest_route=%2Fwp%2Fv2%2Fmedia&parent=10093"}],"wp:term":[{"taxonomy":"category","embeddable":true,"href":"https:\/\/macite.tg\/index.php?rest_route=%2Fwp%2Fv2%2Fcategories&post=10093"},{"taxonomy":"post_tag","embeddable":true,"href":"https:\/\/macite.tg\/index.php?rest_route=%2Fwp%2Fv2%2Ftags&post=10093"}],"curies":[{"name":"wp","href":"https:\/\/api.w.org\/{rel}","templated":true}]}}