{"id":10081,"date":"2023-10-31T16:03:50","date_gmt":"2023-10-31T16:03:50","guid":{"rendered":"https:\/\/macite.tg\/?p=10081"},"modified":"2023-10-31T16:03:52","modified_gmt":"2023-10-31T16:03:52","slug":"lionel-messi-ballon-dor-2023-la-reaction-du-portugais-cr7-qui-cree-la-polemique","status":"publish","type":"post","link":"https:\/\/macite.tg\/?p=10081","title":{"rendered":"LIONEL MESSI BALLON D\u2019OR 2023 : La r\u00e9action du portugais CR7 qui cr\u00e9e la pol\u00e9mique"},"content":{"rendered":"\n<h1 class=\"wp-block-heading\"><i class=\"fas fa-pencil-alt\"> <\/i><span><\/h1>\n\n\n\n<p class=\"wp-block-paragraph\"><strong><em>Hier lundi 30 octobre, l\u2019Argentin Lionel Messi a ajout\u00e9 un nouveau ballon d\u2019Or, le 8\u00e8, \u00e0 son placard de r\u00e9compenses. Un record absolu, qui met son plus proche poursuivant, Cristiano Ronaldo, \u00e0 trois (03) longueurs dans cette distinction. Ce dernier, justement, a comment\u00e9 une publication d\u2019un journaliste espagnol qui critiquait le sacre de l\u2019Argentin, et son commentaire a beaucoup fait r\u00e9agir.<\/em><\/strong><\/p>\n\n\n\n<p class=\"wp-block-paragraph\">Vainqueur de la Coupe du monde 2022, Lionel Messi a \u00e9t\u00e9 sacr\u00e9 Ballon d\u2019or 2023, devant Erling Haaland. Mais ce\u00a0<a href=\"https:\/\/www.senenews.com\/actualites\/sport\/derniere-minute-sans-surprise-lionel-messi-remporte-le-ballon-dor-2023_464190.html\">8e Ballon d\u2019or<\/a>\u00a0a provoqu\u00e9 quelques critiques. Un journaliste espagnol, qui critiquait ce sacre de Messi, a re\u00e7u l\u2019approbation de Cristiano Ronaldo dans l\u2019espace commentaire. Le footballeur portugais a, en effet, lik\u00e9 et post\u00e9 quatre (04) \u00e9mojis de fou rire (\ud83d\ude02\ud83d\ude02\ud83d\ude02\ud83d\ude02).<\/p>\n\n\n<div class=\"wp-block-image\">\n<figure class=\"aligncenter size-large is-resized\"><img loading=\"lazy\" decoding=\"async\" src=\"https:\/\/macite.tg\/wp-content\/uploads\/2023\/10\/IMG-20231027-WA00501-1024x1024.jpg\" alt=\"\" class=\"wp-image-9974\" width=\"491\" height=\"491\" srcset=\"https:\/\/macite.tg\/wp-content\/uploads\/2023\/10\/IMG-20231027-WA00501-1024x1024.jpg 1024w, https:\/\/macite.tg\/wp-content\/uploads\/2023\/10\/IMG-20231027-WA00501-300x300.jpg 300w, https:\/\/macite.tg\/wp-content\/uploads\/2023\/10\/IMG-20231027-WA00501-150x150.jpg 150w, https:\/\/macite.tg\/wp-content\/uploads\/2023\/10\/IMG-20231027-WA00501-768x768.jpg 768w, https:\/\/macite.tg\/wp-content\/uploads\/2023\/10\/IMG-20231027-WA00501-122x122.jpg 122w, https:\/\/macite.tg\/wp-content\/uploads\/2023\/10\/IMG-20231027-WA00501.jpg 1181w\" sizes=\"auto, (max-width: 491px) 100vw, 491px\" \/><\/figure>\n<\/div>\n\n\n<p class=\"wp-block-paragraph\">Le journaliste espagnol, en question, a d\u00e9clar\u00e9 dans une vid\u00e9o :&nbsp;<em>\u00ab Ce que nous savions est arriv\u00e9, ils allaient donner un autre Ballon d\u2019Or \u00e0 Messi. <\/em><em><\/em><\/p>\n\n\n\n<p class=\"wp-block-paragraph\"><em>Il est parti prendre sa retraite \u00e0 Miami, m\u00eame s\u2019il avait d\u00e9j\u00e0 l\u2019air d\u2019\u00eatre retrait\u00e9 au PSG pour pr\u00e9parer la Coupe du monde. Il a gagn\u00e9 la Coupe du monde, oui, bien, mais avec <\/em><em>six (0<\/em><em>6<\/em><em>)<\/em><em> penaltys\u2026 <\/em><em><\/em><\/p>\n\n\n\n<p class=\"wp-block-paragraph\"><em>La Coupe du monde, c\u2019\u00e9tait il y a 10 mois, nous sommes en novembre. Messi a bien 8 Ballon d\u2019Or, il aurait d\u00fb en avoir 5. Il a le Ballon d\u2019Or d\u2019Iniesta\/Xavi, celui de Lewandowski qui a remport\u00e9 6 troph\u00e9es en une saison<\/em><em>,<\/em><em> et celui d\u2019Haaland qui a \u00e9t\u00e9 le meilleur buteur de tout. \u00bb<\/em><em>.<\/em><\/p>\n\n\n<div class=\"wp-block-image\">\n<figure class=\"aligncenter size-large is-resized\"><img loading=\"lazy\" decoding=\"async\" src=\"https:\/\/macite.tg\/wp-content\/uploads\/2023\/10\/IMG-20231009-WA0178-1024x1024.jpg\" alt=\"\" class=\"wp-image-10083\" width=\"496\" height=\"496\" srcset=\"https:\/\/macite.tg\/wp-content\/uploads\/2023\/10\/IMG-20231009-WA0178-1024x1024.jpg 1024w, https:\/\/macite.tg\/wp-content\/uploads\/2023\/10\/IMG-20231009-WA0178-300x300.jpg 300w, https:\/\/macite.tg\/wp-content\/uploads\/2023\/10\/IMG-20231009-WA0178-150x150.jpg 150w, https:\/\/macite.tg\/wp-content\/uploads\/2023\/10\/IMG-20231009-WA0178-768x768.jpg 768w, https:\/\/macite.tg\/wp-content\/uploads\/2023\/10\/IMG-20231009-WA0178-122x122.jpg 122w, https:\/\/macite.tg\/wp-content\/uploads\/2023\/10\/IMG-20231009-WA0178.jpg 1280w\" sizes=\"auto, (max-width: 496px) 100vw, 496px\" \/><\/figure>\n<\/div>\n\n\n<p class=\"wp-block-paragraph\">Une r\u00e9action de la part de Cristiano Ronaldo qui a divis\u00e9 plusieurs fans. En effet, si certains ont approuv\u00e9 le commentaire de CR7, d\u2019autres l\u2019ont critiqu\u00e9 et l\u2019ont tax\u00e9 de ne pas avoir \u00e9t\u00e9 fair-play et \u00e9l\u00e9gant.<\/p>\n\n\n\n<p class=\"wp-block-paragraph\">Du reste, l\u2019Argentin quoi qu\u2019on dise, totalise \u00e0 lui seul 8 Ballon d\u2019Or, ce que ne r\u00e9ussira (jamais) \u00e0 faire un footballeur, fut-il CR7 ou extraterrestre, r\u00e9plique un analyste.<\/p>\n\n\n\n<p class=\"wp-block-paragraph\"><strong>SeneNews<\/strong><\/p>\n\n\n\n<p class=\"wp-block-paragraph\"><strong><em>@macite.tg&nbsp;&nbsp;&nbsp;&nbsp;&nbsp;&nbsp;&nbsp;&nbsp;<\/em><\/strong><\/p>\n\n\n\n<p class=\"wp-block-paragraph\"><strong><em>E-mail&nbsp;: <\/em><\/strong><a href=\"mailto:maciteinfo@gmail.com\"><strong><em>maciteinfo@gmail.com<\/em><\/strong><\/a><strong><em>; <\/em><\/strong><a href=\"mailto:bawela1@gmail.com\"><strong><em>bawela1@gmail.com<\/em><\/strong><\/a><strong><em><\/em><\/strong><\/p>\n\n\n\n<p class=\"wp-block-paragraph\"><strong><em>Pour vos annonces, (publi)reportages, etc., joignez nous au (00228)91515309\/<strong>79872224 <\/strong>www.macite.tg, L\u2019information, la bonne&nbsp;!<\/em><\/strong><\/p>\n","protected":false},"excerpt":{"rendered":"<p class=\"text-justify mb-2\" >Hier lundi 30 octobre, l\u2019Argentin Lionel Messi a ajout\u00e9 un nouveau ballon d\u2019Or, le 8\u00e8, \u00e0 son placard de r\u00e9compenses. Un record absolu, qui met son plus proche poursuivant, Cristiano Ronaldo, \u00e0 trois (03) longueurs dans cette distinction. Ce dernier, justement, a comment\u00e9 une publication [&hellip;]<\/p>\n","protected":false},"author":2,"featured_media":10082,"comment_status":"open","ping_status":"open","sticky":false,"template":"","format":"standard","meta":{"footnotes":""},"categories":[7],"tags":[],"class_list":["post-10081","post","type-post","status-publish","format-standard","has-post-thumbnail","hentry","category-sports"],"yoast_head":"<!-- This site is optimized with the Yoast SEO plugin v28.4 - https:\/\/yoast.com\/product\/yoast-seo-wordpress\/ -->\n<title>LIONEL MESSI BALLON D\u2019OR 2023 : La r\u00e9action du portugais CR7 qui cr\u00e9e la pol\u00e9mique -<\/title>\n<meta name=\"robots\" content=\"index, follow, max-snippet:-1, max-image-preview:large, max-video-preview:-1\" \/>\n<link rel=\"canonical\" href=\"https:\/\/macite.tg\/?p=10081\" \/>\n<meta property=\"og:locale\" content=\"fr_FR\" \/>\n<meta property=\"og:type\" content=\"article\" \/>\n<meta property=\"og:title\" content=\"LIONEL MESSI BALLON D\u2019OR 2023 : La r\u00e9action du portugais CR7 qui cr\u00e9e la pol\u00e9mique -\" \/>\n<meta property=\"og:description\" content=\"Hier lundi 30 octobre, l\u2019Argentin Lionel Messi a ajout\u00e9 un nouveau ballon d\u2019Or, le 8\u00e8, \u00e0 son placard de r\u00e9compenses. Un record absolu, qui met son plus proche poursuivant, Cristiano Ronaldo, \u00e0 trois (03) longueurs dans cette distinction. Ce dernier, justement, a comment\u00e9 une publication [&hellip;]\" \/>\n<meta property=\"og:url\" content=\"https:\/\/macite.tg\/?p=10081\" \/>\n<meta property=\"article:published_time\" content=\"2023-10-31T16:03:50+00:00\" \/>\n<meta property=\"article:modified_time\" content=\"2023-10-31T16:03:52+00:00\" \/>\n<meta property=\"og:image\" content=\"https:\/\/macite.tg\/wp-content\/uploads\/2023\/10\/telechargement-44-696x392-1.jpeg\" \/>\n\t<meta property=\"og:image:width\" content=\"696\" \/>\n\t<meta property=\"og:image:height\" content=\"392\" \/>\n\t<meta property=\"og:image:type\" content=\"image\/jpeg\" \/>\n<meta name=\"author\" content=\"Jean Pierre BAWELA\" \/>\n<meta name=\"twitter:card\" content=\"summary_large_image\" \/>\n<meta name=\"twitter:label1\" content=\"\u00c9crit par\" \/>\n\t<meta name=\"twitter:data1\" content=\"Jean Pierre BAWELA\" \/>\n\t<meta name=\"twitter:label2\" content=\"Dur\u00e9e de lecture estim\u00e9e\" \/>\n\t<meta name=\"twitter:data2\" content=\"2 minutes\" \/>\n<script type=\"application\/ld+json\" class=\"yoast-schema-graph\">{\"@context\":\"https:\\\/\\\/schema.org\",\"@graph\":[{\"@type\":\"Article\",\"@id\":\"https:\\\/\\\/macite.tg\\\/?p=10081#article\",\"isPartOf\":{\"@id\":\"https:\\\/\\\/macite.tg\\\/?p=10081\"},\"author\":{\"name\":\"Jean Pierre BAWELA\",\"@id\":\"https:\\\/\\\/macite.tg\\\/#\\\/schema\\\/person\\\/e9f2de7e5dbbe7770a9402c7ce82f5c2\"},\"headline\":\"LIONEL MESSI BALLON D\u2019OR 2023 : La r\u00e9action du portugais CR7 qui cr\u00e9e la pol\u00e9mique\",\"datePublished\":\"2023-10-31T16:03:50+00:00\",\"dateModified\":\"2023-10-31T16:03:52+00:00\",\"mainEntityOfPage\":{\"@id\":\"https:\\\/\\\/macite.tg\\\/?p=10081\"},\"wordCount\":376,\"commentCount\":0,\"image\":{\"@id\":\"https:\\\/\\\/macite.tg\\\/?p=10081#primaryimage\"},\"thumbnailUrl\":\"https:\\\/\\\/macite.tg\\\/wp-content\\\/uploads\\\/2023\\\/10\\\/telechargement-44-696x392-1.jpeg\",\"articleSection\":[\"SPORTS\"],\"inLanguage\":\"fr-FR\",\"potentialAction\":[{\"@type\":\"CommentAction\",\"name\":\"Comment\",\"target\":[\"https:\\\/\\\/macite.tg\\\/?p=10081#respond\"]}]},{\"@type\":\"WebPage\",\"@id\":\"https:\\\/\\\/macite.tg\\\/?p=10081\",\"url\":\"https:\\\/\\\/macite.tg\\\/?p=10081\",\"name\":\"LIONEL MESSI BALLON D\u2019OR 2023 : La r\u00e9action du portugais CR7 qui cr\u00e9e la pol\u00e9mique -\",\"isPartOf\":{\"@id\":\"https:\\\/\\\/macite.tg\\\/#website\"},\"primaryImageOfPage\":{\"@id\":\"https:\\\/\\\/macite.tg\\\/?p=10081#primaryimage\"},\"image\":{\"@id\":\"https:\\\/\\\/macite.tg\\\/?p=10081#primaryimage\"},\"thumbnailUrl\":\"https:\\\/\\\/macite.tg\\\/wp-content\\\/uploads\\\/2023\\\/10\\\/telechargement-44-696x392-1.jpeg\",\"datePublished\":\"2023-10-31T16:03:50+00:00\",\"dateModified\":\"2023-10-31T16:03:52+00:00\",\"author\":{\"@id\":\"https:\\\/\\\/macite.tg\\\/#\\\/schema\\\/person\\\/e9f2de7e5dbbe7770a9402c7ce82f5c2\"},\"breadcrumb\":{\"@id\":\"https:\\\/\\\/macite.tg\\\/?p=10081#breadcrumb\"},\"inLanguage\":\"fr-FR\",\"potentialAction\":[{\"@type\":\"ReadAction\",\"target\":[\"https:\\\/\\\/macite.tg\\\/?p=10081\"]}]},{\"@type\":\"ImageObject\",\"inLanguage\":\"fr-FR\",\"@id\":\"https:\\\/\\\/macite.tg\\\/?p=10081#primaryimage\",\"url\":\"https:\\\/\\\/macite.tg\\\/wp-content\\\/uploads\\\/2023\\\/10\\\/telechargement-44-696x392-1.jpeg\",\"contentUrl\":\"https:\\\/\\\/macite.tg\\\/wp-content\\\/uploads\\\/2023\\\/10\\\/telechargement-44-696x392-1.jpeg\",\"width\":696,\"height\":392},{\"@type\":\"BreadcrumbList\",\"@id\":\"https:\\\/\\\/macite.tg\\\/?p=10081#breadcrumb\",\"itemListElement\":[{\"@type\":\"ListItem\",\"position\":1,\"name\":\"Accueil\",\"item\":\"https:\\\/\\\/macite.tg\\\/\"},{\"@type\":\"ListItem\",\"position\":2,\"name\":\"LIONEL MESSI BALLON D\u2019OR 2023 : La r\u00e9action du portugais CR7 qui cr\u00e9e la pol\u00e9mique\"}]},{\"@type\":\"WebSite\",\"@id\":\"https:\\\/\\\/macite.tg\\\/#website\",\"url\":\"https:\\\/\\\/macite.tg\\\/\",\"name\":\"\",\"description\":\"L&#039;information, la bonne!!!\",\"potentialAction\":[{\"@type\":\"SearchAction\",\"target\":{\"@type\":\"EntryPoint\",\"urlTemplate\":\"https:\\\/\\\/macite.tg\\\/?s={search_term_string}\"},\"query-input\":{\"@type\":\"PropertyValueSpecification\",\"valueRequired\":true,\"valueName\":\"search_term_string\"}}],\"inLanguage\":\"fr-FR\"},{\"@type\":\"Person\",\"@id\":\"https:\\\/\\\/macite.tg\\\/#\\\/schema\\\/person\\\/e9f2de7e5dbbe7770a9402c7ce82f5c2\",\"name\":\"Jean Pierre BAWELA\",\"image\":{\"@type\":\"ImageObject\",\"inLanguage\":\"fr-FR\",\"@id\":\"https:\\\/\\\/macite.tg\\\/wp-content\\\/uploads\\\/2023\\\/09\\\/WhatsApp-Image-2023-09-19-at-14.44.41-122x122.jpeg\",\"url\":\"https:\\\/\\\/macite.tg\\\/wp-content\\\/uploads\\\/2023\\\/09\\\/WhatsApp-Image-2023-09-19-at-14.44.41-122x122.jpeg\",\"contentUrl\":\"https:\\\/\\\/macite.tg\\\/wp-content\\\/uploads\\\/2023\\\/09\\\/WhatsApp-Image-2023-09-19-at-14.44.41-122x122.jpeg\",\"caption\":\"Jean Pierre BAWELA\"},\"url\":\"https:\\\/\\\/macite.tg\\\/?author=2\"}]}<\/script>\n<!-- \/ Yoast SEO plugin. -->","yoast_head_json":{"title":"LIONEL MESSI BALLON D\u2019OR 2023 : La r\u00e9action du portugais CR7 qui cr\u00e9e la pol\u00e9mique -","robots":{"index":"index","follow":"follow","max-snippet":"max-snippet:-1","max-image-preview":"max-image-preview:large","max-video-preview":"max-video-preview:-1"},"canonical":"https:\/\/macite.tg\/?p=10081","og_locale":"fr_FR","og_type":"article","og_title":"LIONEL MESSI BALLON D\u2019OR 2023 : La r\u00e9action du portugais CR7 qui cr\u00e9e la pol\u00e9mique -","og_description":"Hier lundi 30 octobre, l\u2019Argentin Lionel Messi a ajout\u00e9 un nouveau ballon d\u2019Or, le 8\u00e8, \u00e0 son placard de r\u00e9compenses. Un record absolu, qui met son plus proche poursuivant, Cristiano Ronaldo, \u00e0 trois (03) longueurs dans cette distinction. Ce dernier, justement, a comment\u00e9 une publication [&hellip;]","og_url":"https:\/\/macite.tg\/?p=10081","article_published_time":"2023-10-31T16:03:50+00:00","article_modified_time":"2023-10-31T16:03:52+00:00","og_image":[{"width":696,"height":392,"url":"https:\/\/macite.tg\/wp-content\/uploads\/2023\/10\/telechargement-44-696x392-1.jpeg","type":"image\/jpeg"}],"author":"Jean Pierre BAWELA","twitter_card":"summary_large_image","twitter_misc":{"\u00c9crit par":"Jean Pierre BAWELA","Dur\u00e9e de lecture estim\u00e9e":"2 minutes"},"schema":{"@context":"https:\/\/schema.org","@graph":[{"@type":"Article","@id":"https:\/\/macite.tg\/?p=10081#article","isPartOf":{"@id":"https:\/\/macite.tg\/?p=10081"},"author":{"name":"Jean Pierre BAWELA","@id":"https:\/\/macite.tg\/#\/schema\/person\/e9f2de7e5dbbe7770a9402c7ce82f5c2"},"headline":"LIONEL MESSI BALLON D\u2019OR 2023 : La r\u00e9action du portugais CR7 qui cr\u00e9e la pol\u00e9mique","datePublished":"2023-10-31T16:03:50+00:00","dateModified":"2023-10-31T16:03:52+00:00","mainEntityOfPage":{"@id":"https:\/\/macite.tg\/?p=10081"},"wordCount":376,"commentCount":0,"image":{"@id":"https:\/\/macite.tg\/?p=10081#primaryimage"},"thumbnailUrl":"https:\/\/macite.tg\/wp-content\/uploads\/2023\/10\/telechargement-44-696x392-1.jpeg","articleSection":["SPORTS"],"inLanguage":"fr-FR","potentialAction":[{"@type":"CommentAction","name":"Comment","target":["https:\/\/macite.tg\/?p=10081#respond"]}]},{"@type":"WebPage","@id":"https:\/\/macite.tg\/?p=10081","url":"https:\/\/macite.tg\/?p=10081","name":"LIONEL MESSI BALLON D\u2019OR 2023 : La r\u00e9action du portugais CR7 qui cr\u00e9e la pol\u00e9mique -","isPartOf":{"@id":"https:\/\/macite.tg\/#website"},"primaryImageOfPage":{"@id":"https:\/\/macite.tg\/?p=10081#primaryimage"},"image":{"@id":"https:\/\/macite.tg\/?p=10081#primaryimage"},"thumbnailUrl":"https:\/\/macite.tg\/wp-content\/uploads\/2023\/10\/telechargement-44-696x392-1.jpeg","datePublished":"2023-10-31T16:03:50+00:00","dateModified":"2023-10-31T16:03:52+00:00","author":{"@id":"https:\/\/macite.tg\/#\/schema\/person\/e9f2de7e5dbbe7770a9402c7ce82f5c2"},"breadcrumb":{"@id":"https:\/\/macite.tg\/?p=10081#breadcrumb"},"inLanguage":"fr-FR","potentialAction":[{"@type":"ReadAction","target":["https:\/\/macite.tg\/?p=10081"]}]},{"@type":"ImageObject","inLanguage":"fr-FR","@id":"https:\/\/macite.tg\/?p=10081#primaryimage","url":"https:\/\/macite.tg\/wp-content\/uploads\/2023\/10\/telechargement-44-696x392-1.jpeg","contentUrl":"https:\/\/macite.tg\/wp-content\/uploads\/2023\/10\/telechargement-44-696x392-1.jpeg","width":696,"height":392},{"@type":"BreadcrumbList","@id":"https:\/\/macite.tg\/?p=10081#breadcrumb","itemListElement":[{"@type":"ListItem","position":1,"name":"Accueil","item":"https:\/\/macite.tg\/"},{"@type":"ListItem","position":2,"name":"LIONEL MESSI BALLON D\u2019OR 2023 : La r\u00e9action du portugais CR7 qui cr\u00e9e la pol\u00e9mique"}]},{"@type":"WebSite","@id":"https:\/\/macite.tg\/#website","url":"https:\/\/macite.tg\/","name":"","description":"L&#039;information, la bonne!!!","potentialAction":[{"@type":"SearchAction","target":{"@type":"EntryPoint","urlTemplate":"https:\/\/macite.tg\/?s={search_term_string}"},"query-input":{"@type":"PropertyValueSpecification","valueRequired":true,"valueName":"search_term_string"}}],"inLanguage":"fr-FR"},{"@type":"Person","@id":"https:\/\/macite.tg\/#\/schema\/person\/e9f2de7e5dbbe7770a9402c7ce82f5c2","name":"Jean Pierre BAWELA","image":{"@type":"ImageObject","inLanguage":"fr-FR","@id":"https:\/\/macite.tg\/wp-content\/uploads\/2023\/09\/WhatsApp-Image-2023-09-19-at-14.44.41-122x122.jpeg","url":"https:\/\/macite.tg\/wp-content\/uploads\/2023\/09\/WhatsApp-Image-2023-09-19-at-14.44.41-122x122.jpeg","contentUrl":"https:\/\/macite.tg\/wp-content\/uploads\/2023\/09\/WhatsApp-Image-2023-09-19-at-14.44.41-122x122.jpeg","caption":"Jean Pierre BAWELA"},"url":"https:\/\/macite.tg\/?author=2"}]}},"_links":{"self":[{"href":"https:\/\/macite.tg\/index.php?rest_route=\/wp\/v2\/posts\/10081","targetHints":{"allow":["GET"]}}],"collection":[{"href":"https:\/\/macite.tg\/index.php?rest_route=\/wp\/v2\/posts"}],"about":[{"href":"https:\/\/macite.tg\/index.php?rest_route=\/wp\/v2\/types\/post"}],"author":[{"embeddable":true,"href":"https:\/\/macite.tg\/index.php?rest_route=\/wp\/v2\/users\/2"}],"replies":[{"embeddable":true,"href":"https:\/\/macite.tg\/index.php?rest_route=%2Fwp%2Fv2%2Fcomments&post=10081"}],"version-history":[{"count":0,"href":"https:\/\/macite.tg\/index.php?rest_route=\/wp\/v2\/posts\/10081\/revisions"}],"wp:featuredmedia":[{"embeddable":true,"href":"https:\/\/macite.tg\/index.php?rest_route=\/wp\/v2\/media\/10082"}],"wp:attachment":[{"href":"https:\/\/macite.tg\/index.php?rest_route=%2Fwp%2Fv2%2Fmedia&parent=10081"}],"wp:term":[{"taxonomy":"category","embeddable":true,"href":"https:\/\/macite.tg\/index.php?rest_route=%2Fwp%2Fv2%2Fcategories&post=10081"},{"taxonomy":"post_tag","embeddable":true,"href":"https:\/\/macite.tg\/index.php?rest_route=%2Fwp%2Fv2%2Ftags&post=10081"}],"curies":[{"name":"wp","href":"https:\/\/api.w.org\/{rel}","templated":true}]}}