{"id":10075,"date":"2023-10-31T15:42:53","date_gmt":"2023-10-31T15:42:53","guid":{"rendered":"https:\/\/macite.tg\/?p=10075"},"modified":"2023-10-31T15:42:55","modified_gmt":"2023-10-31T15:42:55","slug":"fat-de-nouvelles-nominations-pour-une-nouvelle-dynamique","status":"publish","type":"post","link":"https:\/\/macite.tg\/?p=10075","title":{"rendered":"FAT : De nouvelles nominations pour une nouvelle dynamique"},"content":{"rendered":"\n<p class=\"wp-block-paragraph\"><strong><em>Le Pr\u00e9sident de la R\u00e9publique, Chef supr\u00eame des Arm\u00e9es, a op\u00e9r\u00e9, le samedi 28 octobre dernier, de nouvelles nominations au sein des Forces arm\u00e9es togolaises (Fat).<\/em><\/strong><\/p>\n\n\n\n<p class=\"wp-block-paragraph\">Depuis samedi 28 octobre dernier, plusieurs officiers sup\u00e9rieurs sont appel\u00e9s \u00e0 des postes de responsabilit\u00e9 au sein des Fat. Ces nominations concernent \u00e9galement certaines formations des Forces de d\u00e9fense, notamment des unit\u00e9s d\u00e9lites, et des formations militaires.<\/p>\n\n\n<div class=\"wp-block-image\">\n<figure class=\"aligncenter size-large is-resized\"><img loading=\"lazy\" decoding=\"async\" src=\"https:\/\/macite.tg\/wp-content\/uploads\/2023\/10\/IMG-20231027-WA00501-1024x1024.jpg\" alt=\"\" class=\"wp-image-9974\" width=\"534\" height=\"534\" srcset=\"https:\/\/macite.tg\/wp-content\/uploads\/2023\/10\/IMG-20231027-WA00501-1024x1024.jpg 1024w, https:\/\/macite.tg\/wp-content\/uploads\/2023\/10\/IMG-20231027-WA00501-300x300.jpg 300w, https:\/\/macite.tg\/wp-content\/uploads\/2023\/10\/IMG-20231027-WA00501-150x150.jpg 150w, https:\/\/macite.tg\/wp-content\/uploads\/2023\/10\/IMG-20231027-WA00501-768x768.jpg 768w, https:\/\/macite.tg\/wp-content\/uploads\/2023\/10\/IMG-20231027-WA00501-122x122.jpg 122w, https:\/\/macite.tg\/wp-content\/uploads\/2023\/10\/IMG-20231027-WA00501.jpg 1181w\" sizes=\"auto, (max-width: 534px) 100vw, 534px\" \/><\/figure>\n<\/div>\n\n\n<p class=\"wp-block-paragraph\">Au sein des Fat, l\u2019ancien chef d\u2019\u00e9tat-major de l\u2019Arm\u00e9e de terre et commandant de l\u2019Op\u00e9ration Koundjoare, le G\u00e9n\u00e9ral de brigade, Kolemagah Kassawa, est d\u00e9sormais Inspecteur g\u00e9n\u00e9ral des Forces arm\u00e9es. Son successeur \u00e0 la t\u00eate de l\u2019Op\u00e9ration, est le Colonel Kombate Lanti\u00e8mb\u00e9 qui en est le Commandant sup\u00e9rieur.<\/p>\n\n\n\n<p class=\"wp-block-paragraph\">Pour ce qui des unit\u00e9s d\u2019\u00e9lites, le Lieutenant-colonel Kadanga N&rsquo;Guwaki est nomm\u00e9 Commandant du premier Bataillon d&rsquo;intervention rapide (1<sup>er<\/sup>&nbsp;Bir), alors que le 2<sup>\u00e8me<\/sup>&nbsp;Bir est pass\u00e9 sous les ordres du Lieutenant-colonel Atafai Tchangani.<\/p>\n\n\n\n<p class=\"wp-block-paragraph\">Pendant ce temps, le Lieutenant-colonel Atta Abalo prend les commandes du 3<sup>\u00e8me<\/sup>&nbsp;R\u00e9giment d\u2019Infanterie&nbsp;(3<sup>\u00e8me<\/sup>&nbsp;RI), alors que le R\u00e9giment de soutien et d&rsquo;appui (Rsa) est d\u00e9sormais dirig\u00e9 par le Lieutenant-colonel Labarbore Mat\u00e9yedou.<\/p>\n\n\n\n<p class=\"wp-block-paragraph\">Le R\u00e9giment commando de la garde pr\u00e9sidentielle (Rcgp) est \u00e9galement dans cette nouvelle dynamique avec pour chef corp, le Lieutenant-colonel Aoui Essonani.<\/p>\n\n\n<div class=\"wp-block-image\">\n<figure class=\"aligncenter size-large is-resized\"><img loading=\"lazy\" decoding=\"async\" src=\"https:\/\/macite.tg\/wp-content\/uploads\/2023\/10\/IMG-20231027-WA00491-1024x1024.jpg\" alt=\"\" class=\"wp-image-9973\" width=\"535\" height=\"535\" srcset=\"https:\/\/macite.tg\/wp-content\/uploads\/2023\/10\/IMG-20231027-WA00491-1024x1024.jpg 1024w, https:\/\/macite.tg\/wp-content\/uploads\/2023\/10\/IMG-20231027-WA00491-300x300.jpg 300w, https:\/\/macite.tg\/wp-content\/uploads\/2023\/10\/IMG-20231027-WA00491-150x150.jpg 150w, https:\/\/macite.tg\/wp-content\/uploads\/2023\/10\/IMG-20231027-WA00491-768x768.jpg 768w, https:\/\/macite.tg\/wp-content\/uploads\/2023\/10\/IMG-20231027-WA00491-122x122.jpg 122w, https:\/\/macite.tg\/wp-content\/uploads\/2023\/10\/IMG-20231027-WA00491.jpg 1181w\" sizes=\"auto, (max-width: 535px) 100vw, 535px\" \/><\/figure>\n<\/div>\n\n\n<p class=\"wp-block-paragraph\">Parlant des centres de formations militaires, notamment le Centre d&rsquo;entra\u00eenement aux techniques de tirs op\u00e9rationnels et de combats (Cettoc), il passe sous le commandement du Lieutenant-colonel Sehou Ani. Quant au Centre national d&rsquo;instruction (Cni), il a un nouvel adjoint au commandant, en la personne du chef de bataillon Quindah Djoliba.<\/p>\n\n\n\n<p class=\"wp-block-paragraph\">Notons que depuis d\u00e9cembre dernier d\u2019ailleurs, le minist\u00e8re des Arm\u00e9e est rattach\u00e9 \u00e0 la Pr\u00e9sidence de la r\u00e9publique, preuve que le chef de l\u2019Etat y attache de l\u2019importance singuli\u00e8re.<\/p>\n\n\n\n<p class=\"wp-block-paragraph\"><strong>La R\u00e9daction<\/strong><\/p>\n\n\n\n<p class=\"wp-block-paragraph\"><strong><em>@macite.tg&nbsp;&nbsp;&nbsp;&nbsp;&nbsp;&nbsp;&nbsp;&nbsp;<\/em><\/strong><\/p>\n\n\n\n<p class=\"wp-block-paragraph\"><strong><em>E-mail&nbsp;: <\/em><\/strong><a href=\"mailto:maciteinfo@gmail.com\"><strong><em>maciteinfo@gmail.com<\/em><\/strong><\/a><strong><em>; <\/em><\/strong><a href=\"mailto:bawela1@gmail.com\"><strong><em>bawela1@gmail.com<\/em><\/strong><\/a><strong><em><\/em><\/strong><\/p>\n\n\n\n<p class=\"wp-block-paragraph\"><strong><em>Pour vos annonces, (publi)reportages, etc., joignez nous au (00228)91515309\/<strong>79872224 <\/strong>www.macite.tg, L\u2019information, la bonne&nbsp;!<\/em><\/strong><\/p>\n","protected":false},"excerpt":{"rendered":"<p class=\"text-justify mb-2\" >Le Pr\u00e9sident de la R\u00e9publique, Chef supr\u00eame des Arm\u00e9es, a op\u00e9r\u00e9, le samedi 28 octobre dernier, de nouvelles nominations au sein des Forces arm\u00e9es togolaises (Fat). Depuis samedi 28 octobre dernier, plusieurs officiers sup\u00e9rieurs sont appel\u00e9s \u00e0 des postes de responsabilit\u00e9 au sein des Fat. [&hellip;]<\/p>\n","protected":false},"author":2,"featured_media":10078,"comment_status":"open","ping_status":"open","sticky":false,"template":"","format":"standard","meta":{"footnotes":""},"categories":[20],"tags":[],"class_list":["post-10075","post","type-post","status-publish","format-standard","has-post-thumbnail","hentry","category-actualite"],"yoast_head":"<!-- This site is optimized with the Yoast SEO plugin v28.4 - https:\/\/yoast.com\/product\/yoast-seo-wordpress\/ -->\n<title>FAT : De nouvelles nominations pour une nouvelle dynamique -<\/title>\n<meta name=\"robots\" content=\"index, follow, max-snippet:-1, max-image-preview:large, max-video-preview:-1\" \/>\n<link rel=\"canonical\" href=\"https:\/\/macite.tg\/?p=10075\" \/>\n<meta property=\"og:locale\" content=\"fr_FR\" \/>\n<meta property=\"og:type\" content=\"article\" \/>\n<meta property=\"og:title\" content=\"FAT : De nouvelles nominations pour une nouvelle dynamique -\" \/>\n<meta property=\"og:description\" content=\"Le Pr\u00e9sident de la R\u00e9publique, Chef supr\u00eame des Arm\u00e9es, a op\u00e9r\u00e9, le samedi 28 octobre dernier, de nouvelles nominations au sein des Forces arm\u00e9es togolaises (Fat). Depuis samedi 28 octobre dernier, plusieurs officiers sup\u00e9rieurs sont appel\u00e9s \u00e0 des postes de responsabilit\u00e9 au sein des Fat. [&hellip;]\" \/>\n<meta property=\"og:url\" content=\"https:\/\/macite.tg\/?p=10075\" \/>\n<meta property=\"article:published_time\" content=\"2023-10-31T15:42:53+00:00\" \/>\n<meta property=\"article:modified_time\" content=\"2023-10-31T15:42:55+00:00\" \/>\n<meta property=\"og:image\" content=\"https:\/\/macite.tg\/wp-content\/uploads\/2023\/10\/FEG-et-FAT.jpg\" \/>\n\t<meta property=\"og:image:width\" content=\"369\" \/>\n\t<meta property=\"og:image:height\" content=\"270\" \/>\n\t<meta property=\"og:image:type\" content=\"image\/jpeg\" \/>\n<meta name=\"author\" content=\"Jean Pierre BAWELA\" \/>\n<meta name=\"twitter:card\" content=\"summary_large_image\" \/>\n<meta name=\"twitter:label1\" content=\"\u00c9crit par\" \/>\n\t<meta name=\"twitter:data1\" content=\"Jean Pierre BAWELA\" \/>\n\t<meta name=\"twitter:label2\" content=\"Dur\u00e9e de lecture estim\u00e9e\" \/>\n\t<meta name=\"twitter:data2\" content=\"2 minutes\" \/>\n<script type=\"application\/ld+json\" class=\"yoast-schema-graph\">{\"@context\":\"https:\\\/\\\/schema.org\",\"@graph\":[{\"@type\":\"Article\",\"@id\":\"https:\\\/\\\/macite.tg\\\/?p=10075#article\",\"isPartOf\":{\"@id\":\"https:\\\/\\\/macite.tg\\\/?p=10075\"},\"author\":{\"name\":\"Jean Pierre BAWELA\",\"@id\":\"https:\\\/\\\/macite.tg\\\/#\\\/schema\\\/person\\\/e9f2de7e5dbbe7770a9402c7ce82f5c2\"},\"headline\":\"FAT : De nouvelles nominations pour une nouvelle dynamique\",\"datePublished\":\"2023-10-31T15:42:53+00:00\",\"dateModified\":\"2023-10-31T15:42:55+00:00\",\"mainEntityOfPage\":{\"@id\":\"https:\\\/\\\/macite.tg\\\/?p=10075\"},\"wordCount\":377,\"commentCount\":0,\"image\":{\"@id\":\"https:\\\/\\\/macite.tg\\\/?p=10075#primaryimage\"},\"thumbnailUrl\":\"https:\\\/\\\/macite.tg\\\/wp-content\\\/uploads\\\/2023\\\/10\\\/FEG-et-FAT.jpg\",\"articleSection\":[\"ACTUALITE\"],\"inLanguage\":\"fr-FR\",\"potentialAction\":[{\"@type\":\"CommentAction\",\"name\":\"Comment\",\"target\":[\"https:\\\/\\\/macite.tg\\\/?p=10075#respond\"]}]},{\"@type\":\"WebPage\",\"@id\":\"https:\\\/\\\/macite.tg\\\/?p=10075\",\"url\":\"https:\\\/\\\/macite.tg\\\/?p=10075\",\"name\":\"FAT : De nouvelles nominations pour une nouvelle dynamique -\",\"isPartOf\":{\"@id\":\"https:\\\/\\\/macite.tg\\\/#website\"},\"primaryImageOfPage\":{\"@id\":\"https:\\\/\\\/macite.tg\\\/?p=10075#primaryimage\"},\"image\":{\"@id\":\"https:\\\/\\\/macite.tg\\\/?p=10075#primaryimage\"},\"thumbnailUrl\":\"https:\\\/\\\/macite.tg\\\/wp-content\\\/uploads\\\/2023\\\/10\\\/FEG-et-FAT.jpg\",\"datePublished\":\"2023-10-31T15:42:53+00:00\",\"dateModified\":\"2023-10-31T15:42:55+00:00\",\"author\":{\"@id\":\"https:\\\/\\\/macite.tg\\\/#\\\/schema\\\/person\\\/e9f2de7e5dbbe7770a9402c7ce82f5c2\"},\"breadcrumb\":{\"@id\":\"https:\\\/\\\/macite.tg\\\/?p=10075#breadcrumb\"},\"inLanguage\":\"fr-FR\",\"potentialAction\":[{\"@type\":\"ReadAction\",\"target\":[\"https:\\\/\\\/macite.tg\\\/?p=10075\"]}]},{\"@type\":\"ImageObject\",\"inLanguage\":\"fr-FR\",\"@id\":\"https:\\\/\\\/macite.tg\\\/?p=10075#primaryimage\",\"url\":\"https:\\\/\\\/macite.tg\\\/wp-content\\\/uploads\\\/2023\\\/10\\\/FEG-et-FAT.jpg\",\"contentUrl\":\"https:\\\/\\\/macite.tg\\\/wp-content\\\/uploads\\\/2023\\\/10\\\/FEG-et-FAT.jpg\",\"width\":369,\"height\":270},{\"@type\":\"BreadcrumbList\",\"@id\":\"https:\\\/\\\/macite.tg\\\/?p=10075#breadcrumb\",\"itemListElement\":[{\"@type\":\"ListItem\",\"position\":1,\"name\":\"Accueil\",\"item\":\"https:\\\/\\\/macite.tg\\\/\"},{\"@type\":\"ListItem\",\"position\":2,\"name\":\"FAT : De nouvelles nominations pour une nouvelle dynamique\"}]},{\"@type\":\"WebSite\",\"@id\":\"https:\\\/\\\/macite.tg\\\/#website\",\"url\":\"https:\\\/\\\/macite.tg\\\/\",\"name\":\"\",\"description\":\"L&#039;information, la bonne!!!\",\"potentialAction\":[{\"@type\":\"SearchAction\",\"target\":{\"@type\":\"EntryPoint\",\"urlTemplate\":\"https:\\\/\\\/macite.tg\\\/?s={search_term_string}\"},\"query-input\":{\"@type\":\"PropertyValueSpecification\",\"valueRequired\":true,\"valueName\":\"search_term_string\"}}],\"inLanguage\":\"fr-FR\"},{\"@type\":\"Person\",\"@id\":\"https:\\\/\\\/macite.tg\\\/#\\\/schema\\\/person\\\/e9f2de7e5dbbe7770a9402c7ce82f5c2\",\"name\":\"Jean Pierre BAWELA\",\"image\":{\"@type\":\"ImageObject\",\"inLanguage\":\"fr-FR\",\"@id\":\"https:\\\/\\\/macite.tg\\\/wp-content\\\/uploads\\\/2023\\\/09\\\/WhatsApp-Image-2023-09-19-at-14.44.41-122x122.jpeg\",\"url\":\"https:\\\/\\\/macite.tg\\\/wp-content\\\/uploads\\\/2023\\\/09\\\/WhatsApp-Image-2023-09-19-at-14.44.41-122x122.jpeg\",\"contentUrl\":\"https:\\\/\\\/macite.tg\\\/wp-content\\\/uploads\\\/2023\\\/09\\\/WhatsApp-Image-2023-09-19-at-14.44.41-122x122.jpeg\",\"caption\":\"Jean Pierre BAWELA\"},\"url\":\"https:\\\/\\\/macite.tg\\\/?author=2\"}]}<\/script>\n<!-- \/ Yoast SEO plugin. -->","yoast_head_json":{"title":"FAT : De nouvelles nominations pour une nouvelle dynamique -","robots":{"index":"index","follow":"follow","max-snippet":"max-snippet:-1","max-image-preview":"max-image-preview:large","max-video-preview":"max-video-preview:-1"},"canonical":"https:\/\/macite.tg\/?p=10075","og_locale":"fr_FR","og_type":"article","og_title":"FAT : De nouvelles nominations pour une nouvelle dynamique -","og_description":"Le Pr\u00e9sident de la R\u00e9publique, Chef supr\u00eame des Arm\u00e9es, a op\u00e9r\u00e9, le samedi 28 octobre dernier, de nouvelles nominations au sein des Forces arm\u00e9es togolaises (Fat). Depuis samedi 28 octobre dernier, plusieurs officiers sup\u00e9rieurs sont appel\u00e9s \u00e0 des postes de responsabilit\u00e9 au sein des Fat. [&hellip;]","og_url":"https:\/\/macite.tg\/?p=10075","article_published_time":"2023-10-31T15:42:53+00:00","article_modified_time":"2023-10-31T15:42:55+00:00","og_image":[{"width":369,"height":270,"url":"https:\/\/macite.tg\/wp-content\/uploads\/2023\/10\/FEG-et-FAT.jpg","type":"image\/jpeg"}],"author":"Jean Pierre BAWELA","twitter_card":"summary_large_image","twitter_misc":{"\u00c9crit par":"Jean Pierre BAWELA","Dur\u00e9e de lecture estim\u00e9e":"2 minutes"},"schema":{"@context":"https:\/\/schema.org","@graph":[{"@type":"Article","@id":"https:\/\/macite.tg\/?p=10075#article","isPartOf":{"@id":"https:\/\/macite.tg\/?p=10075"},"author":{"name":"Jean Pierre BAWELA","@id":"https:\/\/macite.tg\/#\/schema\/person\/e9f2de7e5dbbe7770a9402c7ce82f5c2"},"headline":"FAT : De nouvelles nominations pour une nouvelle dynamique","datePublished":"2023-10-31T15:42:53+00:00","dateModified":"2023-10-31T15:42:55+00:00","mainEntityOfPage":{"@id":"https:\/\/macite.tg\/?p=10075"},"wordCount":377,"commentCount":0,"image":{"@id":"https:\/\/macite.tg\/?p=10075#primaryimage"},"thumbnailUrl":"https:\/\/macite.tg\/wp-content\/uploads\/2023\/10\/FEG-et-FAT.jpg","articleSection":["ACTUALITE"],"inLanguage":"fr-FR","potentialAction":[{"@type":"CommentAction","name":"Comment","target":["https:\/\/macite.tg\/?p=10075#respond"]}]},{"@type":"WebPage","@id":"https:\/\/macite.tg\/?p=10075","url":"https:\/\/macite.tg\/?p=10075","name":"FAT : De nouvelles nominations pour une nouvelle dynamique -","isPartOf":{"@id":"https:\/\/macite.tg\/#website"},"primaryImageOfPage":{"@id":"https:\/\/macite.tg\/?p=10075#primaryimage"},"image":{"@id":"https:\/\/macite.tg\/?p=10075#primaryimage"},"thumbnailUrl":"https:\/\/macite.tg\/wp-content\/uploads\/2023\/10\/FEG-et-FAT.jpg","datePublished":"2023-10-31T15:42:53+00:00","dateModified":"2023-10-31T15:42:55+00:00","author":{"@id":"https:\/\/macite.tg\/#\/schema\/person\/e9f2de7e5dbbe7770a9402c7ce82f5c2"},"breadcrumb":{"@id":"https:\/\/macite.tg\/?p=10075#breadcrumb"},"inLanguage":"fr-FR","potentialAction":[{"@type":"ReadAction","target":["https:\/\/macite.tg\/?p=10075"]}]},{"@type":"ImageObject","inLanguage":"fr-FR","@id":"https:\/\/macite.tg\/?p=10075#primaryimage","url":"https:\/\/macite.tg\/wp-content\/uploads\/2023\/10\/FEG-et-FAT.jpg","contentUrl":"https:\/\/macite.tg\/wp-content\/uploads\/2023\/10\/FEG-et-FAT.jpg","width":369,"height":270},{"@type":"BreadcrumbList","@id":"https:\/\/macite.tg\/?p=10075#breadcrumb","itemListElement":[{"@type":"ListItem","position":1,"name":"Accueil","item":"https:\/\/macite.tg\/"},{"@type":"ListItem","position":2,"name":"FAT : De nouvelles nominations pour une nouvelle dynamique"}]},{"@type":"WebSite","@id":"https:\/\/macite.tg\/#website","url":"https:\/\/macite.tg\/","name":"","description":"L&#039;information, la bonne!!!","potentialAction":[{"@type":"SearchAction","target":{"@type":"EntryPoint","urlTemplate":"https:\/\/macite.tg\/?s={search_term_string}"},"query-input":{"@type":"PropertyValueSpecification","valueRequired":true,"valueName":"search_term_string"}}],"inLanguage":"fr-FR"},{"@type":"Person","@id":"https:\/\/macite.tg\/#\/schema\/person\/e9f2de7e5dbbe7770a9402c7ce82f5c2","name":"Jean Pierre BAWELA","image":{"@type":"ImageObject","inLanguage":"fr-FR","@id":"https:\/\/macite.tg\/wp-content\/uploads\/2023\/09\/WhatsApp-Image-2023-09-19-at-14.44.41-122x122.jpeg","url":"https:\/\/macite.tg\/wp-content\/uploads\/2023\/09\/WhatsApp-Image-2023-09-19-at-14.44.41-122x122.jpeg","contentUrl":"https:\/\/macite.tg\/wp-content\/uploads\/2023\/09\/WhatsApp-Image-2023-09-19-at-14.44.41-122x122.jpeg","caption":"Jean Pierre BAWELA"},"url":"https:\/\/macite.tg\/?author=2"}]}},"_links":{"self":[{"href":"https:\/\/macite.tg\/index.php?rest_route=\/wp\/v2\/posts\/10075","targetHints":{"allow":["GET"]}}],"collection":[{"href":"https:\/\/macite.tg\/index.php?rest_route=\/wp\/v2\/posts"}],"about":[{"href":"https:\/\/macite.tg\/index.php?rest_route=\/wp\/v2\/types\/post"}],"author":[{"embeddable":true,"href":"https:\/\/macite.tg\/index.php?rest_route=\/wp\/v2\/users\/2"}],"replies":[{"embeddable":true,"href":"https:\/\/macite.tg\/index.php?rest_route=%2Fwp%2Fv2%2Fcomments&post=10075"}],"version-history":[{"count":0,"href":"https:\/\/macite.tg\/index.php?rest_route=\/wp\/v2\/posts\/10075\/revisions"}],"wp:featuredmedia":[{"embeddable":true,"href":"https:\/\/macite.tg\/index.php?rest_route=\/wp\/v2\/media\/10078"}],"wp:attachment":[{"href":"https:\/\/macite.tg\/index.php?rest_route=%2Fwp%2Fv2%2Fmedia&parent=10075"}],"wp:term":[{"taxonomy":"category","embeddable":true,"href":"https:\/\/macite.tg\/index.php?rest_route=%2Fwp%2Fv2%2Fcategories&post=10075"},{"taxonomy":"post_tag","embeddable":true,"href":"https:\/\/macite.tg\/index.php?rest_route=%2Fwp%2Fv2%2Ftags&post=10075"}],"curies":[{"name":"wp","href":"https:\/\/api.w.org\/{rel}","templated":true}]}}