{"id":10065,"date":"2023-10-31T11:28:24","date_gmt":"2023-10-31T11:28:24","guid":{"rendered":"https:\/\/macite.tg\/?p=10065"},"modified":"2023-10-31T17:40:58","modified_gmt":"2023-10-31T17:40:58","slug":"annee-scolaire-2023-2024-voici-calendrier-des-examen-et-concours","status":"publish","type":"post","link":"https:\/\/macite.tg\/?p=10065","title":{"rendered":"ANNEE SCOLAIRE 2023-2024 : Voici le calendrier des examens et concours&#8230;"},"content":{"rendered":"\n<p class=\"wp-block-paragraph\"><strong><em>Les autorit\u00e9s en charge de l\u2019\u00e9ducation au Togo n\u2019ont pas tard\u00e9 \u00e0 rendre public le calendrier des examens mais aussi des concours pour cette ann\u00e9e scolaire qui a d\u00e9marr\u00e9e il y a un peu plus d\u2019un mois.<\/em><\/strong><\/p>\n\n\n\n<p class=\"wp-block-paragraph\">Le vendredi 27 octobre dernier, les ministres en charge de l\u2019Education, de l\u2019Enseignement technique, et de l\u2019Enseignement sup\u00e9rieur ont, via un communiqu\u00e9 conjoint, rendu public le calendrier des examens et concours pour le compte de l\u2019ann\u00e9e acad\u00e9mique 2023-2024.<\/p>\n\n\n<div class=\"wp-block-image\">\n<figure class=\"aligncenter size-large is-resized\"><img loading=\"lazy\" decoding=\"async\" src=\"https:\/\/macite.tg\/wp-content\/uploads\/2023\/10\/IMG-20231027-WA00501-1024x1024.jpg\" alt=\"\" class=\"wp-image-9974\" width=\"508\" height=\"508\" srcset=\"https:\/\/macite.tg\/wp-content\/uploads\/2023\/10\/IMG-20231027-WA00501-1024x1024.jpg 1024w, https:\/\/macite.tg\/wp-content\/uploads\/2023\/10\/IMG-20231027-WA00501-300x300.jpg 300w, https:\/\/macite.tg\/wp-content\/uploads\/2023\/10\/IMG-20231027-WA00501-150x150.jpg 150w, https:\/\/macite.tg\/wp-content\/uploads\/2023\/10\/IMG-20231027-WA00501-768x768.jpg 768w, https:\/\/macite.tg\/wp-content\/uploads\/2023\/10\/IMG-20231027-WA00501-122x122.jpg 122w, https:\/\/macite.tg\/wp-content\/uploads\/2023\/10\/IMG-20231027-WA00501.jpg 1181w\" sizes=\"auto, (max-width: 508px) 100vw, 508px\" \/><\/figure>\n<\/div>\n\n\n<p class=\"wp-block-paragraph\">Tout comme l\u2019an dernier, ce sont les candidats au Baccalaur\u00e9at premi\u00e8re partie (Probatoire) qui vont ouvrir le bal, d\u00e8s le 27 mai 2024. Ils seront suivis par ceux des Cap\/Bet\/Bt, de juin \u00e0 septembre 2024. Ce seront les candidats aux Certificats de fin d\u2019apprentissage (Cfa) qui mettront fin, en septembre, \u00e0 cette s\u00e9rie d\u2019examens.<\/p>\n\n\n\n<p class=\"wp-block-paragraph\">Notons qu\u2019avant le d\u00e9marrage de ces examens, les diff\u00e9rents candidats devront au pr\u00e9alable se confronter \u00e0 l\u2019\u00e9tape des inscriptions qui, il faut le souligner, ont d\u2019ores et d\u00e9j\u00e0 d\u00e9but\u00e9 depuis le 25 septembre dernier, juste apr\u00e8s la reprise des cours.<\/p>\n\n\n\n<p class=\"wp-block-paragraph\">Retour sur les dates importantes de l\u2019ann\u00e9e&nbsp;:<\/p>\n\n\n\n<p class=\"wp-block-paragraph\"><strong>BAC 1<\/strong>&nbsp;: 27 au 31 mai 2024 &nbsp;<\/p>\n\n\n\n<p class=\"wp-block-paragraph\"><strong>CAP\/BEP\/BT<\/strong>&nbsp;: 04 juin au 27 septembre 2024&nbsp;<\/p>\n\n\n\n<p class=\"wp-block-paragraph\"><strong>BEPC&nbsp;<\/strong>: 10 au 12 juin 2024&nbsp;<\/p>\n\n\n\n<p class=\"wp-block-paragraph\"><strong>CEPD<\/strong>&nbsp;: 18 au 20 juin 2024&nbsp;<\/p>\n\n\n\n<p class=\"wp-block-paragraph\"><strong>BAC 2&nbsp;<\/strong>: 17 au 21 juin 2024&nbsp;<\/p>\n\n\n\n<p class=\"wp-block-paragraph\"><strong>BTS<\/strong>&nbsp;: 1<sup>er<\/sup>&nbsp;au 05 juillet 2024<\/p>\n\n\n\n<p class=\"wp-block-paragraph\"><strong>CFA<\/strong>&nbsp;: 02 au 07 septembre 2024.<\/p>\n\n\n<div class=\"wp-block-image\">\n<figure class=\"aligncenter size-large is-resized\"><img loading=\"lazy\" decoding=\"async\" src=\"https:\/\/macite.tg\/wp-content\/uploads\/2023\/10\/IMG-20231027-WA00491-1024x1024.jpg\" alt=\"\" class=\"wp-image-9973\" width=\"559\" height=\"559\" srcset=\"https:\/\/macite.tg\/wp-content\/uploads\/2023\/10\/IMG-20231027-WA00491-1024x1024.jpg 1024w, https:\/\/macite.tg\/wp-content\/uploads\/2023\/10\/IMG-20231027-WA00491-300x300.jpg 300w, https:\/\/macite.tg\/wp-content\/uploads\/2023\/10\/IMG-20231027-WA00491-150x150.jpg 150w, https:\/\/macite.tg\/wp-content\/uploads\/2023\/10\/IMG-20231027-WA00491-768x768.jpg 768w, https:\/\/macite.tg\/wp-content\/uploads\/2023\/10\/IMG-20231027-WA00491-122x122.jpg 122w, https:\/\/macite.tg\/wp-content\/uploads\/2023\/10\/IMG-20231027-WA00491.jpg 1181w\" sizes=\"auto, (max-width: 559px) 100vw, 559px\" \/><\/figure>\n<\/div>\n\n\n<p class=\"wp-block-paragraph\">Pour rappel, l\u2019ann\u00e9e scolaire 2023-2024 va s\u2019achever le 15 septembre pour tous les apprenants sur l\u2019ensemble du territoire national togolais.<\/p>\n\n\n\n<p class=\"wp-block-paragraph\"><strong>La R\u00e9daction<\/strong><\/p>\n\n\n\n<p class=\"wp-block-paragraph\"><strong><em>@macite.tg&nbsp;&nbsp;&nbsp;&nbsp;&nbsp;&nbsp;&nbsp;&nbsp;<\/em><\/strong><\/p>\n\n\n\n<p class=\"wp-block-paragraph\"><strong><em>E-mail&nbsp;: <\/em><\/strong><a href=\"mailto:maciteinfo@gmail.com\"><em>maciteinfo@gmail.com<\/em><\/a><strong><em>; <\/em><\/strong><a href=\"mailto:bawela1@gmail.com\"><em>bawela1@gmail.com<\/em><\/a><\/p>\n\n\n\n<p class=\"wp-block-paragraph\"><strong><em>Pour vos annonces, (publi)reportages, etc., joignez nous au (00228)91515309\/<strong>79872224 <\/strong>www.macite.tg, L\u2019information, la bonne&nbsp;!<\/em><\/strong><\/p>\n","protected":false},"excerpt":{"rendered":"<p class=\"text-justify mb-2\" >Les autorit\u00e9s en charge de l\u2019\u00e9ducation au Togo n\u2019ont pas tard\u00e9 \u00e0 rendre public le calendrier des examens mais aussi des concours pour cette ann\u00e9e scolaire qui a d\u00e9marr\u00e9e il y a un peu plus d\u2019un mois. Le vendredi 27 octobre dernier, les ministres en [&hellip;]<\/p>\n","protected":false},"author":2,"featured_media":10066,"comment_status":"open","ping_status":"open","sticky":false,"template":"","format":"standard","meta":{"footnotes":""},"categories":[20,4],"tags":[],"class_list":["post-10065","post","type-post","status-publish","format-standard","has-post-thumbnail","hentry","category-actualite","category-education"],"yoast_head":"<!-- This site is optimized with the Yoast SEO plugin v28.4 - https:\/\/yoast.com\/product\/yoast-seo-wordpress\/ -->\n<title>ANNEE SCOLAIRE 2023-2024 : Voici le calendrier des examens et concours... -<\/title>\n<meta name=\"robots\" content=\"index, follow, max-snippet:-1, max-image-preview:large, max-video-preview:-1\" \/>\n<link rel=\"canonical\" href=\"https:\/\/macite.tg\/?p=10065\" \/>\n<meta property=\"og:locale\" content=\"fr_FR\" \/>\n<meta property=\"og:type\" content=\"article\" \/>\n<meta property=\"og:title\" content=\"ANNEE SCOLAIRE 2023-2024 : Voici le calendrier des examens et concours... -\" \/>\n<meta property=\"og:description\" content=\"Les autorit\u00e9s en charge de l\u2019\u00e9ducation au Togo n\u2019ont pas tard\u00e9 \u00e0 rendre public le calendrier des examens mais aussi des concours pour cette ann\u00e9e scolaire qui a d\u00e9marr\u00e9e il y a un peu plus d\u2019un mois. Le vendredi 27 octobre dernier, les ministres en [&hellip;]\" \/>\n<meta property=\"og:url\" content=\"https:\/\/macite.tg\/?p=10065\" \/>\n<meta property=\"article:published_time\" content=\"2023-10-31T11:28:24+00:00\" \/>\n<meta property=\"article:modified_time\" content=\"2023-10-31T17:40:58+00:00\" \/>\n<meta property=\"og:image\" content=\"https:\/\/macite.tg\/wp-content\/uploads\/2023\/10\/OIP.jpg\" \/>\n\t<meta property=\"og:image:width\" content=\"451\" \/>\n\t<meta property=\"og:image:height\" content=\"238\" \/>\n\t<meta property=\"og:image:type\" content=\"image\/jpeg\" \/>\n<meta name=\"author\" content=\"Jean Pierre BAWELA\" \/>\n<meta name=\"twitter:card\" content=\"summary_large_image\" \/>\n<meta name=\"twitter:label1\" content=\"\u00c9crit par\" \/>\n\t<meta name=\"twitter:data1\" content=\"Jean Pierre BAWELA\" \/>\n\t<meta name=\"twitter:label2\" content=\"Dur\u00e9e de lecture estim\u00e9e\" \/>\n\t<meta name=\"twitter:data2\" content=\"2 minutes\" \/>\n<script type=\"application\/ld+json\" class=\"yoast-schema-graph\">{\"@context\":\"https:\\\/\\\/schema.org\",\"@graph\":[{\"@type\":\"Article\",\"@id\":\"https:\\\/\\\/macite.tg\\\/?p=10065#article\",\"isPartOf\":{\"@id\":\"https:\\\/\\\/macite.tg\\\/?p=10065\"},\"author\":{\"name\":\"Jean Pierre BAWELA\",\"@id\":\"https:\\\/\\\/macite.tg\\\/#\\\/schema\\\/person\\\/e9f2de7e5dbbe7770a9402c7ce82f5c2\"},\"headline\":\"ANNEE SCOLAIRE 2023-2024 : Voici le calendrier des examens et concours&#8230;\",\"datePublished\":\"2023-10-31T11:28:24+00:00\",\"dateModified\":\"2023-10-31T17:40:58+00:00\",\"mainEntityOfPage\":{\"@id\":\"https:\\\/\\\/macite.tg\\\/?p=10065\"},\"wordCount\":311,\"commentCount\":0,\"image\":{\"@id\":\"https:\\\/\\\/macite.tg\\\/?p=10065#primaryimage\"},\"thumbnailUrl\":\"https:\\\/\\\/macite.tg\\\/wp-content\\\/uploads\\\/2023\\\/10\\\/OIP.jpg\",\"articleSection\":[\"ACTUALITE\",\"EDUCATION\"],\"inLanguage\":\"fr-FR\",\"potentialAction\":[{\"@type\":\"CommentAction\",\"name\":\"Comment\",\"target\":[\"https:\\\/\\\/macite.tg\\\/?p=10065#respond\"]}]},{\"@type\":\"WebPage\",\"@id\":\"https:\\\/\\\/macite.tg\\\/?p=10065\",\"url\":\"https:\\\/\\\/macite.tg\\\/?p=10065\",\"name\":\"ANNEE SCOLAIRE 2023-2024 : Voici le calendrier des examens et concours... -\",\"isPartOf\":{\"@id\":\"https:\\\/\\\/macite.tg\\\/#website\"},\"primaryImageOfPage\":{\"@id\":\"https:\\\/\\\/macite.tg\\\/?p=10065#primaryimage\"},\"image\":{\"@id\":\"https:\\\/\\\/macite.tg\\\/?p=10065#primaryimage\"},\"thumbnailUrl\":\"https:\\\/\\\/macite.tg\\\/wp-content\\\/uploads\\\/2023\\\/10\\\/OIP.jpg\",\"datePublished\":\"2023-10-31T11:28:24+00:00\",\"dateModified\":\"2023-10-31T17:40:58+00:00\",\"author\":{\"@id\":\"https:\\\/\\\/macite.tg\\\/#\\\/schema\\\/person\\\/e9f2de7e5dbbe7770a9402c7ce82f5c2\"},\"breadcrumb\":{\"@id\":\"https:\\\/\\\/macite.tg\\\/?p=10065#breadcrumb\"},\"inLanguage\":\"fr-FR\",\"potentialAction\":[{\"@type\":\"ReadAction\",\"target\":[\"https:\\\/\\\/macite.tg\\\/?p=10065\"]}]},{\"@type\":\"ImageObject\",\"inLanguage\":\"fr-FR\",\"@id\":\"https:\\\/\\\/macite.tg\\\/?p=10065#primaryimage\",\"url\":\"https:\\\/\\\/macite.tg\\\/wp-content\\\/uploads\\\/2023\\\/10\\\/OIP.jpg\",\"contentUrl\":\"https:\\\/\\\/macite.tg\\\/wp-content\\\/uploads\\\/2023\\\/10\\\/OIP.jpg\",\"width\":451,\"height\":238},{\"@type\":\"BreadcrumbList\",\"@id\":\"https:\\\/\\\/macite.tg\\\/?p=10065#breadcrumb\",\"itemListElement\":[{\"@type\":\"ListItem\",\"position\":1,\"name\":\"Accueil\",\"item\":\"https:\\\/\\\/macite.tg\\\/\"},{\"@type\":\"ListItem\",\"position\":2,\"name\":\"ANNEE SCOLAIRE 2023-2024 : Voici le calendrier des examens et concours&#8230;\"}]},{\"@type\":\"WebSite\",\"@id\":\"https:\\\/\\\/macite.tg\\\/#website\",\"url\":\"https:\\\/\\\/macite.tg\\\/\",\"name\":\"\",\"description\":\"L&#039;information, la bonne!!!\",\"potentialAction\":[{\"@type\":\"SearchAction\",\"target\":{\"@type\":\"EntryPoint\",\"urlTemplate\":\"https:\\\/\\\/macite.tg\\\/?s={search_term_string}\"},\"query-input\":{\"@type\":\"PropertyValueSpecification\",\"valueRequired\":true,\"valueName\":\"search_term_string\"}}],\"inLanguage\":\"fr-FR\"},{\"@type\":\"Person\",\"@id\":\"https:\\\/\\\/macite.tg\\\/#\\\/schema\\\/person\\\/e9f2de7e5dbbe7770a9402c7ce82f5c2\",\"name\":\"Jean Pierre BAWELA\",\"image\":{\"@type\":\"ImageObject\",\"inLanguage\":\"fr-FR\",\"@id\":\"https:\\\/\\\/macite.tg\\\/wp-content\\\/uploads\\\/2023\\\/09\\\/WhatsApp-Image-2023-09-19-at-14.44.41-122x122.jpeg\",\"url\":\"https:\\\/\\\/macite.tg\\\/wp-content\\\/uploads\\\/2023\\\/09\\\/WhatsApp-Image-2023-09-19-at-14.44.41-122x122.jpeg\",\"contentUrl\":\"https:\\\/\\\/macite.tg\\\/wp-content\\\/uploads\\\/2023\\\/09\\\/WhatsApp-Image-2023-09-19-at-14.44.41-122x122.jpeg\",\"caption\":\"Jean Pierre BAWELA\"},\"url\":\"https:\\\/\\\/macite.tg\\\/?author=2\"}]}<\/script>\n<!-- \/ Yoast SEO plugin. -->","yoast_head_json":{"title":"ANNEE SCOLAIRE 2023-2024 : Voici le calendrier des examens et concours... -","robots":{"index":"index","follow":"follow","max-snippet":"max-snippet:-1","max-image-preview":"max-image-preview:large","max-video-preview":"max-video-preview:-1"},"canonical":"https:\/\/macite.tg\/?p=10065","og_locale":"fr_FR","og_type":"article","og_title":"ANNEE SCOLAIRE 2023-2024 : Voici le calendrier des examens et concours... -","og_description":"Les autorit\u00e9s en charge de l\u2019\u00e9ducation au Togo n\u2019ont pas tard\u00e9 \u00e0 rendre public le calendrier des examens mais aussi des concours pour cette ann\u00e9e scolaire qui a d\u00e9marr\u00e9e il y a un peu plus d\u2019un mois. Le vendredi 27 octobre dernier, les ministres en [&hellip;]","og_url":"https:\/\/macite.tg\/?p=10065","article_published_time":"2023-10-31T11:28:24+00:00","article_modified_time":"2023-10-31T17:40:58+00:00","og_image":[{"width":451,"height":238,"url":"https:\/\/macite.tg\/wp-content\/uploads\/2023\/10\/OIP.jpg","type":"image\/jpeg"}],"author":"Jean Pierre BAWELA","twitter_card":"summary_large_image","twitter_misc":{"\u00c9crit par":"Jean Pierre BAWELA","Dur\u00e9e de lecture estim\u00e9e":"2 minutes"},"schema":{"@context":"https:\/\/schema.org","@graph":[{"@type":"Article","@id":"https:\/\/macite.tg\/?p=10065#article","isPartOf":{"@id":"https:\/\/macite.tg\/?p=10065"},"author":{"name":"Jean Pierre BAWELA","@id":"https:\/\/macite.tg\/#\/schema\/person\/e9f2de7e5dbbe7770a9402c7ce82f5c2"},"headline":"ANNEE SCOLAIRE 2023-2024 : Voici le calendrier des examens et concours&#8230;","datePublished":"2023-10-31T11:28:24+00:00","dateModified":"2023-10-31T17:40:58+00:00","mainEntityOfPage":{"@id":"https:\/\/macite.tg\/?p=10065"},"wordCount":311,"commentCount":0,"image":{"@id":"https:\/\/macite.tg\/?p=10065#primaryimage"},"thumbnailUrl":"https:\/\/macite.tg\/wp-content\/uploads\/2023\/10\/OIP.jpg","articleSection":["ACTUALITE","EDUCATION"],"inLanguage":"fr-FR","potentialAction":[{"@type":"CommentAction","name":"Comment","target":["https:\/\/macite.tg\/?p=10065#respond"]}]},{"@type":"WebPage","@id":"https:\/\/macite.tg\/?p=10065","url":"https:\/\/macite.tg\/?p=10065","name":"ANNEE SCOLAIRE 2023-2024 : Voici le calendrier des examens et concours... -","isPartOf":{"@id":"https:\/\/macite.tg\/#website"},"primaryImageOfPage":{"@id":"https:\/\/macite.tg\/?p=10065#primaryimage"},"image":{"@id":"https:\/\/macite.tg\/?p=10065#primaryimage"},"thumbnailUrl":"https:\/\/macite.tg\/wp-content\/uploads\/2023\/10\/OIP.jpg","datePublished":"2023-10-31T11:28:24+00:00","dateModified":"2023-10-31T17:40:58+00:00","author":{"@id":"https:\/\/macite.tg\/#\/schema\/person\/e9f2de7e5dbbe7770a9402c7ce82f5c2"},"breadcrumb":{"@id":"https:\/\/macite.tg\/?p=10065#breadcrumb"},"inLanguage":"fr-FR","potentialAction":[{"@type":"ReadAction","target":["https:\/\/macite.tg\/?p=10065"]}]},{"@type":"ImageObject","inLanguage":"fr-FR","@id":"https:\/\/macite.tg\/?p=10065#primaryimage","url":"https:\/\/macite.tg\/wp-content\/uploads\/2023\/10\/OIP.jpg","contentUrl":"https:\/\/macite.tg\/wp-content\/uploads\/2023\/10\/OIP.jpg","width":451,"height":238},{"@type":"BreadcrumbList","@id":"https:\/\/macite.tg\/?p=10065#breadcrumb","itemListElement":[{"@type":"ListItem","position":1,"name":"Accueil","item":"https:\/\/macite.tg\/"},{"@type":"ListItem","position":2,"name":"ANNEE SCOLAIRE 2023-2024 : Voici le calendrier des examens et concours&#8230;"}]},{"@type":"WebSite","@id":"https:\/\/macite.tg\/#website","url":"https:\/\/macite.tg\/","name":"","description":"L&#039;information, la bonne!!!","potentialAction":[{"@type":"SearchAction","target":{"@type":"EntryPoint","urlTemplate":"https:\/\/macite.tg\/?s={search_term_string}"},"query-input":{"@type":"PropertyValueSpecification","valueRequired":true,"valueName":"search_term_string"}}],"inLanguage":"fr-FR"},{"@type":"Person","@id":"https:\/\/macite.tg\/#\/schema\/person\/e9f2de7e5dbbe7770a9402c7ce82f5c2","name":"Jean Pierre BAWELA","image":{"@type":"ImageObject","inLanguage":"fr-FR","@id":"https:\/\/macite.tg\/wp-content\/uploads\/2023\/09\/WhatsApp-Image-2023-09-19-at-14.44.41-122x122.jpeg","url":"https:\/\/macite.tg\/wp-content\/uploads\/2023\/09\/WhatsApp-Image-2023-09-19-at-14.44.41-122x122.jpeg","contentUrl":"https:\/\/macite.tg\/wp-content\/uploads\/2023\/09\/WhatsApp-Image-2023-09-19-at-14.44.41-122x122.jpeg","caption":"Jean Pierre BAWELA"},"url":"https:\/\/macite.tg\/?author=2"}]}},"_links":{"self":[{"href":"https:\/\/macite.tg\/index.php?rest_route=\/wp\/v2\/posts\/10065","targetHints":{"allow":["GET"]}}],"collection":[{"href":"https:\/\/macite.tg\/index.php?rest_route=\/wp\/v2\/posts"}],"about":[{"href":"https:\/\/macite.tg\/index.php?rest_route=\/wp\/v2\/types\/post"}],"author":[{"embeddable":true,"href":"https:\/\/macite.tg\/index.php?rest_route=\/wp\/v2\/users\/2"}],"replies":[{"embeddable":true,"href":"https:\/\/macite.tg\/index.php?rest_route=%2Fwp%2Fv2%2Fcomments&post=10065"}],"version-history":[{"count":0,"href":"https:\/\/macite.tg\/index.php?rest_route=\/wp\/v2\/posts\/10065\/revisions"}],"wp:featuredmedia":[{"embeddable":true,"href":"https:\/\/macite.tg\/index.php?rest_route=\/wp\/v2\/media\/10066"}],"wp:attachment":[{"href":"https:\/\/macite.tg\/index.php?rest_route=%2Fwp%2Fv2%2Fmedia&parent=10065"}],"wp:term":[{"taxonomy":"category","embeddable":true,"href":"https:\/\/macite.tg\/index.php?rest_route=%2Fwp%2Fv2%2Fcategories&post=10065"},{"taxonomy":"post_tag","embeddable":true,"href":"https:\/\/macite.tg\/index.php?rest_route=%2Fwp%2Fv2%2Ftags&post=10065"}],"curies":[{"name":"wp","href":"https:\/\/api.w.org\/{rel}","templated":true}]}}