{"id":10061,"date":"2023-10-31T11:02:12","date_gmt":"2023-10-31T11:02:12","guid":{"rendered":"https:\/\/macite.tg\/?p=10061"},"modified":"2023-10-31T12:42:32","modified_gmt":"2023-10-31T12:42:32","slug":"ballo-dor-2023-il-y-a-beaucoup-de-souligne-le-grand-perdant-erling-haaland","status":"publish","type":"post","link":"https:\/\/macite.tg\/?p=10061","title":{"rendered":"LE TOGO POUR LA PAIX AU SOUDAN : Le ministre Dussey porteur d\u2019un message du Pr\u00e9sident Faure Gnassingb\u00e9, \u00e0 son homologue Abdel Fattah al-Burhan"},"content":{"rendered":"\n<p class=\"wp-block-paragraph\"><\/p>\n\n\n\n<p class=\"wp-block-paragraph\"><strong><em>Le \u2018\u2019conflit des g\u00e9n\u00e9raux\u2019\u2019 au Soudan, sept mois apr\u00e8s, s\u2019est enlis\u00e9 et \u00e9tendu au point de provoquer un drame humanitaire, au nez et \u00e0 la barbe de la communaut\u00e9 internationale, pr\u00e9occup\u00e9e par d\u2019autres sujets. Comme soulign\u00e9 r\u00e9cemment \u00e0 la tribune des Nations-Unies, les acteurs africains de premier plan, qui veulent des soutions africaines \u00e0 leurs diff\u00e9rends, se retroussent les manches.<\/em><\/strong><\/p>\n\n\n\n<p class=\"wp-block-paragraph\">Fort de cet engagement et convaincu que son exp\u00e9rience en la mati\u00e8re peut servir, le Pr\u00e9sident togolais, Faure Essozinma Gnassingb\u00e9, veut apporter sa modeste contribution afin de faire cesser le bruit des armes au Soudan, et sauver ainsi l\u2019essentielle, les populations meurtries, mais aussi la paix.<\/p>\n\n\n<div class=\"wp-block-image\">\n<figure class=\"aligncenter size-large is-resized\"><img loading=\"lazy\" decoding=\"async\" src=\"https:\/\/macite.tg\/wp-content\/uploads\/2023\/10\/IMG-20231027-WA00501-1024x1024.jpg\" alt=\"\" class=\"wp-image-9974\" width=\"541\" height=\"541\" srcset=\"https:\/\/macite.tg\/wp-content\/uploads\/2023\/10\/IMG-20231027-WA00501-1024x1024.jpg 1024w, https:\/\/macite.tg\/wp-content\/uploads\/2023\/10\/IMG-20231027-WA00501-300x300.jpg 300w, https:\/\/macite.tg\/wp-content\/uploads\/2023\/10\/IMG-20231027-WA00501-150x150.jpg 150w, https:\/\/macite.tg\/wp-content\/uploads\/2023\/10\/IMG-20231027-WA00501-768x768.jpg 768w, https:\/\/macite.tg\/wp-content\/uploads\/2023\/10\/IMG-20231027-WA00501-122x122.jpg 122w, https:\/\/macite.tg\/wp-content\/uploads\/2023\/10\/IMG-20231027-WA00501.jpg 1181w\" sizes=\"auto, (max-width: 541px) 100vw, 541px\" \/><\/figure>\n<\/div>\n\n\n<p class=\"wp-block-paragraph\">C\u2019est dans cette optique que le leader togolais a d\u00e9p\u00each\u00e9, le samedi 28 octobre dernier, son chef de la diplomatie, le Professeur Robert Dussey, au Soudan. Le ministre Robert Dussey, porteur d\u2019un message du leader togolais, qui y \u00e9tait d\u00e9j\u00e0 en ao\u00fbt dernier, a \u00e9t\u00e9 re\u00e7u \u00e0 Port-Soudan par le G\u00e9n\u00e9ral Abdel Fattah Al-Burhan, pr\u00e9sident du Conseil de souverainet\u00e9 de transition.<\/p>\n\n\n\n<p class=\"wp-block-paragraph\">Outre les sujets d\u2019int\u00e9r\u00eat bilat\u00e9ral et international, les deux personnalit\u00e9s ont \u00e9chang\u00e9 sur la situation politique et s\u00e9curitaire dans ce pays d\u2019Afrique du Nord, pris en otage par un conflit opposant l&rsquo;arm\u00e9e soudanaise \u00e0 des Forces de soutien rapide (FSR), compos\u00e9es de paramilitaires. La s\u00e9ance de travail s\u2019est poursuivie avec le chef de la diplomatie soudanaise, Ali Al-Sadiq Ali.<\/p>\n\n\n\n<p class=\"wp-block-paragraph\">Notons que Lom\u00e9 avait, en ao\u00fbt dernier, r\u00e9uni les parties impliqu\u00e9es dans le conflit au Darfour, pour des consultations politiques. Celles-ci avaient d\u2019ailleurs d\u00e9bouch\u00e9e, notamment sur l\u2019ouverture d\u2019un corridor humanitaire afin de venir en aide aux populations civiles prises au pi\u00e8ge.<\/p>\n\n\n<div class=\"wp-block-image\">\n<figure class=\"aligncenter size-large is-resized\"><img loading=\"lazy\" decoding=\"async\" src=\"https:\/\/macite.tg\/wp-content\/uploads\/2023\/10\/IMG-20231027-WA00491-1024x1024.jpg\" alt=\"\" class=\"wp-image-9973\" width=\"529\" height=\"529\" srcset=\"https:\/\/macite.tg\/wp-content\/uploads\/2023\/10\/IMG-20231027-WA00491-1024x1024.jpg 1024w, https:\/\/macite.tg\/wp-content\/uploads\/2023\/10\/IMG-20231027-WA00491-300x300.jpg 300w, https:\/\/macite.tg\/wp-content\/uploads\/2023\/10\/IMG-20231027-WA00491-150x150.jpg 150w, https:\/\/macite.tg\/wp-content\/uploads\/2023\/10\/IMG-20231027-WA00491-768x768.jpg 768w, https:\/\/macite.tg\/wp-content\/uploads\/2023\/10\/IMG-20231027-WA00491-122x122.jpg 122w, https:\/\/macite.tg\/wp-content\/uploads\/2023\/10\/IMG-20231027-WA00491.jpg 1181w\" sizes=\"auto, (max-width: 529px) 100vw, 529px\" \/><\/figure>\n<\/div>\n\n\n<p class=\"wp-block-paragraph\">Pour rappel, depuis le 25 avril 2023, ce qui \u00e9tait per\u00e7u comme une simple opposition entre deux g\u00e9n\u00e9raux, menace de devenir une guerre civile \u00e0 grande \u00e9chelle car, non seulement les cessez-le-feu n\u2019ont jamais dur\u00e9, le c\u00f4t\u00e9 humanitaire est criard. Les chiffres officiels font \u00e9tat de 40% de la population en \u00e9tat d\u2019ins\u00e9curit\u00e9 alimentaire, sans compter qu\u2019il y a plus de trois millions de d\u00e9plac\u00e9s et plus d\u2019un million de r\u00e9fugi\u00e9s.<\/p>\n\n\n\n<p class=\"wp-block-paragraph\"><strong>JPB<\/strong><\/p>\n\n\n\n<p class=\"wp-block-paragraph\"><strong><em>@macite.tg&nbsp;&nbsp;&nbsp;&nbsp;&nbsp;&nbsp;&nbsp;&nbsp;<\/em><\/strong><\/p>\n\n\n\n<p class=\"wp-block-paragraph\"><strong><em>E-mail&nbsp;: <\/em><\/strong><a href=\"mailto:maciteinfo@gmail.com\"><em>maciteinfo@gmail.com<\/em><\/a><strong><em>; <\/em><\/strong><a href=\"mailto:bawela1@gmail.com\"><em>bawela1@gmail.com<\/em><\/a><em> <strong><\/strong><\/em><\/p>\n\n\n\n<p class=\"wp-block-paragraph\"><strong><em>Pour vos annonces, (publi)reportages, etc., joignez nous au (00228)91515309\/<strong>79872224 <\/strong>www.macite.tg, L\u2019information, la bonne&nbsp;!<\/em><\/strong><\/p>\n\n\n\n<p class=\"wp-block-paragraph\"><\/p>\n","protected":false},"excerpt":{"rendered":"<p class=\"text-justify mb-2\" >Le \u2018\u2019conflit des g\u00e9n\u00e9raux\u2019\u2019 au Soudan, sept mois apr\u00e8s, s\u2019est enlis\u00e9 et \u00e9tendu au point de provoquer un drame humanitaire, au nez et \u00e0 la barbe de la communaut\u00e9 internationale, pr\u00e9occup\u00e9e par d\u2019autres sujets. Comme soulign\u00e9 r\u00e9cemment \u00e0 la tribune des Nations-Unies, les acteurs africains [&hellip;]<\/p>\n","protected":false},"author":2,"featured_media":10071,"comment_status":"open","ping_status":"open","sticky":false,"template":"","format":"standard","meta":{"footnotes":""},"categories":[20,1],"tags":[],"class_list":["post-10061","post","type-post","status-publish","format-standard","has-post-thumbnail","hentry","category-actualite","category-politique"],"yoast_head":"<!-- This site is optimized with the Yoast SEO plugin v28.4 - https:\/\/yoast.com\/product\/yoast-seo-wordpress\/ -->\n<title>LE TOGO POUR LA PAIX AU SOUDAN : Le ministre Dussey porteur d\u2019un message du Pr\u00e9sident Faure Gnassingb\u00e9, \u00e0 son homologue Abdel Fattah al-Burhan -<\/title>\n<meta name=\"robots\" content=\"index, follow, max-snippet:-1, max-image-preview:large, max-video-preview:-1\" \/>\n<link rel=\"canonical\" href=\"https:\/\/macite.tg\/?p=10061\" \/>\n<meta property=\"og:locale\" content=\"fr_FR\" \/>\n<meta property=\"og:type\" content=\"article\" \/>\n<meta property=\"og:title\" content=\"LE TOGO POUR LA PAIX AU SOUDAN : Le ministre Dussey porteur d\u2019un message du Pr\u00e9sident Faure Gnassingb\u00e9, \u00e0 son homologue Abdel Fattah al-Burhan -\" \/>\n<meta property=\"og:description\" content=\"Le \u2018\u2019conflit des g\u00e9n\u00e9raux\u2019\u2019 au Soudan, sept mois apr\u00e8s, s\u2019est enlis\u00e9 et \u00e9tendu au point de provoquer un drame humanitaire, au nez et \u00e0 la barbe de la communaut\u00e9 internationale, pr\u00e9occup\u00e9e par d\u2019autres sujets. Comme soulign\u00e9 r\u00e9cemment \u00e0 la tribune des Nations-Unies, les acteurs africains [&hellip;]\" \/>\n<meta property=\"og:url\" content=\"https:\/\/macite.tg\/?p=10061\" \/>\n<meta property=\"article:published_time\" content=\"2023-10-31T11:02:12+00:00\" \/>\n<meta property=\"article:modified_time\" content=\"2023-10-31T12:42:32+00:00\" \/>\n<meta property=\"og:image\" content=\"https:\/\/macite.tg\/wp-content\/uploads\/2023\/10\/F9hmXuaWwAA8csV.jpg\" \/>\n\t<meta property=\"og:image:width\" content=\"680\" \/>\n\t<meta property=\"og:image:height\" content=\"453\" \/>\n\t<meta property=\"og:image:type\" content=\"image\/jpeg\" \/>\n<meta name=\"author\" content=\"Jean Pierre BAWELA\" \/>\n<meta name=\"twitter:card\" content=\"summary_large_image\" \/>\n<meta name=\"twitter:label1\" content=\"\u00c9crit par\" \/>\n\t<meta name=\"twitter:data1\" content=\"Jean Pierre BAWELA\" \/>\n\t<meta name=\"twitter:label2\" content=\"Dur\u00e9e de lecture estim\u00e9e\" \/>\n\t<meta name=\"twitter:data2\" content=\"2 minutes\" \/>\n<script type=\"application\/ld+json\" class=\"yoast-schema-graph\">{\"@context\":\"https:\\\/\\\/schema.org\",\"@graph\":[{\"@type\":\"Article\",\"@id\":\"https:\\\/\\\/macite.tg\\\/?p=10061#article\",\"isPartOf\":{\"@id\":\"https:\\\/\\\/macite.tg\\\/?p=10061\"},\"author\":{\"name\":\"Jean Pierre BAWELA\",\"@id\":\"https:\\\/\\\/macite.tg\\\/#\\\/schema\\\/person\\\/e9f2de7e5dbbe7770a9402c7ce82f5c2\"},\"headline\":\"LE TOGO POUR LA PAIX AU SOUDAN : Le ministre Dussey porteur d\u2019un message du Pr\u00e9sident Faure Gnassingb\u00e9, \u00e0 son homologue Abdel Fattah al-Burhan\",\"datePublished\":\"2023-10-31T11:02:12+00:00\",\"dateModified\":\"2023-10-31T12:42:32+00:00\",\"mainEntityOfPage\":{\"@id\":\"https:\\\/\\\/macite.tg\\\/?p=10061\"},\"wordCount\":445,\"commentCount\":0,\"image\":{\"@id\":\"https:\\\/\\\/macite.tg\\\/?p=10061#primaryimage\"},\"thumbnailUrl\":\"https:\\\/\\\/macite.tg\\\/wp-content\\\/uploads\\\/2023\\\/10\\\/F9hmXuaWwAA8csV.jpg\",\"articleSection\":[\"ACTUALITE\",\"POLITIQUE\"],\"inLanguage\":\"fr-FR\",\"potentialAction\":[{\"@type\":\"CommentAction\",\"name\":\"Comment\",\"target\":[\"https:\\\/\\\/macite.tg\\\/?p=10061#respond\"]}]},{\"@type\":\"WebPage\",\"@id\":\"https:\\\/\\\/macite.tg\\\/?p=10061\",\"url\":\"https:\\\/\\\/macite.tg\\\/?p=10061\",\"name\":\"LE TOGO POUR LA PAIX AU SOUDAN : Le ministre Dussey porteur d\u2019un message du Pr\u00e9sident Faure Gnassingb\u00e9, \u00e0 son homologue Abdel Fattah al-Burhan -\",\"isPartOf\":{\"@id\":\"https:\\\/\\\/macite.tg\\\/#website\"},\"primaryImageOfPage\":{\"@id\":\"https:\\\/\\\/macite.tg\\\/?p=10061#primaryimage\"},\"image\":{\"@id\":\"https:\\\/\\\/macite.tg\\\/?p=10061#primaryimage\"},\"thumbnailUrl\":\"https:\\\/\\\/macite.tg\\\/wp-content\\\/uploads\\\/2023\\\/10\\\/F9hmXuaWwAA8csV.jpg\",\"datePublished\":\"2023-10-31T11:02:12+00:00\",\"dateModified\":\"2023-10-31T12:42:32+00:00\",\"author\":{\"@id\":\"https:\\\/\\\/macite.tg\\\/#\\\/schema\\\/person\\\/e9f2de7e5dbbe7770a9402c7ce82f5c2\"},\"breadcrumb\":{\"@id\":\"https:\\\/\\\/macite.tg\\\/?p=10061#breadcrumb\"},\"inLanguage\":\"fr-FR\",\"potentialAction\":[{\"@type\":\"ReadAction\",\"target\":[\"https:\\\/\\\/macite.tg\\\/?p=10061\"]}]},{\"@type\":\"ImageObject\",\"inLanguage\":\"fr-FR\",\"@id\":\"https:\\\/\\\/macite.tg\\\/?p=10061#primaryimage\",\"url\":\"https:\\\/\\\/macite.tg\\\/wp-content\\\/uploads\\\/2023\\\/10\\\/F9hmXuaWwAA8csV.jpg\",\"contentUrl\":\"https:\\\/\\\/macite.tg\\\/wp-content\\\/uploads\\\/2023\\\/10\\\/F9hmXuaWwAA8csV.jpg\",\"width\":680,\"height\":453},{\"@type\":\"BreadcrumbList\",\"@id\":\"https:\\\/\\\/macite.tg\\\/?p=10061#breadcrumb\",\"itemListElement\":[{\"@type\":\"ListItem\",\"position\":1,\"name\":\"Accueil\",\"item\":\"https:\\\/\\\/macite.tg\\\/\"},{\"@type\":\"ListItem\",\"position\":2,\"name\":\"LE TOGO POUR LA PAIX AU SOUDAN : Le ministre Dussey porteur d\u2019un message du Pr\u00e9sident Faure Gnassingb\u00e9, \u00e0 son homologue Abdel Fattah al-Burhan\"}]},{\"@type\":\"WebSite\",\"@id\":\"https:\\\/\\\/macite.tg\\\/#website\",\"url\":\"https:\\\/\\\/macite.tg\\\/\",\"name\":\"\",\"description\":\"L&#039;information, la bonne!!!\",\"potentialAction\":[{\"@type\":\"SearchAction\",\"target\":{\"@type\":\"EntryPoint\",\"urlTemplate\":\"https:\\\/\\\/macite.tg\\\/?s={search_term_string}\"},\"query-input\":{\"@type\":\"PropertyValueSpecification\",\"valueRequired\":true,\"valueName\":\"search_term_string\"}}],\"inLanguage\":\"fr-FR\"},{\"@type\":\"Person\",\"@id\":\"https:\\\/\\\/macite.tg\\\/#\\\/schema\\\/person\\\/e9f2de7e5dbbe7770a9402c7ce82f5c2\",\"name\":\"Jean Pierre BAWELA\",\"image\":{\"@type\":\"ImageObject\",\"inLanguage\":\"fr-FR\",\"@id\":\"https:\\\/\\\/macite.tg\\\/wp-content\\\/uploads\\\/2023\\\/09\\\/WhatsApp-Image-2023-09-19-at-14.44.41-122x122.jpeg\",\"url\":\"https:\\\/\\\/macite.tg\\\/wp-content\\\/uploads\\\/2023\\\/09\\\/WhatsApp-Image-2023-09-19-at-14.44.41-122x122.jpeg\",\"contentUrl\":\"https:\\\/\\\/macite.tg\\\/wp-content\\\/uploads\\\/2023\\\/09\\\/WhatsApp-Image-2023-09-19-at-14.44.41-122x122.jpeg\",\"caption\":\"Jean Pierre BAWELA\"},\"url\":\"https:\\\/\\\/macite.tg\\\/?author=2\"}]}<\/script>\n<!-- \/ Yoast SEO plugin. -->","yoast_head_json":{"title":"LE TOGO POUR LA PAIX AU SOUDAN : Le ministre Dussey porteur d\u2019un message du Pr\u00e9sident Faure Gnassingb\u00e9, \u00e0 son homologue Abdel Fattah al-Burhan -","robots":{"index":"index","follow":"follow","max-snippet":"max-snippet:-1","max-image-preview":"max-image-preview:large","max-video-preview":"max-video-preview:-1"},"canonical":"https:\/\/macite.tg\/?p=10061","og_locale":"fr_FR","og_type":"article","og_title":"LE TOGO POUR LA PAIX AU SOUDAN : Le ministre Dussey porteur d\u2019un message du Pr\u00e9sident Faure Gnassingb\u00e9, \u00e0 son homologue Abdel Fattah al-Burhan -","og_description":"Le \u2018\u2019conflit des g\u00e9n\u00e9raux\u2019\u2019 au Soudan, sept mois apr\u00e8s, s\u2019est enlis\u00e9 et \u00e9tendu au point de provoquer un drame humanitaire, au nez et \u00e0 la barbe de la communaut\u00e9 internationale, pr\u00e9occup\u00e9e par d\u2019autres sujets. Comme soulign\u00e9 r\u00e9cemment \u00e0 la tribune des Nations-Unies, les acteurs africains [&hellip;]","og_url":"https:\/\/macite.tg\/?p=10061","article_published_time":"2023-10-31T11:02:12+00:00","article_modified_time":"2023-10-31T12:42:32+00:00","og_image":[{"width":680,"height":453,"url":"https:\/\/macite.tg\/wp-content\/uploads\/2023\/10\/F9hmXuaWwAA8csV.jpg","type":"image\/jpeg"}],"author":"Jean Pierre BAWELA","twitter_card":"summary_large_image","twitter_misc":{"\u00c9crit par":"Jean Pierre BAWELA","Dur\u00e9e de lecture estim\u00e9e":"2 minutes"},"schema":{"@context":"https:\/\/schema.org","@graph":[{"@type":"Article","@id":"https:\/\/macite.tg\/?p=10061#article","isPartOf":{"@id":"https:\/\/macite.tg\/?p=10061"},"author":{"name":"Jean Pierre BAWELA","@id":"https:\/\/macite.tg\/#\/schema\/person\/e9f2de7e5dbbe7770a9402c7ce82f5c2"},"headline":"LE TOGO POUR LA PAIX AU SOUDAN : Le ministre Dussey porteur d\u2019un message du Pr\u00e9sident Faure Gnassingb\u00e9, \u00e0 son homologue Abdel Fattah al-Burhan","datePublished":"2023-10-31T11:02:12+00:00","dateModified":"2023-10-31T12:42:32+00:00","mainEntityOfPage":{"@id":"https:\/\/macite.tg\/?p=10061"},"wordCount":445,"commentCount":0,"image":{"@id":"https:\/\/macite.tg\/?p=10061#primaryimage"},"thumbnailUrl":"https:\/\/macite.tg\/wp-content\/uploads\/2023\/10\/F9hmXuaWwAA8csV.jpg","articleSection":["ACTUALITE","POLITIQUE"],"inLanguage":"fr-FR","potentialAction":[{"@type":"CommentAction","name":"Comment","target":["https:\/\/macite.tg\/?p=10061#respond"]}]},{"@type":"WebPage","@id":"https:\/\/macite.tg\/?p=10061","url":"https:\/\/macite.tg\/?p=10061","name":"LE TOGO POUR LA PAIX AU SOUDAN : Le ministre Dussey porteur d\u2019un message du Pr\u00e9sident Faure Gnassingb\u00e9, \u00e0 son homologue Abdel Fattah al-Burhan -","isPartOf":{"@id":"https:\/\/macite.tg\/#website"},"primaryImageOfPage":{"@id":"https:\/\/macite.tg\/?p=10061#primaryimage"},"image":{"@id":"https:\/\/macite.tg\/?p=10061#primaryimage"},"thumbnailUrl":"https:\/\/macite.tg\/wp-content\/uploads\/2023\/10\/F9hmXuaWwAA8csV.jpg","datePublished":"2023-10-31T11:02:12+00:00","dateModified":"2023-10-31T12:42:32+00:00","author":{"@id":"https:\/\/macite.tg\/#\/schema\/person\/e9f2de7e5dbbe7770a9402c7ce82f5c2"},"breadcrumb":{"@id":"https:\/\/macite.tg\/?p=10061#breadcrumb"},"inLanguage":"fr-FR","potentialAction":[{"@type":"ReadAction","target":["https:\/\/macite.tg\/?p=10061"]}]},{"@type":"ImageObject","inLanguage":"fr-FR","@id":"https:\/\/macite.tg\/?p=10061#primaryimage","url":"https:\/\/macite.tg\/wp-content\/uploads\/2023\/10\/F9hmXuaWwAA8csV.jpg","contentUrl":"https:\/\/macite.tg\/wp-content\/uploads\/2023\/10\/F9hmXuaWwAA8csV.jpg","width":680,"height":453},{"@type":"BreadcrumbList","@id":"https:\/\/macite.tg\/?p=10061#breadcrumb","itemListElement":[{"@type":"ListItem","position":1,"name":"Accueil","item":"https:\/\/macite.tg\/"},{"@type":"ListItem","position":2,"name":"LE TOGO POUR LA PAIX AU SOUDAN : Le ministre Dussey porteur d\u2019un message du Pr\u00e9sident Faure Gnassingb\u00e9, \u00e0 son homologue Abdel Fattah al-Burhan"}]},{"@type":"WebSite","@id":"https:\/\/macite.tg\/#website","url":"https:\/\/macite.tg\/","name":"","description":"L&#039;information, la bonne!!!","potentialAction":[{"@type":"SearchAction","target":{"@type":"EntryPoint","urlTemplate":"https:\/\/macite.tg\/?s={search_term_string}"},"query-input":{"@type":"PropertyValueSpecification","valueRequired":true,"valueName":"search_term_string"}}],"inLanguage":"fr-FR"},{"@type":"Person","@id":"https:\/\/macite.tg\/#\/schema\/person\/e9f2de7e5dbbe7770a9402c7ce82f5c2","name":"Jean Pierre BAWELA","image":{"@type":"ImageObject","inLanguage":"fr-FR","@id":"https:\/\/macite.tg\/wp-content\/uploads\/2023\/09\/WhatsApp-Image-2023-09-19-at-14.44.41-122x122.jpeg","url":"https:\/\/macite.tg\/wp-content\/uploads\/2023\/09\/WhatsApp-Image-2023-09-19-at-14.44.41-122x122.jpeg","contentUrl":"https:\/\/macite.tg\/wp-content\/uploads\/2023\/09\/WhatsApp-Image-2023-09-19-at-14.44.41-122x122.jpeg","caption":"Jean Pierre BAWELA"},"url":"https:\/\/macite.tg\/?author=2"}]}},"_links":{"self":[{"href":"https:\/\/macite.tg\/index.php?rest_route=\/wp\/v2\/posts\/10061","targetHints":{"allow":["GET"]}}],"collection":[{"href":"https:\/\/macite.tg\/index.php?rest_route=\/wp\/v2\/posts"}],"about":[{"href":"https:\/\/macite.tg\/index.php?rest_route=\/wp\/v2\/types\/post"}],"author":[{"embeddable":true,"href":"https:\/\/macite.tg\/index.php?rest_route=\/wp\/v2\/users\/2"}],"replies":[{"embeddable":true,"href":"https:\/\/macite.tg\/index.php?rest_route=%2Fwp%2Fv2%2Fcomments&post=10061"}],"version-history":[{"count":0,"href":"https:\/\/macite.tg\/index.php?rest_route=\/wp\/v2\/posts\/10061\/revisions"}],"wp:featuredmedia":[{"embeddable":true,"href":"https:\/\/macite.tg\/index.php?rest_route=\/wp\/v2\/media\/10071"}],"wp:attachment":[{"href":"https:\/\/macite.tg\/index.php?rest_route=%2Fwp%2Fv2%2Fmedia&parent=10061"}],"wp:term":[{"taxonomy":"category","embeddable":true,"href":"https:\/\/macite.tg\/index.php?rest_route=%2Fwp%2Fv2%2Fcategories&post=10061"},{"taxonomy":"post_tag","embeddable":true,"href":"https:\/\/macite.tg\/index.php?rest_route=%2Fwp%2Fv2%2Ftags&post=10061"}],"curies":[{"name":"wp","href":"https:\/\/api.w.org\/{rel}","templated":true}]}}