{"id":10054,"date":"2023-10-30T21:07:34","date_gmt":"2023-10-30T21:07:34","guid":{"rendered":"https:\/\/macite.tg\/?p=10054"},"modified":"2023-10-30T21:07:36","modified_gmt":"2023-10-30T21:07:36","slug":"2e-conference-pour-le-dialogue-et-la-paix-au-sahara-les-participants-invitent-la-communaute-internationale-a-oeuvrer-pour-la-promotion-de-la-paix","status":"publish","type":"post","link":"https:\/\/macite.tg\/?p=10054","title":{"rendered":"2E CONF\u00c9RENCE POUR LE DIALOGUE ET LA PAIX AU SAHARA\u00a0: Les participants invitent la communaut\u00e9 internationale \u00e0 \u0153uvrer pour la promotion de la paix"},"content":{"rendered":"\n<p class=\"wp-block-paragraph\"><strong><em>Du 27 au 28 octobre dernier, les acteurs de premier plan du conflit au Sahara \u00e9taient r\u00e9unis \u00e0 Dakar, au S\u00e9n\u00e9gal, dans le cadre de la Seconde Conf\u00e9rence pour le dialogue et la paix au Sahara. \u00a0Organis\u00e9e par le Mouvement des sahraouis pour la paix (Msp), un mouvement politique \u00e9mergent, cette rencontre a \u00e9t\u00e9 une occasion pour les participants \u00ab\u00a0de mettre la lumi\u00e8re sur le conflit du Sahara et d\u2019\u00e9claircir l\u2019opinion internationale sur quelques aspects de ce dossier\u00a0\u00bb.<\/em><\/strong><\/p>\n\n\n\n<p class=\"wp-block-paragraph\">La Seconde Conf\u00e9rence pour le dialogue et la paix au Sahara, organis\u00e9e par le Mouvement des Sahraouis pour la Paix (Msp), a r\u00e9uni, du 27 au 28 Octobre 2023 \u00e0 Dakar, diff\u00e9rents acteurs et protagonistes, notamment <em>\u00ab&nbsp;les <\/em><em>sahraouis qui ne s\u2019identifient pas avec le projet politique du Polisario&nbsp;\u00bb<\/em> et ceux des Provinces du Sud marocaines et les Sahraouis des camps de Tindouf, afin de trouver une solution pacifique du conflit du Sahara.<\/p>\n\n\n<div class=\"wp-block-image\">\n<figure class=\"aligncenter size-large is-resized\"><img loading=\"lazy\" decoding=\"async\" src=\"https:\/\/macite.tg\/wp-content\/uploads\/2023\/10\/IMG-20231027-WA00501-1024x1024.jpg\" alt=\"\" class=\"wp-image-9974\" width=\"581\" height=\"581\" srcset=\"https:\/\/macite.tg\/wp-content\/uploads\/2023\/10\/IMG-20231027-WA00501-1024x1024.jpg 1024w, https:\/\/macite.tg\/wp-content\/uploads\/2023\/10\/IMG-20231027-WA00501-300x300.jpg 300w, https:\/\/macite.tg\/wp-content\/uploads\/2023\/10\/IMG-20231027-WA00501-150x150.jpg 150w, https:\/\/macite.tg\/wp-content\/uploads\/2023\/10\/IMG-20231027-WA00501-768x768.jpg 768w, https:\/\/macite.tg\/wp-content\/uploads\/2023\/10\/IMG-20231027-WA00501-122x122.jpg 122w, https:\/\/macite.tg\/wp-content\/uploads\/2023\/10\/IMG-20231027-WA00501.jpg 1181w\" sizes=\"auto, (max-width: 581px) 100vw, 581px\" \/><\/figure>\n<\/div>\n\n\n<p class=\"wp-block-paragraph\">Les travaux (en pr\u00e9sentiels et par visioconf\u00e9rence) pr\u00e9sid\u00e9s par Lhaj Ahmed Barikalla, ont connu la participation d\u2019\u00e9minentes personnalit\u00e9s au rang desquelles <em>\u00ab&nbsp;Sem Domitien Ndayizeye, ancien Pr\u00e9sident du Burundi ;<\/em><em> <\/em><em>Monsieur Jos\u00e9 Bono Martinez, ancien Ministre de la D\u00e9fense espagnol ; Monsieur Miguel \u00c1ngel Rodriguez Mackay, ancien Ministre des Affaires \u00c9trang\u00e8res du P\u00e9rou;<\/em><em> <\/em><em>Monsieur Adalberto Carlos Agozino, politologue et Pr\u00e9sident de l\u2019Institut Argentin des \u00c9tudes Strat\u00e9giques ;<\/em><em> et <\/em><em>Monsieur Juan Fernando Aguilar, ancien Ministre de la Justice espagnol et actuel Eurod\u00e9put\u00e9 d<\/em><em>u Psoe&nbsp;\u00bb<\/em>.<\/p>\n\n\n\n<p class=\"wp-block-paragraph\">A l\u2019issue des travaux, un communiqu\u00e9 rassemblant les points de vue des participants mais aussi des recommandations, a \u00e9t\u00e9 rendu public. Il s\u2019agit essentiellement de&nbsp;: <em>\u00ab&nbsp;la cr\u00e9ation de structures africaines pour soutenir le Mouvement des Sahraouis pour la Paix&nbsp; dans ses activit\u00e9s&nbsp;; l\u2019implication du mouvement dans le processus de r\u00e9solution du conflit&nbsp;; et la reconnaissance par les grandes puissances du Mouvement des Sahraouis pour la Paix comme acteur important dans la r\u00e9solution de ce conflit&nbsp;\u00bb<\/em>.<\/p>\n\n\n\n<p class=\"wp-block-paragraph\">Notons que lors des travaux, plusieurs interventions ont \u00e9t\u00e9 enregistr\u00e9es. L\u2019ancien Pr\u00e9sident du Congr\u00e8s et Ancien Ministre de la D\u00e9fense du Royaume d\u2019Espagne, M. Jos\u00e9 Bono, a saisi l\u2019occasion de ce rendez-vous de Dakar pour partager <em>\u00ab&nbsp;les conclusions de sa visite aux provinces du sud marocaines en affirmant que ce territoire n\u2019est pas occup\u00e9, comme v\u00e9hicul\u00e9 par le Polisario, et qu\u2019il n\u2019a gu\u00e8re constat\u00e9 une quelconque oppression des populations&nbsp;\u00bb<\/em>.<\/p>\n\n\n\n<figure class=\"wp-block-image size-large\"><img loading=\"lazy\" decoding=\"async\" width=\"1024\" height=\"453\" src=\"https:\/\/macite.tg\/wp-content\/uploads\/2023\/10\/Afis-2023-1024x453.jpg\" alt=\"\" class=\"wp-image-10017\" srcset=\"https:\/\/macite.tg\/wp-content\/uploads\/2023\/10\/Afis-2023-1024x453.jpg 1024w, https:\/\/macite.tg\/wp-content\/uploads\/2023\/10\/Afis-2023-300x133.jpg 300w, https:\/\/macite.tg\/wp-content\/uploads\/2023\/10\/Afis-2023-768x340.jpg 768w, https:\/\/macite.tg\/wp-content\/uploads\/2023\/10\/Afis-2023.jpg 1200w\" sizes=\"auto, (max-width: 1024px) 100vw, 1024px\" \/><\/figure>\n\n\n\n<p class=\"wp-block-paragraph\">M. Jos\u00e9 Bono a rappel\u00e9, en tant qu\u2019ancien Ministre, que <em>\u00ab&nbsp;l\u2019Espagne s\u2019est retir\u00e9e en 1975 du Sahara en remettant le territoire au Maroc, qualifiant les sahraouis de population dispers\u00e9e et non pas de peuple constitu\u00e9&nbsp;\u00bb<\/em>.<\/p>\n\n\n\n<p class=\"wp-block-paragraph\">Tout en saluant l\u2019initiative marocaine d\u2019autonomie, comme <em>\u00ab&nbsp;la solution&nbsp;\u00bb<\/em> \u00e0 ce conflit, l\u2019ancien Ministre espagnol tire la sonnette d\u2019alarme sur le <em>\u00ab&nbsp;projet de cr\u00e9ation d\u2019un Etat au Sahara&nbsp;\u00bb, <\/em>qui constitue, selon lui, <em>\u00ab&nbsp;une menace pour la paix et la s\u00e9curit\u00e9 de la r\u00e9gion&nbsp;\u00bb<\/em>.<\/p>\n\n\n\n<p class=\"wp-block-paragraph\">Pour l\u2019ancien pr\u00e9sident burundais, SE. Domitien Ndayizeye, <em>\u00ab&nbsp;la question du Sahara est l\u2019une des plus anciennes en Afrique qui n\u00e9cessite une concertation directe entre les parties et l\u2019adoption d\u2019une approche globale et inclusive&nbsp;\u00bb.<\/em> L\u2019ex chef d\u2019Etat n\u2019a pas manqu\u00e9 d\u2019<em>\u00ab&nbsp;attirer l\u2019attention des participants sur l\u2019exploitation et l\u2019instrumentalisation de ce conflit par des parties tierces sur le dos et des vies des Sahraouis&nbsp;\u00bb<\/em>.<\/p>\n\n\n\n<p class=\"wp-block-paragraph\">Des voies se sont \u00e9galement \u00e9lev\u00e9es pour condamner <em>\u00ab&nbsp;les agissements du front Polisario et son attitude intransigeante dans ce conflit&nbsp;\u00bb<\/em> qui, selon le politologue argentin Adalberto Carlos Agozino, contribuent \u00e0 <em>\u00ab&nbsp;aggraver la situation humanitaire dans de Tindouf, privent les Sahraouis des camps de regagner la patrie et vivre normale et b\u00e9n\u00e9ficier du bien-\u00eatre qui leur offre leur pays d\u2019origine&nbsp;\u00bb.<\/em><\/p>\n\n\n<div class=\"wp-block-image\">\n<figure class=\"aligncenter size-large is-resized\"><img loading=\"lazy\" decoding=\"async\" src=\"https:\/\/macite.tg\/wp-content\/uploads\/2023\/10\/IMG-20231027-WA00491-1024x1024.jpg\" alt=\"\" class=\"wp-image-9973\" width=\"518\" height=\"518\" srcset=\"https:\/\/macite.tg\/wp-content\/uploads\/2023\/10\/IMG-20231027-WA00491-1024x1024.jpg 1024w, https:\/\/macite.tg\/wp-content\/uploads\/2023\/10\/IMG-20231027-WA00491-300x300.jpg 300w, https:\/\/macite.tg\/wp-content\/uploads\/2023\/10\/IMG-20231027-WA00491-150x150.jpg 150w, https:\/\/macite.tg\/wp-content\/uploads\/2023\/10\/IMG-20231027-WA00491-768x768.jpg 768w, https:\/\/macite.tg\/wp-content\/uploads\/2023\/10\/IMG-20231027-WA00491-122x122.jpg 122w, https:\/\/macite.tg\/wp-content\/uploads\/2023\/10\/IMG-20231027-WA00491.jpg 1181w\" sizes=\"auto, (max-width: 518px) 100vw, 518px\" \/><\/figure>\n<\/div>\n\n\n<p class=\"wp-block-paragraph\">Et dans la m\u00eame veine, le politologue argentin a relev\u00e9 que le Mouvement des sahraouis pour la paix devrait recevoir <em>\u00ab&nbsp;recevoir le soutien de la communaut\u00e9 internationale pour pouvoir construire une logique d\u2019ensemble constructive o\u00f9 sont respect\u00e9s les int\u00e9r\u00eats et les besoins de tous les Sahraouis et o\u00f9 toutes les parties sont gagnantes&nbsp;\u00bb.<\/em> Il a pour finir <em>\u00ab&nbsp;invit\u00e9 la communaut\u00e9 internationale \u00e0 \u0153uvrer pour la promotion de la paix au Sahara et pour une solution de compromis au conflit&nbsp;\u00bb.<\/em><\/p>\n\n\n\n<p class=\"wp-block-paragraph\"><strong>MC<\/strong><\/p>\n\n\n\n<p class=\"wp-block-paragraph\"><strong><em>@macite.tg&nbsp;&nbsp;&nbsp;&nbsp;&nbsp;&nbsp;&nbsp;&nbsp;<\/em><\/strong><\/p>\n\n\n\n<p class=\"wp-block-paragraph\"><strong><em>E-mail&nbsp;: <\/em><\/strong><a href=\"mailto:maciteinfo@gmail.com\"><strong><em>maciteinfo@gmail.com<\/em><\/strong><\/a><strong><em>; <\/em><\/strong><a href=\"mailto:bawela1@gmail.com\"><strong><em>bawela1@gmail.com<\/em><\/strong><\/a><strong><em><\/em><\/strong><\/p>\n\n\n\n<p class=\"wp-block-paragraph\"><strong><em>Pour vos annonces, (publi)reportages, etc., joignez nous au (00228)91515309\/<strong>79872224 <\/strong>www.macite.tg, L\u2019information, la bonne&nbsp;!<\/em><\/strong><\/p>\n","protected":false},"excerpt":{"rendered":"<p class=\"text-justify mb-2\" >Du 27 au 28 octobre dernier, les acteurs de premier plan du conflit au Sahara \u00e9taient r\u00e9unis \u00e0 Dakar, au S\u00e9n\u00e9gal, dans le cadre de la Seconde Conf\u00e9rence pour le dialogue et la paix au Sahara. \u00a0Organis\u00e9e par le Mouvement des sahraouis pour la paix [&hellip;]<\/p>\n","protected":false},"author":2,"featured_media":10055,"comment_status":"open","ping_status":"open","sticky":false,"template":"","format":"standard","meta":{"footnotes":""},"categories":[20,1],"tags":[],"class_list":["post-10054","post","type-post","status-publish","format-standard","has-post-thumbnail","hentry","category-actualite","category-politique"],"yoast_head":"<!-- This site is optimized with the Yoast SEO plugin v28.4 - https:\/\/yoast.com\/product\/yoast-seo-wordpress\/ -->\n<title>2E CONF\u00c9RENCE POUR LE DIALOGUE ET LA PAIX AU SAHARA\u00a0: Les participants invitent la communaut\u00e9 internationale \u00e0 \u0153uvrer pour la promotion de la paix -<\/title>\n<meta name=\"robots\" content=\"index, follow, max-snippet:-1, max-image-preview:large, max-video-preview:-1\" \/>\n<link rel=\"canonical\" href=\"https:\/\/macite.tg\/?p=10054\" \/>\n<meta property=\"og:locale\" content=\"fr_FR\" \/>\n<meta property=\"og:type\" content=\"article\" \/>\n<meta property=\"og:title\" content=\"2E CONF\u00c9RENCE POUR LE DIALOGUE ET LA PAIX AU SAHARA\u00a0: Les participants invitent la communaut\u00e9 internationale \u00e0 \u0153uvrer pour la promotion de la paix -\" \/>\n<meta property=\"og:description\" content=\"Du 27 au 28 octobre dernier, les acteurs de premier plan du conflit au Sahara \u00e9taient r\u00e9unis \u00e0 Dakar, au S\u00e9n\u00e9gal, dans le cadre de la Seconde Conf\u00e9rence pour le dialogue et la paix au Sahara. \u00a0Organis\u00e9e par le Mouvement des sahraouis pour la paix [&hellip;]\" \/>\n<meta property=\"og:url\" content=\"https:\/\/macite.tg\/?p=10054\" \/>\n<meta property=\"article:published_time\" content=\"2023-10-30T21:07:34+00:00\" \/>\n<meta property=\"article:modified_time\" content=\"2023-10-30T21:07:36+00:00\" \/>\n<meta property=\"og:image\" content=\"https:\/\/macite.tg\/wp-content\/uploads\/2023\/10\/MSP.jpg\" \/>\n\t<meta property=\"og:image:width\" content=\"479\" \/>\n\t<meta property=\"og:image:height\" content=\"135\" \/>\n\t<meta property=\"og:image:type\" content=\"image\/jpeg\" \/>\n<meta name=\"author\" content=\"Jean Pierre BAWELA\" \/>\n<meta name=\"twitter:card\" content=\"summary_large_image\" \/>\n<meta name=\"twitter:label1\" content=\"\u00c9crit par\" \/>\n\t<meta name=\"twitter:data1\" content=\"Jean Pierre BAWELA\" \/>\n\t<meta name=\"twitter:label2\" content=\"Dur\u00e9e de lecture estim\u00e9e\" \/>\n\t<meta name=\"twitter:data2\" content=\"4 minutes\" \/>\n<script type=\"application\/ld+json\" class=\"yoast-schema-graph\">{\"@context\":\"https:\\\/\\\/schema.org\",\"@graph\":[{\"@type\":\"Article\",\"@id\":\"https:\\\/\\\/macite.tg\\\/?p=10054#article\",\"isPartOf\":{\"@id\":\"https:\\\/\\\/macite.tg\\\/?p=10054\"},\"author\":{\"name\":\"Jean Pierre BAWELA\",\"@id\":\"https:\\\/\\\/macite.tg\\\/#\\\/schema\\\/person\\\/e9f2de7e5dbbe7770a9402c7ce82f5c2\"},\"headline\":\"2E CONF\u00c9RENCE POUR LE DIALOGUE ET LA PAIX AU SAHARA\u00a0: Les participants invitent la communaut\u00e9 internationale \u00e0 \u0153uvrer pour la promotion de la paix\",\"datePublished\":\"2023-10-30T21:07:34+00:00\",\"dateModified\":\"2023-10-30T21:07:36+00:00\",\"mainEntityOfPage\":{\"@id\":\"https:\\\/\\\/macite.tg\\\/?p=10054\"},\"wordCount\":815,\"commentCount\":0,\"image\":{\"@id\":\"https:\\\/\\\/macite.tg\\\/?p=10054#primaryimage\"},\"thumbnailUrl\":\"https:\\\/\\\/macite.tg\\\/wp-content\\\/uploads\\\/2023\\\/10\\\/MSP.jpg\",\"articleSection\":[\"ACTUALITE\",\"POLITIQUE\"],\"inLanguage\":\"fr-FR\",\"potentialAction\":[{\"@type\":\"CommentAction\",\"name\":\"Comment\",\"target\":[\"https:\\\/\\\/macite.tg\\\/?p=10054#respond\"]}]},{\"@type\":\"WebPage\",\"@id\":\"https:\\\/\\\/macite.tg\\\/?p=10054\",\"url\":\"https:\\\/\\\/macite.tg\\\/?p=10054\",\"name\":\"2E CONF\u00c9RENCE POUR LE DIALOGUE ET LA PAIX AU SAHARA\u00a0: Les participants invitent la communaut\u00e9 internationale \u00e0 \u0153uvrer pour la promotion de la paix -\",\"isPartOf\":{\"@id\":\"https:\\\/\\\/macite.tg\\\/#website\"},\"primaryImageOfPage\":{\"@id\":\"https:\\\/\\\/macite.tg\\\/?p=10054#primaryimage\"},\"image\":{\"@id\":\"https:\\\/\\\/macite.tg\\\/?p=10054#primaryimage\"},\"thumbnailUrl\":\"https:\\\/\\\/macite.tg\\\/wp-content\\\/uploads\\\/2023\\\/10\\\/MSP.jpg\",\"datePublished\":\"2023-10-30T21:07:34+00:00\",\"dateModified\":\"2023-10-30T21:07:36+00:00\",\"author\":{\"@id\":\"https:\\\/\\\/macite.tg\\\/#\\\/schema\\\/person\\\/e9f2de7e5dbbe7770a9402c7ce82f5c2\"},\"breadcrumb\":{\"@id\":\"https:\\\/\\\/macite.tg\\\/?p=10054#breadcrumb\"},\"inLanguage\":\"fr-FR\",\"potentialAction\":[{\"@type\":\"ReadAction\",\"target\":[\"https:\\\/\\\/macite.tg\\\/?p=10054\"]}]},{\"@type\":\"ImageObject\",\"inLanguage\":\"fr-FR\",\"@id\":\"https:\\\/\\\/macite.tg\\\/?p=10054#primaryimage\",\"url\":\"https:\\\/\\\/macite.tg\\\/wp-content\\\/uploads\\\/2023\\\/10\\\/MSP.jpg\",\"contentUrl\":\"https:\\\/\\\/macite.tg\\\/wp-content\\\/uploads\\\/2023\\\/10\\\/MSP.jpg\",\"width\":479,\"height\":135},{\"@type\":\"BreadcrumbList\",\"@id\":\"https:\\\/\\\/macite.tg\\\/?p=10054#breadcrumb\",\"itemListElement\":[{\"@type\":\"ListItem\",\"position\":1,\"name\":\"Accueil\",\"item\":\"https:\\\/\\\/macite.tg\\\/\"},{\"@type\":\"ListItem\",\"position\":2,\"name\":\"2E CONF\u00c9RENCE POUR LE DIALOGUE ET LA PAIX AU SAHARA\u00a0: Les participants invitent la communaut\u00e9 internationale \u00e0 \u0153uvrer pour la promotion de la paix\"}]},{\"@type\":\"WebSite\",\"@id\":\"https:\\\/\\\/macite.tg\\\/#website\",\"url\":\"https:\\\/\\\/macite.tg\\\/\",\"name\":\"\",\"description\":\"L&#039;information, la bonne!!!\",\"potentialAction\":[{\"@type\":\"SearchAction\",\"target\":{\"@type\":\"EntryPoint\",\"urlTemplate\":\"https:\\\/\\\/macite.tg\\\/?s={search_term_string}\"},\"query-input\":{\"@type\":\"PropertyValueSpecification\",\"valueRequired\":true,\"valueName\":\"search_term_string\"}}],\"inLanguage\":\"fr-FR\"},{\"@type\":\"Person\",\"@id\":\"https:\\\/\\\/macite.tg\\\/#\\\/schema\\\/person\\\/e9f2de7e5dbbe7770a9402c7ce82f5c2\",\"name\":\"Jean Pierre BAWELA\",\"image\":{\"@type\":\"ImageObject\",\"inLanguage\":\"fr-FR\",\"@id\":\"https:\\\/\\\/macite.tg\\\/wp-content\\\/uploads\\\/2023\\\/09\\\/WhatsApp-Image-2023-09-19-at-14.44.41-122x122.jpeg\",\"url\":\"https:\\\/\\\/macite.tg\\\/wp-content\\\/uploads\\\/2023\\\/09\\\/WhatsApp-Image-2023-09-19-at-14.44.41-122x122.jpeg\",\"contentUrl\":\"https:\\\/\\\/macite.tg\\\/wp-content\\\/uploads\\\/2023\\\/09\\\/WhatsApp-Image-2023-09-19-at-14.44.41-122x122.jpeg\",\"caption\":\"Jean Pierre BAWELA\"},\"url\":\"https:\\\/\\\/macite.tg\\\/?author=2\"}]}<\/script>\n<!-- \/ Yoast SEO plugin. -->","yoast_head_json":{"title":"2E CONF\u00c9RENCE POUR LE DIALOGUE ET LA PAIX AU SAHARA\u00a0: Les participants invitent la communaut\u00e9 internationale \u00e0 \u0153uvrer pour la promotion de la paix -","robots":{"index":"index","follow":"follow","max-snippet":"max-snippet:-1","max-image-preview":"max-image-preview:large","max-video-preview":"max-video-preview:-1"},"canonical":"https:\/\/macite.tg\/?p=10054","og_locale":"fr_FR","og_type":"article","og_title":"2E CONF\u00c9RENCE POUR LE DIALOGUE ET LA PAIX AU SAHARA\u00a0: Les participants invitent la communaut\u00e9 internationale \u00e0 \u0153uvrer pour la promotion de la paix -","og_description":"Du 27 au 28 octobre dernier, les acteurs de premier plan du conflit au Sahara \u00e9taient r\u00e9unis \u00e0 Dakar, au S\u00e9n\u00e9gal, dans le cadre de la Seconde Conf\u00e9rence pour le dialogue et la paix au Sahara. \u00a0Organis\u00e9e par le Mouvement des sahraouis pour la paix [&hellip;]","og_url":"https:\/\/macite.tg\/?p=10054","article_published_time":"2023-10-30T21:07:34+00:00","article_modified_time":"2023-10-30T21:07:36+00:00","og_image":[{"width":479,"height":135,"url":"https:\/\/macite.tg\/wp-content\/uploads\/2023\/10\/MSP.jpg","type":"image\/jpeg"}],"author":"Jean Pierre BAWELA","twitter_card":"summary_large_image","twitter_misc":{"\u00c9crit par":"Jean Pierre BAWELA","Dur\u00e9e de lecture estim\u00e9e":"4 minutes"},"schema":{"@context":"https:\/\/schema.org","@graph":[{"@type":"Article","@id":"https:\/\/macite.tg\/?p=10054#article","isPartOf":{"@id":"https:\/\/macite.tg\/?p=10054"},"author":{"name":"Jean Pierre BAWELA","@id":"https:\/\/macite.tg\/#\/schema\/person\/e9f2de7e5dbbe7770a9402c7ce82f5c2"},"headline":"2E CONF\u00c9RENCE POUR LE DIALOGUE ET LA PAIX AU SAHARA\u00a0: Les participants invitent la communaut\u00e9 internationale \u00e0 \u0153uvrer pour la promotion de la paix","datePublished":"2023-10-30T21:07:34+00:00","dateModified":"2023-10-30T21:07:36+00:00","mainEntityOfPage":{"@id":"https:\/\/macite.tg\/?p=10054"},"wordCount":815,"commentCount":0,"image":{"@id":"https:\/\/macite.tg\/?p=10054#primaryimage"},"thumbnailUrl":"https:\/\/macite.tg\/wp-content\/uploads\/2023\/10\/MSP.jpg","articleSection":["ACTUALITE","POLITIQUE"],"inLanguage":"fr-FR","potentialAction":[{"@type":"CommentAction","name":"Comment","target":["https:\/\/macite.tg\/?p=10054#respond"]}]},{"@type":"WebPage","@id":"https:\/\/macite.tg\/?p=10054","url":"https:\/\/macite.tg\/?p=10054","name":"2E CONF\u00c9RENCE POUR LE DIALOGUE ET LA PAIX AU SAHARA\u00a0: Les participants invitent la communaut\u00e9 internationale \u00e0 \u0153uvrer pour la promotion de la paix -","isPartOf":{"@id":"https:\/\/macite.tg\/#website"},"primaryImageOfPage":{"@id":"https:\/\/macite.tg\/?p=10054#primaryimage"},"image":{"@id":"https:\/\/macite.tg\/?p=10054#primaryimage"},"thumbnailUrl":"https:\/\/macite.tg\/wp-content\/uploads\/2023\/10\/MSP.jpg","datePublished":"2023-10-30T21:07:34+00:00","dateModified":"2023-10-30T21:07:36+00:00","author":{"@id":"https:\/\/macite.tg\/#\/schema\/person\/e9f2de7e5dbbe7770a9402c7ce82f5c2"},"breadcrumb":{"@id":"https:\/\/macite.tg\/?p=10054#breadcrumb"},"inLanguage":"fr-FR","potentialAction":[{"@type":"ReadAction","target":["https:\/\/macite.tg\/?p=10054"]}]},{"@type":"ImageObject","inLanguage":"fr-FR","@id":"https:\/\/macite.tg\/?p=10054#primaryimage","url":"https:\/\/macite.tg\/wp-content\/uploads\/2023\/10\/MSP.jpg","contentUrl":"https:\/\/macite.tg\/wp-content\/uploads\/2023\/10\/MSP.jpg","width":479,"height":135},{"@type":"BreadcrumbList","@id":"https:\/\/macite.tg\/?p=10054#breadcrumb","itemListElement":[{"@type":"ListItem","position":1,"name":"Accueil","item":"https:\/\/macite.tg\/"},{"@type":"ListItem","position":2,"name":"2E CONF\u00c9RENCE POUR LE DIALOGUE ET LA PAIX AU SAHARA\u00a0: Les participants invitent la communaut\u00e9 internationale \u00e0 \u0153uvrer pour la promotion de la paix"}]},{"@type":"WebSite","@id":"https:\/\/macite.tg\/#website","url":"https:\/\/macite.tg\/","name":"","description":"L&#039;information, la bonne!!!","potentialAction":[{"@type":"SearchAction","target":{"@type":"EntryPoint","urlTemplate":"https:\/\/macite.tg\/?s={search_term_string}"},"query-input":{"@type":"PropertyValueSpecification","valueRequired":true,"valueName":"search_term_string"}}],"inLanguage":"fr-FR"},{"@type":"Person","@id":"https:\/\/macite.tg\/#\/schema\/person\/e9f2de7e5dbbe7770a9402c7ce82f5c2","name":"Jean Pierre BAWELA","image":{"@type":"ImageObject","inLanguage":"fr-FR","@id":"https:\/\/macite.tg\/wp-content\/uploads\/2023\/09\/WhatsApp-Image-2023-09-19-at-14.44.41-122x122.jpeg","url":"https:\/\/macite.tg\/wp-content\/uploads\/2023\/09\/WhatsApp-Image-2023-09-19-at-14.44.41-122x122.jpeg","contentUrl":"https:\/\/macite.tg\/wp-content\/uploads\/2023\/09\/WhatsApp-Image-2023-09-19-at-14.44.41-122x122.jpeg","caption":"Jean Pierre BAWELA"},"url":"https:\/\/macite.tg\/?author=2"}]}},"_links":{"self":[{"href":"https:\/\/macite.tg\/index.php?rest_route=\/wp\/v2\/posts\/10054","targetHints":{"allow":["GET"]}}],"collection":[{"href":"https:\/\/macite.tg\/index.php?rest_route=\/wp\/v2\/posts"}],"about":[{"href":"https:\/\/macite.tg\/index.php?rest_route=\/wp\/v2\/types\/post"}],"author":[{"embeddable":true,"href":"https:\/\/macite.tg\/index.php?rest_route=\/wp\/v2\/users\/2"}],"replies":[{"embeddable":true,"href":"https:\/\/macite.tg\/index.php?rest_route=%2Fwp%2Fv2%2Fcomments&post=10054"}],"version-history":[{"count":0,"href":"https:\/\/macite.tg\/index.php?rest_route=\/wp\/v2\/posts\/10054\/revisions"}],"wp:featuredmedia":[{"embeddable":true,"href":"https:\/\/macite.tg\/index.php?rest_route=\/wp\/v2\/media\/10055"}],"wp:attachment":[{"href":"https:\/\/macite.tg\/index.php?rest_route=%2Fwp%2Fv2%2Fmedia&parent=10054"}],"wp:term":[{"taxonomy":"category","embeddable":true,"href":"https:\/\/macite.tg\/index.php?rest_route=%2Fwp%2Fv2%2Fcategories&post=10054"},{"taxonomy":"post_tag","embeddable":true,"href":"https:\/\/macite.tg\/index.php?rest_route=%2Fwp%2Fv2%2Ftags&post=10054"}],"curies":[{"name":"wp","href":"https:\/\/api.w.org\/{rel}","templated":true}]}}