{"id":10043,"date":"2023-10-30T16:37:00","date_gmt":"2023-10-30T16:37:00","guid":{"rendered":"https:\/\/macite.tg\/?p=10043"},"modified":"2023-10-30T16:37:03","modified_gmt":"2023-10-30T16:37:03","slug":"attaque-des-smara-le-polisario-revendique-loperation-qui-a-coute-la-vie-a-un-jeune-marocain","status":"publish","type":"post","link":"https:\/\/macite.tg\/?p=10043","title":{"rendered":"ATTAQUE D\u2019ES-SMARA\u00a0: Le Polisario revendique l\u2019op\u00e9ration qui a co\u00fbt\u00e9 la vie \u00e0 un jeune Marocain"},"content":{"rendered":"\n<p class=\"wp-block-paragraph\"><strong><em>Un mort et trois bless\u00e9s, c\u2019est le bilan de l\u2019attaque de la ville d\u2019Es-Smara, survenue hier dimanche 29 octobre autour d\u2019une heure du matin. Alors que Le Parquet a annonc\u00e9, dans la foul\u00e9e, l\u2019ouverture d\u2019une enqu\u00eate, le Front Polisario revendique cette attaque qui, selon lui, aurait touch\u00e9 quatre zones d\u2019impact.<\/em><\/strong><\/p>\n\n\n\n<p class=\"wp-block-paragraph\">Dans un communiqu\u00e9 rendu public hier dimanche 29 octobre, le Front Polisario revendique l\u2019attaque de la ville d\u2019Es-Smara, dans le Sahara, attaque qui a fait une victime, un jeune Marocain r\u00e9sident en France, et trois bless\u00e9s.<\/p>\n\n\n<div class=\"wp-block-image\">\n<figure class=\"aligncenter size-large is-resized\"><img loading=\"lazy\" decoding=\"async\" src=\"https:\/\/macite.tg\/wp-content\/uploads\/2023\/10\/IMG-20231027-WA00491-1024x1024.jpg\" alt=\"\" class=\"wp-image-9973\" width=\"517\" height=\"517\" srcset=\"https:\/\/macite.tg\/wp-content\/uploads\/2023\/10\/IMG-20231027-WA00491-1024x1024.jpg 1024w, https:\/\/macite.tg\/wp-content\/uploads\/2023\/10\/IMG-20231027-WA00491-300x300.jpg 300w, https:\/\/macite.tg\/wp-content\/uploads\/2023\/10\/IMG-20231027-WA00491-150x150.jpg 150w, https:\/\/macite.tg\/wp-content\/uploads\/2023\/10\/IMG-20231027-WA00491-768x768.jpg 768w, https:\/\/macite.tg\/wp-content\/uploads\/2023\/10\/IMG-20231027-WA00491-122x122.jpg 122w, https:\/\/macite.tg\/wp-content\/uploads\/2023\/10\/IMG-20231027-WA00491.jpg 1181w\" sizes=\"auto, (max-width: 517px) 100vw, 517px\" \/><\/figure>\n<\/div>\n\n\n<p class=\"wp-block-paragraph\">Selon le Polisario, cette attaque qui aurait fait de <em>\u00ab&nbsp;lourdes pertes dans les tranch\u00e9es ennemies&nbsp;\u00bb,<\/em> sans faire mention des victimes civiles, reste muet quant \u00e0 l\u2019enqu\u00eate ouverte par Rabat.<\/p>\n\n\n\n<p class=\"wp-block-paragraph\">Cette attaque, comme indiquent des sources concordantes, <em>\u00ab&nbsp;a touch\u00e9 quatre zones d\u2019impact, au niveau de trois quartiers de la ville d\u2019Es-Smara&nbsp;\u00bb.<\/em> Les premi\u00e8res images publi\u00e9es et authentifi\u00e9es par <em>Le Deske,<\/em> r\u00e9v\u00e8lent <em>\u00ab&nbsp;des traces d\u2019\u00e9clats d\u2019obus au niveau de murs d\u2019habitations&nbsp;\u00bb<\/em>.<\/p>\n\n\n\n<p class=\"wp-block-paragraph\">Faisant suite au communiqu\u00e9 du Front Polisario, un article d\u2019ECSahroui se montre plus conciliateur, et indique que les attaques men\u00e9es sur un <em>\u00ab&nbsp;vaste secteur d\u2019Es-Smara&nbsp;\u00bb<\/em> par les \u00e9l\u00e9ments Sahraouis, n\u2019ont pas fait cependant de victimes civiles.<\/p>\n\n\n<div class=\"wp-block-image\">\n<figure class=\"aligncenter size-large is-resized\"><img loading=\"lazy\" decoding=\"async\" src=\"https:\/\/macite.tg\/wp-content\/uploads\/2023\/10\/IMG-20231027-WA00501-1024x1024.jpg\" alt=\"\" class=\"wp-image-9974\" width=\"569\" height=\"569\" srcset=\"https:\/\/macite.tg\/wp-content\/uploads\/2023\/10\/IMG-20231027-WA00501-1024x1024.jpg 1024w, https:\/\/macite.tg\/wp-content\/uploads\/2023\/10\/IMG-20231027-WA00501-300x300.jpg 300w, https:\/\/macite.tg\/wp-content\/uploads\/2023\/10\/IMG-20231027-WA00501-150x150.jpg 150w, https:\/\/macite.tg\/wp-content\/uploads\/2023\/10\/IMG-20231027-WA00501-768x768.jpg 768w, https:\/\/macite.tg\/wp-content\/uploads\/2023\/10\/IMG-20231027-WA00501-122x122.jpg 122w, https:\/\/macite.tg\/wp-content\/uploads\/2023\/10\/IMG-20231027-WA00501.jpg 1181w\" sizes=\"auto, (max-width: 569px) 100vw, 569px\" \/><\/figure>\n<\/div>\n\n\n<p class=\"wp-block-paragraph\">Notons que la ville d\u2019Es-Smara, situ\u00e9e \u00e0 une quarantaine de kilom\u00e8tres du mur de d\u00e9fense, est \u00e0 la <em>\u00ab&nbsp;port\u00e9e d\u2019un certain type d\u2019armement utilis\u00e9 par le Polisario et conforme aux d\u00e9g\u00e2ts occasionn\u00e9s&nbsp;\u00bb.<\/em><\/p>\n\n\n\n<p class=\"wp-block-paragraph\"><strong>MC<\/strong><\/p>\n\n\n\n<p class=\"wp-block-paragraph\"><strong><em>@macite.tg&nbsp;&nbsp;&nbsp;&nbsp;&nbsp;&nbsp;&nbsp;&nbsp;<\/em><\/strong><\/p>\n\n\n\n<p class=\"wp-block-paragraph\"><strong><em>E-mail&nbsp;: <\/em><\/strong><a href=\"mailto:maciteinfo@gmail.com\"><strong><em>maciteinfo@gmail.com<\/em><\/strong><\/a><strong><em>; <\/em><\/strong><a href=\"mailto:bawela1@gmail.com\"><strong><em>bawela1@gmail.com<\/em><\/strong><\/a><strong><em><\/em><\/strong><\/p>\n\n\n\n<p class=\"wp-block-paragraph\"><strong><em>Pour vos annonces, (publi)reportages, etc., joignez nous au (00228)91515309\/<strong>79872224 <\/strong>www.macite.tg, L\u2019information, la bonne&nbsp;!<\/em><\/strong><\/p>\n","protected":false},"excerpt":{"rendered":"<p class=\"text-justify mb-2\" >Un mort et trois bless\u00e9s, c\u2019est le bilan de l\u2019attaque de la ville d\u2019Es-Smara, survenue hier dimanche 29 octobre autour d\u2019une heure du matin. Alors que Le Parquet a annonc\u00e9, dans la foul\u00e9e, l\u2019ouverture d\u2019une enqu\u00eate, le Front Polisario revendique cette attaque qui, selon lui, [&hellip;]<\/p>\n","protected":false},"author":2,"featured_media":10049,"comment_status":"open","ping_status":"open","sticky":false,"template":"","format":"standard","meta":{"footnotes":""},"categories":[20,28],"tags":[],"class_list":["post-10043","post","type-post","status-publish","format-standard","has-post-thumbnail","hentry","category-actualite","category-securite"],"yoast_head":"<!-- This site is optimized with the Yoast SEO plugin v28.4 - https:\/\/yoast.com\/product\/yoast-seo-wordpress\/ -->\n<title>ATTAQUE D\u2019ES-SMARA\u00a0: Le Polisario revendique l\u2019op\u00e9ration qui a co\u00fbt\u00e9 la vie \u00e0 un jeune Marocain -<\/title>\n<meta name=\"robots\" content=\"index, follow, max-snippet:-1, max-image-preview:large, max-video-preview:-1\" \/>\n<link rel=\"canonical\" href=\"https:\/\/macite.tg\/?p=10043\" \/>\n<meta property=\"og:locale\" content=\"fr_FR\" \/>\n<meta property=\"og:type\" content=\"article\" \/>\n<meta property=\"og:title\" content=\"ATTAQUE D\u2019ES-SMARA\u00a0: Le Polisario revendique l\u2019op\u00e9ration qui a co\u00fbt\u00e9 la vie \u00e0 un jeune Marocain -\" \/>\n<meta property=\"og:description\" content=\"Un mort et trois bless\u00e9s, c\u2019est le bilan de l\u2019attaque de la ville d\u2019Es-Smara, survenue hier dimanche 29 octobre autour d\u2019une heure du matin. Alors que Le Parquet a annonc\u00e9, dans la foul\u00e9e, l\u2019ouverture d\u2019une enqu\u00eate, le Front Polisario revendique cette attaque qui, selon lui, [&hellip;]\" \/>\n<meta property=\"og:url\" content=\"https:\/\/macite.tg\/?p=10043\" \/>\n<meta property=\"article:published_time\" content=\"2023-10-30T16:37:00+00:00\" \/>\n<meta property=\"article:modified_time\" content=\"2023-10-30T16:37:03+00:00\" \/>\n<meta property=\"og:image\" content=\"https:\/\/macite.tg\/wp-content\/uploads\/2023\/10\/IMG-20231030-WA0117.jpg\" \/>\n\t<meta property=\"og:image:width\" content=\"300\" \/>\n\t<meta property=\"og:image:height\" content=\"168\" \/>\n\t<meta property=\"og:image:type\" content=\"image\/jpeg\" \/>\n<meta name=\"author\" content=\"Jean Pierre BAWELA\" \/>\n<meta name=\"twitter:card\" content=\"summary_large_image\" \/>\n<meta name=\"twitter:label1\" content=\"\u00c9crit par\" \/>\n\t<meta name=\"twitter:data1\" content=\"Jean Pierre BAWELA\" \/>\n\t<meta name=\"twitter:label2\" content=\"Dur\u00e9e de lecture estim\u00e9e\" \/>\n\t<meta name=\"twitter:data2\" content=\"2 minutes\" \/>\n<script type=\"application\/ld+json\" class=\"yoast-schema-graph\">{\"@context\":\"https:\\\/\\\/schema.org\",\"@graph\":[{\"@type\":\"Article\",\"@id\":\"https:\\\/\\\/macite.tg\\\/?p=10043#article\",\"isPartOf\":{\"@id\":\"https:\\\/\\\/macite.tg\\\/?p=10043\"},\"author\":{\"name\":\"Jean Pierre BAWELA\",\"@id\":\"https:\\\/\\\/macite.tg\\\/#\\\/schema\\\/person\\\/e9f2de7e5dbbe7770a9402c7ce82f5c2\"},\"headline\":\"ATTAQUE D\u2019ES-SMARA\u00a0: Le Polisario revendique l\u2019op\u00e9ration qui a co\u00fbt\u00e9 la vie \u00e0 un jeune Marocain\",\"datePublished\":\"2023-10-30T16:37:00+00:00\",\"dateModified\":\"2023-10-30T16:37:03+00:00\",\"mainEntityOfPage\":{\"@id\":\"https:\\\/\\\/macite.tg\\\/?p=10043\"},\"wordCount\":324,\"commentCount\":0,\"image\":{\"@id\":\"https:\\\/\\\/macite.tg\\\/?p=10043#primaryimage\"},\"thumbnailUrl\":\"https:\\\/\\\/macite.tg\\\/wp-content\\\/uploads\\\/2023\\\/10\\\/IMG-20231030-WA0117.jpg\",\"articleSection\":[\"ACTUALITE\",\"SECURITE\"],\"inLanguage\":\"fr-FR\",\"potentialAction\":[{\"@type\":\"CommentAction\",\"name\":\"Comment\",\"target\":[\"https:\\\/\\\/macite.tg\\\/?p=10043#respond\"]}]},{\"@type\":\"WebPage\",\"@id\":\"https:\\\/\\\/macite.tg\\\/?p=10043\",\"url\":\"https:\\\/\\\/macite.tg\\\/?p=10043\",\"name\":\"ATTAQUE D\u2019ES-SMARA\u00a0: Le Polisario revendique l\u2019op\u00e9ration qui a co\u00fbt\u00e9 la vie \u00e0 un jeune Marocain -\",\"isPartOf\":{\"@id\":\"https:\\\/\\\/macite.tg\\\/#website\"},\"primaryImageOfPage\":{\"@id\":\"https:\\\/\\\/macite.tg\\\/?p=10043#primaryimage\"},\"image\":{\"@id\":\"https:\\\/\\\/macite.tg\\\/?p=10043#primaryimage\"},\"thumbnailUrl\":\"https:\\\/\\\/macite.tg\\\/wp-content\\\/uploads\\\/2023\\\/10\\\/IMG-20231030-WA0117.jpg\",\"datePublished\":\"2023-10-30T16:37:00+00:00\",\"dateModified\":\"2023-10-30T16:37:03+00:00\",\"author\":{\"@id\":\"https:\\\/\\\/macite.tg\\\/#\\\/schema\\\/person\\\/e9f2de7e5dbbe7770a9402c7ce82f5c2\"},\"breadcrumb\":{\"@id\":\"https:\\\/\\\/macite.tg\\\/?p=10043#breadcrumb\"},\"inLanguage\":\"fr-FR\",\"potentialAction\":[{\"@type\":\"ReadAction\",\"target\":[\"https:\\\/\\\/macite.tg\\\/?p=10043\"]}]},{\"@type\":\"ImageObject\",\"inLanguage\":\"fr-FR\",\"@id\":\"https:\\\/\\\/macite.tg\\\/?p=10043#primaryimage\",\"url\":\"https:\\\/\\\/macite.tg\\\/wp-content\\\/uploads\\\/2023\\\/10\\\/IMG-20231030-WA0117.jpg\",\"contentUrl\":\"https:\\\/\\\/macite.tg\\\/wp-content\\\/uploads\\\/2023\\\/10\\\/IMG-20231030-WA0117.jpg\",\"width\":300,\"height\":168},{\"@type\":\"BreadcrumbList\",\"@id\":\"https:\\\/\\\/macite.tg\\\/?p=10043#breadcrumb\",\"itemListElement\":[{\"@type\":\"ListItem\",\"position\":1,\"name\":\"Accueil\",\"item\":\"https:\\\/\\\/macite.tg\\\/\"},{\"@type\":\"ListItem\",\"position\":2,\"name\":\"ATTAQUE D\u2019ES-SMARA\u00a0: Le Polisario revendique l\u2019op\u00e9ration qui a co\u00fbt\u00e9 la vie \u00e0 un jeune Marocain\"}]},{\"@type\":\"WebSite\",\"@id\":\"https:\\\/\\\/macite.tg\\\/#website\",\"url\":\"https:\\\/\\\/macite.tg\\\/\",\"name\":\"\",\"description\":\"L&#039;information, la bonne!!!\",\"potentialAction\":[{\"@type\":\"SearchAction\",\"target\":{\"@type\":\"EntryPoint\",\"urlTemplate\":\"https:\\\/\\\/macite.tg\\\/?s={search_term_string}\"},\"query-input\":{\"@type\":\"PropertyValueSpecification\",\"valueRequired\":true,\"valueName\":\"search_term_string\"}}],\"inLanguage\":\"fr-FR\"},{\"@type\":\"Person\",\"@id\":\"https:\\\/\\\/macite.tg\\\/#\\\/schema\\\/person\\\/e9f2de7e5dbbe7770a9402c7ce82f5c2\",\"name\":\"Jean Pierre BAWELA\",\"image\":{\"@type\":\"ImageObject\",\"inLanguage\":\"fr-FR\",\"@id\":\"https:\\\/\\\/macite.tg\\\/wp-content\\\/uploads\\\/2023\\\/09\\\/WhatsApp-Image-2023-09-19-at-14.44.41-122x122.jpeg\",\"url\":\"https:\\\/\\\/macite.tg\\\/wp-content\\\/uploads\\\/2023\\\/09\\\/WhatsApp-Image-2023-09-19-at-14.44.41-122x122.jpeg\",\"contentUrl\":\"https:\\\/\\\/macite.tg\\\/wp-content\\\/uploads\\\/2023\\\/09\\\/WhatsApp-Image-2023-09-19-at-14.44.41-122x122.jpeg\",\"caption\":\"Jean Pierre BAWELA\"},\"url\":\"https:\\\/\\\/macite.tg\\\/?author=2\"}]}<\/script>\n<!-- \/ Yoast SEO plugin. -->","yoast_head_json":{"title":"ATTAQUE D\u2019ES-SMARA\u00a0: Le Polisario revendique l\u2019op\u00e9ration qui a co\u00fbt\u00e9 la vie \u00e0 un jeune Marocain -","robots":{"index":"index","follow":"follow","max-snippet":"max-snippet:-1","max-image-preview":"max-image-preview:large","max-video-preview":"max-video-preview:-1"},"canonical":"https:\/\/macite.tg\/?p=10043","og_locale":"fr_FR","og_type":"article","og_title":"ATTAQUE D\u2019ES-SMARA\u00a0: Le Polisario revendique l\u2019op\u00e9ration qui a co\u00fbt\u00e9 la vie \u00e0 un jeune Marocain -","og_description":"Un mort et trois bless\u00e9s, c\u2019est le bilan de l\u2019attaque de la ville d\u2019Es-Smara, survenue hier dimanche 29 octobre autour d\u2019une heure du matin. Alors que Le Parquet a annonc\u00e9, dans la foul\u00e9e, l\u2019ouverture d\u2019une enqu\u00eate, le Front Polisario revendique cette attaque qui, selon lui, [&hellip;]","og_url":"https:\/\/macite.tg\/?p=10043","article_published_time":"2023-10-30T16:37:00+00:00","article_modified_time":"2023-10-30T16:37:03+00:00","og_image":[{"width":300,"height":168,"url":"https:\/\/macite.tg\/wp-content\/uploads\/2023\/10\/IMG-20231030-WA0117.jpg","type":"image\/jpeg"}],"author":"Jean Pierre BAWELA","twitter_card":"summary_large_image","twitter_misc":{"\u00c9crit par":"Jean Pierre BAWELA","Dur\u00e9e de lecture estim\u00e9e":"2 minutes"},"schema":{"@context":"https:\/\/schema.org","@graph":[{"@type":"Article","@id":"https:\/\/macite.tg\/?p=10043#article","isPartOf":{"@id":"https:\/\/macite.tg\/?p=10043"},"author":{"name":"Jean Pierre BAWELA","@id":"https:\/\/macite.tg\/#\/schema\/person\/e9f2de7e5dbbe7770a9402c7ce82f5c2"},"headline":"ATTAQUE D\u2019ES-SMARA\u00a0: Le Polisario revendique l\u2019op\u00e9ration qui a co\u00fbt\u00e9 la vie \u00e0 un jeune Marocain","datePublished":"2023-10-30T16:37:00+00:00","dateModified":"2023-10-30T16:37:03+00:00","mainEntityOfPage":{"@id":"https:\/\/macite.tg\/?p=10043"},"wordCount":324,"commentCount":0,"image":{"@id":"https:\/\/macite.tg\/?p=10043#primaryimage"},"thumbnailUrl":"https:\/\/macite.tg\/wp-content\/uploads\/2023\/10\/IMG-20231030-WA0117.jpg","articleSection":["ACTUALITE","SECURITE"],"inLanguage":"fr-FR","potentialAction":[{"@type":"CommentAction","name":"Comment","target":["https:\/\/macite.tg\/?p=10043#respond"]}]},{"@type":"WebPage","@id":"https:\/\/macite.tg\/?p=10043","url":"https:\/\/macite.tg\/?p=10043","name":"ATTAQUE D\u2019ES-SMARA\u00a0: Le Polisario revendique l\u2019op\u00e9ration qui a co\u00fbt\u00e9 la vie \u00e0 un jeune Marocain -","isPartOf":{"@id":"https:\/\/macite.tg\/#website"},"primaryImageOfPage":{"@id":"https:\/\/macite.tg\/?p=10043#primaryimage"},"image":{"@id":"https:\/\/macite.tg\/?p=10043#primaryimage"},"thumbnailUrl":"https:\/\/macite.tg\/wp-content\/uploads\/2023\/10\/IMG-20231030-WA0117.jpg","datePublished":"2023-10-30T16:37:00+00:00","dateModified":"2023-10-30T16:37:03+00:00","author":{"@id":"https:\/\/macite.tg\/#\/schema\/person\/e9f2de7e5dbbe7770a9402c7ce82f5c2"},"breadcrumb":{"@id":"https:\/\/macite.tg\/?p=10043#breadcrumb"},"inLanguage":"fr-FR","potentialAction":[{"@type":"ReadAction","target":["https:\/\/macite.tg\/?p=10043"]}]},{"@type":"ImageObject","inLanguage":"fr-FR","@id":"https:\/\/macite.tg\/?p=10043#primaryimage","url":"https:\/\/macite.tg\/wp-content\/uploads\/2023\/10\/IMG-20231030-WA0117.jpg","contentUrl":"https:\/\/macite.tg\/wp-content\/uploads\/2023\/10\/IMG-20231030-WA0117.jpg","width":300,"height":168},{"@type":"BreadcrumbList","@id":"https:\/\/macite.tg\/?p=10043#breadcrumb","itemListElement":[{"@type":"ListItem","position":1,"name":"Accueil","item":"https:\/\/macite.tg\/"},{"@type":"ListItem","position":2,"name":"ATTAQUE D\u2019ES-SMARA\u00a0: Le Polisario revendique l\u2019op\u00e9ration qui a co\u00fbt\u00e9 la vie \u00e0 un jeune Marocain"}]},{"@type":"WebSite","@id":"https:\/\/macite.tg\/#website","url":"https:\/\/macite.tg\/","name":"","description":"L&#039;information, la bonne!!!","potentialAction":[{"@type":"SearchAction","target":{"@type":"EntryPoint","urlTemplate":"https:\/\/macite.tg\/?s={search_term_string}"},"query-input":{"@type":"PropertyValueSpecification","valueRequired":true,"valueName":"search_term_string"}}],"inLanguage":"fr-FR"},{"@type":"Person","@id":"https:\/\/macite.tg\/#\/schema\/person\/e9f2de7e5dbbe7770a9402c7ce82f5c2","name":"Jean Pierre BAWELA","image":{"@type":"ImageObject","inLanguage":"fr-FR","@id":"https:\/\/macite.tg\/wp-content\/uploads\/2023\/09\/WhatsApp-Image-2023-09-19-at-14.44.41-122x122.jpeg","url":"https:\/\/macite.tg\/wp-content\/uploads\/2023\/09\/WhatsApp-Image-2023-09-19-at-14.44.41-122x122.jpeg","contentUrl":"https:\/\/macite.tg\/wp-content\/uploads\/2023\/09\/WhatsApp-Image-2023-09-19-at-14.44.41-122x122.jpeg","caption":"Jean Pierre BAWELA"},"url":"https:\/\/macite.tg\/?author=2"}]}},"_links":{"self":[{"href":"https:\/\/macite.tg\/index.php?rest_route=\/wp\/v2\/posts\/10043","targetHints":{"allow":["GET"]}}],"collection":[{"href":"https:\/\/macite.tg\/index.php?rest_route=\/wp\/v2\/posts"}],"about":[{"href":"https:\/\/macite.tg\/index.php?rest_route=\/wp\/v2\/types\/post"}],"author":[{"embeddable":true,"href":"https:\/\/macite.tg\/index.php?rest_route=\/wp\/v2\/users\/2"}],"replies":[{"embeddable":true,"href":"https:\/\/macite.tg\/index.php?rest_route=%2Fwp%2Fv2%2Fcomments&post=10043"}],"version-history":[{"count":0,"href":"https:\/\/macite.tg\/index.php?rest_route=\/wp\/v2\/posts\/10043\/revisions"}],"wp:featuredmedia":[{"embeddable":true,"href":"https:\/\/macite.tg\/index.php?rest_route=\/wp\/v2\/media\/10049"}],"wp:attachment":[{"href":"https:\/\/macite.tg\/index.php?rest_route=%2Fwp%2Fv2%2Fmedia&parent=10043"}],"wp:term":[{"taxonomy":"category","embeddable":true,"href":"https:\/\/macite.tg\/index.php?rest_route=%2Fwp%2Fv2%2Fcategories&post=10043"},{"taxonomy":"post_tag","embeddable":true,"href":"https:\/\/macite.tg\/index.php?rest_route=%2Fwp%2Fv2%2Ftags&post=10043"}],"curies":[{"name":"wp","href":"https:\/\/api.w.org\/{rel}","templated":true}]}}