{"id":10036,"date":"2023-10-30T14:17:04","date_gmt":"2023-10-30T14:17:04","guid":{"rendered":"https:\/\/macite.tg\/?p=10036"},"modified":"2023-10-30T14:17:05","modified_gmt":"2023-10-30T14:17:05","slug":"vincent-aboubakar-la-tres-mauvaise-nouvelle-a-03-mois-de-la-can-ci-2023","status":"publish","type":"post","link":"https:\/\/macite.tg\/?p=10036","title":{"rendered":"VINCENT ABOUBAKAR\u00a0: La tr\u00e8s mauvaise nouvelle \u00e0 03 mois de la Can CI 2023"},"content":{"rendered":"\n<p class=\"wp-block-paragraph\"><\/p>\n\n\n\n<p class=\"wp-block-paragraph\"><strong><em>Le club turc du Besiktas a confirm\u00e9 que son attaquant camerounais, Vincent Aboubakar, a \u00e9t\u00e9 admis \u00e0 l\u2019h\u00f4pital en raison de douleurs abdominales et d\u2019une fi\u00e8vre \u00e9lev\u00e9e survenues apr\u00e8s l\u2019entra\u00eenement de samedi dernier.<\/em><\/strong><\/p>\n\n\n\n<p class=\"wp-block-paragraph\">L\u2019attaquant des Lions Indomptables a pass\u00e9 la nuit \u00e0 l\u2019h\u00f4pital Ac\u0131badem Altunizade d\u2019Istanbul, o\u00f9 des proc\u00e9dures de diagnostic et de traitement sont en cours pour d\u00e9terminer la cause pr\u00e9cise de ses sympt\u00f4mes. Vincent Aboubakar, originaire de Garoua, qui a d\u00e9j\u00e0 connu un premier succ\u00e8s au Besiktas entre 2016 et 2021 avec 35 buts en 67 matchs, est revenu d\u00e9fendre les couleurs des Aigles Noirs l\u2019hiver dernier.<\/p>\n\n\n<div class=\"wp-block-image\">\n<figure class=\"aligncenter size-large is-resized\"><img loading=\"lazy\" decoding=\"async\" src=\"https:\/\/macite.tg\/wp-content\/uploads\/2023\/10\/IMG-20231027-WA00491-1024x1024.jpg\" alt=\"\" class=\"wp-image-9973\" width=\"458\" height=\"458\" srcset=\"https:\/\/macite.tg\/wp-content\/uploads\/2023\/10\/IMG-20231027-WA00491-1024x1024.jpg 1024w, https:\/\/macite.tg\/wp-content\/uploads\/2023\/10\/IMG-20231027-WA00491-300x300.jpg 300w, https:\/\/macite.tg\/wp-content\/uploads\/2023\/10\/IMG-20231027-WA00491-150x150.jpg 150w, https:\/\/macite.tg\/wp-content\/uploads\/2023\/10\/IMG-20231027-WA00491-768x768.jpg 768w, https:\/\/macite.tg\/wp-content\/uploads\/2023\/10\/IMG-20231027-WA00491-122x122.jpg 122w, https:\/\/macite.tg\/wp-content\/uploads\/2023\/10\/IMG-20231027-WA00491.jpg 1181w\" sizes=\"auto, (max-width: 458px) 100vw, 458px\" \/><\/figure>\n<\/div>\n\n\n<p class=\"wp-block-paragraph\">Au cours de la deuxi\u00e8me moiti\u00e9 de la saison derni\u00e8re, il a marqu\u00e9 11 buts en 16 matchs. Cette saison, le joueur de 31 ans a d\u00e9j\u00e0 inscrit 4 buts en 9 matchs de championnat, bien que son \u00e9quipe, les Noir et Blanc, ne soit actuellement que cinqui\u00e8me au classement (sur 20 \u00e9quipes) avec un match en retard.<\/p>\n\n\n\n<p class=\"wp-block-paragraph\">Vincent Aboubakar est un \u00e9l\u00e9ment cl\u00e9 de l\u2019attaque des Lions Indomptables, avec 98 s\u00e9lections et 37 buts depuis 2010. Pour l\u2019instant, la dur\u00e9e de son absence n\u2019a pas \u00e9t\u00e9 d\u00e9termin\u00e9e, en attendant le diagnostic, ce qui suscite des inqui\u00e9tudes \u00e0 l\u2019approche de la Can, qui d\u00e9butera dans deux mois et demi en C\u00f4te d\u2019Ivoire.<\/p>\n\n\n<div class=\"wp-block-image\">\n<figure class=\"aligncenter size-large is-resized\"><img loading=\"lazy\" decoding=\"async\" src=\"https:\/\/macite.tg\/wp-content\/uploads\/2023\/10\/IMG-20231027-WA00501-1024x1024.jpg\" alt=\"\" class=\"wp-image-9974\" width=\"487\" height=\"487\" srcset=\"https:\/\/macite.tg\/wp-content\/uploads\/2023\/10\/IMG-20231027-WA00501-1024x1024.jpg 1024w, https:\/\/macite.tg\/wp-content\/uploads\/2023\/10\/IMG-20231027-WA00501-300x300.jpg 300w, https:\/\/macite.tg\/wp-content\/uploads\/2023\/10\/IMG-20231027-WA00501-150x150.jpg 150w, https:\/\/macite.tg\/wp-content\/uploads\/2023\/10\/IMG-20231027-WA00501-768x768.jpg 768w, https:\/\/macite.tg\/wp-content\/uploads\/2023\/10\/IMG-20231027-WA00501-122x122.jpg 122w, https:\/\/macite.tg\/wp-content\/uploads\/2023\/10\/IMG-20231027-WA00501.jpg 1181w\" sizes=\"auto, (max-width: 487px) 100vw, 487px\" \/><\/figure>\n<\/div>\n\n\n<p class=\"wp-block-paragraph\">Le s\u00e9lectionneur camerounais, Rigobert Song, a certainement \u00e9t\u00e9 pr\u00e9occup\u00e9 en apprenant la nouvelle. Esp\u00e9rons que tout rentrera dans l\u2019ordre rapidement, permettant au prolifique buteur de reprendre son r\u00f4le de terreur pour les d\u00e9fenseurs adverses.<\/p>\n\n\n\n<p class=\"wp-block-paragraph\"><strong>SeneNews<\/strong><\/p>\n\n\n\n<p class=\"wp-block-paragraph\"><strong><em>@macite.tg&nbsp;&nbsp;&nbsp;&nbsp;&nbsp;&nbsp;&nbsp;&nbsp;<\/em><\/strong><\/p>\n\n\n\n<p class=\"wp-block-paragraph\"><strong><em>E-mail&nbsp;: <\/em><\/strong><a href=\"mailto:maciteinfo@gmail.com\"><strong><em>maciteinfo@gmail.com<\/em><\/strong><\/a><strong><em>; <\/em><\/strong><a href=\"mailto:bawela1@gmail.com\"><strong><em>bawela1@gmail.com<\/em><\/strong><\/a><strong><em><\/em><\/strong><\/p>\n\n\n\n<p class=\"wp-block-paragraph\"><strong><em>Pour vos annonces, (publi)reportages, etc., joignez nous au (00228)91515309\/<strong>79872224 <\/strong>www.macite.tg, L\u2019information, la bonne&nbsp;!<\/em><\/strong><\/p>\n","protected":false},"excerpt":{"rendered":"<p class=\"text-justify mb-2\" >Le club turc du Besiktas a confirm\u00e9 que son attaquant camerounais, Vincent Aboubakar, a \u00e9t\u00e9 admis \u00e0 l\u2019h\u00f4pital en raison de douleurs abdominales et d\u2019une fi\u00e8vre \u00e9lev\u00e9e survenues apr\u00e8s l\u2019entra\u00eenement de samedi dernier. L\u2019attaquant des Lions Indomptables a pass\u00e9 la nuit \u00e0 l\u2019h\u00f4pital Ac\u0131badem Altunizade [&hellip;]<\/p>\n","protected":false},"author":2,"featured_media":10044,"comment_status":"open","ping_status":"open","sticky":false,"template":"","format":"standard","meta":{"footnotes":""},"categories":[20,7],"tags":[],"class_list":["post-10036","post","type-post","status-publish","format-standard","has-post-thumbnail","hentry","category-actualite","category-sports"],"yoast_head":"<!-- This site is optimized with the Yoast SEO plugin v28.4 - https:\/\/yoast.com\/product\/yoast-seo-wordpress\/ -->\n<title>VINCENT ABOUBAKAR\u00a0: La tr\u00e8s mauvaise nouvelle \u00e0 03 mois de la Can CI 2023 -<\/title>\n<meta name=\"robots\" content=\"index, follow, max-snippet:-1, max-image-preview:large, max-video-preview:-1\" \/>\n<link rel=\"canonical\" href=\"https:\/\/macite.tg\/?p=10036\" \/>\n<meta property=\"og:locale\" content=\"fr_FR\" \/>\n<meta property=\"og:type\" content=\"article\" \/>\n<meta property=\"og:title\" content=\"VINCENT ABOUBAKAR\u00a0: La tr\u00e8s mauvaise nouvelle \u00e0 03 mois de la Can CI 2023 -\" \/>\n<meta property=\"og:description\" content=\"Le club turc du Besiktas a confirm\u00e9 que son attaquant camerounais, Vincent Aboubakar, a \u00e9t\u00e9 admis \u00e0 l\u2019h\u00f4pital en raison de douleurs abdominales et d\u2019une fi\u00e8vre \u00e9lev\u00e9e survenues apr\u00e8s l\u2019entra\u00eenement de samedi dernier. L\u2019attaquant des Lions Indomptables a pass\u00e9 la nuit \u00e0 l\u2019h\u00f4pital Ac\u0131badem Altunizade [&hellip;]\" \/>\n<meta property=\"og:url\" content=\"https:\/\/macite.tg\/?p=10036\" \/>\n<meta property=\"article:published_time\" content=\"2023-10-30T14:17:04+00:00\" \/>\n<meta property=\"article:modified_time\" content=\"2023-10-30T14:17:05+00:00\" \/>\n<meta property=\"og:image\" content=\"https:\/\/macite.tg\/wp-content\/uploads\/2023\/10\/Aboubacar.jpg\" \/>\n\t<meta property=\"og:image:width\" content=\"450\" \/>\n\t<meta property=\"og:image:height\" content=\"279\" \/>\n\t<meta property=\"og:image:type\" content=\"image\/jpeg\" \/>\n<meta name=\"author\" content=\"Jean Pierre BAWELA\" \/>\n<meta name=\"twitter:card\" content=\"summary_large_image\" \/>\n<meta name=\"twitter:label1\" content=\"\u00c9crit par\" \/>\n\t<meta name=\"twitter:data1\" content=\"Jean Pierre BAWELA\" \/>\n\t<meta name=\"twitter:label2\" content=\"Dur\u00e9e de lecture estim\u00e9e\" \/>\n\t<meta name=\"twitter:data2\" content=\"2 minutes\" \/>\n<script type=\"application\/ld+json\" class=\"yoast-schema-graph\">{\"@context\":\"https:\\\/\\\/schema.org\",\"@graph\":[{\"@type\":\"Article\",\"@id\":\"https:\\\/\\\/macite.tg\\\/?p=10036#article\",\"isPartOf\":{\"@id\":\"https:\\\/\\\/macite.tg\\\/?p=10036\"},\"author\":{\"name\":\"Jean Pierre BAWELA\",\"@id\":\"https:\\\/\\\/macite.tg\\\/#\\\/schema\\\/person\\\/e9f2de7e5dbbe7770a9402c7ce82f5c2\"},\"headline\":\"VINCENT ABOUBAKAR\u00a0: La tr\u00e8s mauvaise nouvelle \u00e0 03 mois de la Can CI 2023\",\"datePublished\":\"2023-10-30T14:17:04+00:00\",\"dateModified\":\"2023-10-30T14:17:05+00:00\",\"mainEntityOfPage\":{\"@id\":\"https:\\\/\\\/macite.tg\\\/?p=10036\"},\"wordCount\":321,\"commentCount\":0,\"image\":{\"@id\":\"https:\\\/\\\/macite.tg\\\/?p=10036#primaryimage\"},\"thumbnailUrl\":\"https:\\\/\\\/macite.tg\\\/wp-content\\\/uploads\\\/2023\\\/10\\\/Aboubacar.jpg\",\"articleSection\":[\"ACTUALITE\",\"SPORTS\"],\"inLanguage\":\"fr-FR\",\"potentialAction\":[{\"@type\":\"CommentAction\",\"name\":\"Comment\",\"target\":[\"https:\\\/\\\/macite.tg\\\/?p=10036#respond\"]}]},{\"@type\":\"WebPage\",\"@id\":\"https:\\\/\\\/macite.tg\\\/?p=10036\",\"url\":\"https:\\\/\\\/macite.tg\\\/?p=10036\",\"name\":\"VINCENT ABOUBAKAR\u00a0: La tr\u00e8s mauvaise nouvelle \u00e0 03 mois de la Can CI 2023 -\",\"isPartOf\":{\"@id\":\"https:\\\/\\\/macite.tg\\\/#website\"},\"primaryImageOfPage\":{\"@id\":\"https:\\\/\\\/macite.tg\\\/?p=10036#primaryimage\"},\"image\":{\"@id\":\"https:\\\/\\\/macite.tg\\\/?p=10036#primaryimage\"},\"thumbnailUrl\":\"https:\\\/\\\/macite.tg\\\/wp-content\\\/uploads\\\/2023\\\/10\\\/Aboubacar.jpg\",\"datePublished\":\"2023-10-30T14:17:04+00:00\",\"dateModified\":\"2023-10-30T14:17:05+00:00\",\"author\":{\"@id\":\"https:\\\/\\\/macite.tg\\\/#\\\/schema\\\/person\\\/e9f2de7e5dbbe7770a9402c7ce82f5c2\"},\"breadcrumb\":{\"@id\":\"https:\\\/\\\/macite.tg\\\/?p=10036#breadcrumb\"},\"inLanguage\":\"fr-FR\",\"potentialAction\":[{\"@type\":\"ReadAction\",\"target\":[\"https:\\\/\\\/macite.tg\\\/?p=10036\"]}]},{\"@type\":\"ImageObject\",\"inLanguage\":\"fr-FR\",\"@id\":\"https:\\\/\\\/macite.tg\\\/?p=10036#primaryimage\",\"url\":\"https:\\\/\\\/macite.tg\\\/wp-content\\\/uploads\\\/2023\\\/10\\\/Aboubacar.jpg\",\"contentUrl\":\"https:\\\/\\\/macite.tg\\\/wp-content\\\/uploads\\\/2023\\\/10\\\/Aboubacar.jpg\",\"width\":450,\"height\":279},{\"@type\":\"BreadcrumbList\",\"@id\":\"https:\\\/\\\/macite.tg\\\/?p=10036#breadcrumb\",\"itemListElement\":[{\"@type\":\"ListItem\",\"position\":1,\"name\":\"Accueil\",\"item\":\"https:\\\/\\\/macite.tg\\\/\"},{\"@type\":\"ListItem\",\"position\":2,\"name\":\"VINCENT ABOUBAKAR\u00a0: La tr\u00e8s mauvaise nouvelle \u00e0 03 mois de la Can CI 2023\"}]},{\"@type\":\"WebSite\",\"@id\":\"https:\\\/\\\/macite.tg\\\/#website\",\"url\":\"https:\\\/\\\/macite.tg\\\/\",\"name\":\"\",\"description\":\"L&#039;information, la bonne!!!\",\"potentialAction\":[{\"@type\":\"SearchAction\",\"target\":{\"@type\":\"EntryPoint\",\"urlTemplate\":\"https:\\\/\\\/macite.tg\\\/?s={search_term_string}\"},\"query-input\":{\"@type\":\"PropertyValueSpecification\",\"valueRequired\":true,\"valueName\":\"search_term_string\"}}],\"inLanguage\":\"fr-FR\"},{\"@type\":\"Person\",\"@id\":\"https:\\\/\\\/macite.tg\\\/#\\\/schema\\\/person\\\/e9f2de7e5dbbe7770a9402c7ce82f5c2\",\"name\":\"Jean Pierre BAWELA\",\"image\":{\"@type\":\"ImageObject\",\"inLanguage\":\"fr-FR\",\"@id\":\"https:\\\/\\\/macite.tg\\\/wp-content\\\/uploads\\\/2023\\\/09\\\/WhatsApp-Image-2023-09-19-at-14.44.41-122x122.jpeg\",\"url\":\"https:\\\/\\\/macite.tg\\\/wp-content\\\/uploads\\\/2023\\\/09\\\/WhatsApp-Image-2023-09-19-at-14.44.41-122x122.jpeg\",\"contentUrl\":\"https:\\\/\\\/macite.tg\\\/wp-content\\\/uploads\\\/2023\\\/09\\\/WhatsApp-Image-2023-09-19-at-14.44.41-122x122.jpeg\",\"caption\":\"Jean Pierre BAWELA\"},\"url\":\"https:\\\/\\\/macite.tg\\\/?author=2\"}]}<\/script>\n<!-- \/ Yoast SEO plugin. -->","yoast_head_json":{"title":"VINCENT ABOUBAKAR\u00a0: La tr\u00e8s mauvaise nouvelle \u00e0 03 mois de la Can CI 2023 -","robots":{"index":"index","follow":"follow","max-snippet":"max-snippet:-1","max-image-preview":"max-image-preview:large","max-video-preview":"max-video-preview:-1"},"canonical":"https:\/\/macite.tg\/?p=10036","og_locale":"fr_FR","og_type":"article","og_title":"VINCENT ABOUBAKAR\u00a0: La tr\u00e8s mauvaise nouvelle \u00e0 03 mois de la Can CI 2023 -","og_description":"Le club turc du Besiktas a confirm\u00e9 que son attaquant camerounais, Vincent Aboubakar, a \u00e9t\u00e9 admis \u00e0 l\u2019h\u00f4pital en raison de douleurs abdominales et d\u2019une fi\u00e8vre \u00e9lev\u00e9e survenues apr\u00e8s l\u2019entra\u00eenement de samedi dernier. L\u2019attaquant des Lions Indomptables a pass\u00e9 la nuit \u00e0 l\u2019h\u00f4pital Ac\u0131badem Altunizade [&hellip;]","og_url":"https:\/\/macite.tg\/?p=10036","article_published_time":"2023-10-30T14:17:04+00:00","article_modified_time":"2023-10-30T14:17:05+00:00","og_image":[{"width":450,"height":279,"url":"https:\/\/macite.tg\/wp-content\/uploads\/2023\/10\/Aboubacar.jpg","type":"image\/jpeg"}],"author":"Jean Pierre BAWELA","twitter_card":"summary_large_image","twitter_misc":{"\u00c9crit par":"Jean Pierre BAWELA","Dur\u00e9e de lecture estim\u00e9e":"2 minutes"},"schema":{"@context":"https:\/\/schema.org","@graph":[{"@type":"Article","@id":"https:\/\/macite.tg\/?p=10036#article","isPartOf":{"@id":"https:\/\/macite.tg\/?p=10036"},"author":{"name":"Jean Pierre BAWELA","@id":"https:\/\/macite.tg\/#\/schema\/person\/e9f2de7e5dbbe7770a9402c7ce82f5c2"},"headline":"VINCENT ABOUBAKAR\u00a0: La tr\u00e8s mauvaise nouvelle \u00e0 03 mois de la Can CI 2023","datePublished":"2023-10-30T14:17:04+00:00","dateModified":"2023-10-30T14:17:05+00:00","mainEntityOfPage":{"@id":"https:\/\/macite.tg\/?p=10036"},"wordCount":321,"commentCount":0,"image":{"@id":"https:\/\/macite.tg\/?p=10036#primaryimage"},"thumbnailUrl":"https:\/\/macite.tg\/wp-content\/uploads\/2023\/10\/Aboubacar.jpg","articleSection":["ACTUALITE","SPORTS"],"inLanguage":"fr-FR","potentialAction":[{"@type":"CommentAction","name":"Comment","target":["https:\/\/macite.tg\/?p=10036#respond"]}]},{"@type":"WebPage","@id":"https:\/\/macite.tg\/?p=10036","url":"https:\/\/macite.tg\/?p=10036","name":"VINCENT ABOUBAKAR\u00a0: La tr\u00e8s mauvaise nouvelle \u00e0 03 mois de la Can CI 2023 -","isPartOf":{"@id":"https:\/\/macite.tg\/#website"},"primaryImageOfPage":{"@id":"https:\/\/macite.tg\/?p=10036#primaryimage"},"image":{"@id":"https:\/\/macite.tg\/?p=10036#primaryimage"},"thumbnailUrl":"https:\/\/macite.tg\/wp-content\/uploads\/2023\/10\/Aboubacar.jpg","datePublished":"2023-10-30T14:17:04+00:00","dateModified":"2023-10-30T14:17:05+00:00","author":{"@id":"https:\/\/macite.tg\/#\/schema\/person\/e9f2de7e5dbbe7770a9402c7ce82f5c2"},"breadcrumb":{"@id":"https:\/\/macite.tg\/?p=10036#breadcrumb"},"inLanguage":"fr-FR","potentialAction":[{"@type":"ReadAction","target":["https:\/\/macite.tg\/?p=10036"]}]},{"@type":"ImageObject","inLanguage":"fr-FR","@id":"https:\/\/macite.tg\/?p=10036#primaryimage","url":"https:\/\/macite.tg\/wp-content\/uploads\/2023\/10\/Aboubacar.jpg","contentUrl":"https:\/\/macite.tg\/wp-content\/uploads\/2023\/10\/Aboubacar.jpg","width":450,"height":279},{"@type":"BreadcrumbList","@id":"https:\/\/macite.tg\/?p=10036#breadcrumb","itemListElement":[{"@type":"ListItem","position":1,"name":"Accueil","item":"https:\/\/macite.tg\/"},{"@type":"ListItem","position":2,"name":"VINCENT ABOUBAKAR\u00a0: La tr\u00e8s mauvaise nouvelle \u00e0 03 mois de la Can CI 2023"}]},{"@type":"WebSite","@id":"https:\/\/macite.tg\/#website","url":"https:\/\/macite.tg\/","name":"","description":"L&#039;information, la bonne!!!","potentialAction":[{"@type":"SearchAction","target":{"@type":"EntryPoint","urlTemplate":"https:\/\/macite.tg\/?s={search_term_string}"},"query-input":{"@type":"PropertyValueSpecification","valueRequired":true,"valueName":"search_term_string"}}],"inLanguage":"fr-FR"},{"@type":"Person","@id":"https:\/\/macite.tg\/#\/schema\/person\/e9f2de7e5dbbe7770a9402c7ce82f5c2","name":"Jean Pierre BAWELA","image":{"@type":"ImageObject","inLanguage":"fr-FR","@id":"https:\/\/macite.tg\/wp-content\/uploads\/2023\/09\/WhatsApp-Image-2023-09-19-at-14.44.41-122x122.jpeg","url":"https:\/\/macite.tg\/wp-content\/uploads\/2023\/09\/WhatsApp-Image-2023-09-19-at-14.44.41-122x122.jpeg","contentUrl":"https:\/\/macite.tg\/wp-content\/uploads\/2023\/09\/WhatsApp-Image-2023-09-19-at-14.44.41-122x122.jpeg","caption":"Jean Pierre BAWELA"},"url":"https:\/\/macite.tg\/?author=2"}]}},"_links":{"self":[{"href":"https:\/\/macite.tg\/index.php?rest_route=\/wp\/v2\/posts\/10036","targetHints":{"allow":["GET"]}}],"collection":[{"href":"https:\/\/macite.tg\/index.php?rest_route=\/wp\/v2\/posts"}],"about":[{"href":"https:\/\/macite.tg\/index.php?rest_route=\/wp\/v2\/types\/post"}],"author":[{"embeddable":true,"href":"https:\/\/macite.tg\/index.php?rest_route=\/wp\/v2\/users\/2"}],"replies":[{"embeddable":true,"href":"https:\/\/macite.tg\/index.php?rest_route=%2Fwp%2Fv2%2Fcomments&post=10036"}],"version-history":[{"count":0,"href":"https:\/\/macite.tg\/index.php?rest_route=\/wp\/v2\/posts\/10036\/revisions"}],"wp:featuredmedia":[{"embeddable":true,"href":"https:\/\/macite.tg\/index.php?rest_route=\/wp\/v2\/media\/10044"}],"wp:attachment":[{"href":"https:\/\/macite.tg\/index.php?rest_route=%2Fwp%2Fv2%2Fmedia&parent=10036"}],"wp:term":[{"taxonomy":"category","embeddable":true,"href":"https:\/\/macite.tg\/index.php?rest_route=%2Fwp%2Fv2%2Fcategories&post=10036"},{"taxonomy":"post_tag","embeddable":true,"href":"https:\/\/macite.tg\/index.php?rest_route=%2Fwp%2Fv2%2Ftags&post=10036"}],"curies":[{"name":"wp","href":"https:\/\/api.w.org\/{rel}","templated":true}]}}