{"id":10033,"date":"2023-10-30T13:29:52","date_gmt":"2023-10-30T13:29:52","guid":{"rendered":"https:\/\/macite.tg\/?p=10033"},"modified":"2023-10-30T13:31:37","modified_gmt":"2023-10-30T13:31:37","slug":"ifap-pres-de-200-futurs-jeunes-entrepreneurs-obtiennent-leur-attestation-de-fin-de-formation","status":"publish","type":"post","link":"https:\/\/macite.tg\/?p=10033","title":{"rendered":"IFAP\u00a0: Pr\u00e8s de 200 futurs jeunes entrepreneurs obtiennent leur attestation de fin de formation"},"content":{"rendered":"\n<p class=\"wp-block-paragraph\"><strong><em>\u00ab\u00a0Former pour cr\u00e9er, levier de d\u00e9veloppement \u00e9conomique et social\u00a0\u00bb. C\u2019est le th\u00e8me autour duquel s\u2019est tenue la 13<sup>e<\/sup> \u00e9dition de la Journ\u00e9e des futurs jeunes entrepreneurs. Occasion pour les premiers responsables de l\u2019Institut de formation et d\u2019appui professionnel (Ifap), organisateur de l\u2019\u00e9v\u00e9nement, de proc\u00e9der \u00e0 la remise d\u2019attestation de fin de formation aux \u00e9tudiants de la 13<sup>e<\/sup> promotion. La c\u00e9r\u00e9monie a lieu samedi 28 octobre dernier, au Palais des congr\u00e8s de Lom\u00e9, dans une ambiance festive. C\u2019\u00e9tait en pr\u00e9sence des autorit\u00e9s administratives, locales ainsi que des parents.<\/em><\/strong><\/p>\n\n\n\n<p class=\"wp-block-paragraph\">Ils sont au total 167 \u00e0 obtenir leur attestation de fin de formation. Eux, ce sont les futurs jeunes entrepreneurs form\u00e9s par l\u2019Institut de formation et d\u2019appui professionnel (Ifap) dans les fili\u00e8res tels que assistant de direction bilingue, secr\u00e9tariat comptabilit\u00e9 informatique, secr\u00e9tariat m\u00e9dical, marketing et management, transport logistique et transit, maintenance informatique, installation et configuration de mikrotik, \u00e9lectricit\u00e9 plomberie b\u00e2timent, multim\u00e9dia et infographie.<\/p>\n\n\n\n<figure class=\"wp-block-image size-large\"><img loading=\"lazy\" decoding=\"async\" width=\"1024\" height=\"576\" src=\"https:\/\/macite.tg\/wp-content\/uploads\/2023\/10\/IMG-20231030-WA0071-1024x576.jpg\" alt=\"\" class=\"wp-image-10038\" srcset=\"https:\/\/macite.tg\/wp-content\/uploads\/2023\/10\/IMG-20231030-WA0071-1024x576.jpg 1024w, https:\/\/macite.tg\/wp-content\/uploads\/2023\/10\/IMG-20231030-WA0071-300x169.jpg 300w, https:\/\/macite.tg\/wp-content\/uploads\/2023\/10\/IMG-20231030-WA0071-768x432.jpg 768w, https:\/\/macite.tg\/wp-content\/uploads\/2023\/10\/IMG-20231030-WA0071.jpg 1080w\" sizes=\"auto, (max-width: 1024px) 100vw, 1024px\" \/><\/figure>\n\n\n\n<p class=\"wp-block-paragraph\">Apr\u00e8s neuf (9) mois de formation \u00e0 la fois th\u00e9orique et pratique, ils sont d\u00e9sormais aptes pour affronter les d\u00e9fis de la vie professionnelle. <em>\u00ab&nbsp;Je suis heureux. Je suis tr\u00e8s fier d\u2019avoir obtenu mon attestation. Elle va me permettre d\u2019aller encore plus loin. Je vais maintenant chercher \u00e0 entreprendre, employer les gens ou aller chercher des contrats&nbsp;\u00bb,<\/em> a indiqu\u00e9 l\u2019\u00e9tudiant Etonam Mayede de la maintenance r\u00e9seau informatique.<\/p>\n\n\n<div class=\"wp-block-image\">\n<figure class=\"alignleft size-large is-resized\"><img loading=\"lazy\" decoding=\"async\" src=\"https:\/\/macite.tg\/wp-content\/uploads\/2023\/10\/IMG-20231030-WA0072-1024x576.jpg\" alt=\"\" class=\"wp-image-10039\" width=\"512\" height=\"287\" srcset=\"https:\/\/macite.tg\/wp-content\/uploads\/2023\/10\/IMG-20231030-WA0072-1024x576.jpg 1024w, https:\/\/macite.tg\/wp-content\/uploads\/2023\/10\/IMG-20231030-WA0072-300x169.jpg 300w, https:\/\/macite.tg\/wp-content\/uploads\/2023\/10\/IMG-20231030-WA0072-768x432.jpg 768w, https:\/\/macite.tg\/wp-content\/uploads\/2023\/10\/IMG-20231030-WA0072.jpg 1080w\" sizes=\"auto, (max-width: 512px) 100vw, 512px\" \/><\/figure>\n<\/div>\n\n\n<p class=\"wp-block-paragraph\">Les d\u00e9sormais demandeurs d\u2019emploi ou futurs jeunes entrepreneurs reconnaissent tous dans leur ensemble que le chemin a \u00e9t\u00e9 tr\u00e8s long. <em>\u00ab Un an de formation, un an de lutte, \u00e7a n\u2019a pas \u00e9t\u00e9 du tout facile. Apr\u00e8s la pluie et le soleil, on \u00e9tait toujours l\u00e0 \u00e0 faire des recherches, toujours chercher \u00e0 aller loin \u00bb<\/em>, a d\u00e9clar\u00e9 le maintenancier Etonam Mayede. <em>\u00ab Le chemin fut rude et de dur labeur. Mais nous y sommes parvenus par l\u2019aide du tout puissant \u00bb, <\/em>a confi\u00e9 pour sa part Lady Kagnide, d\u00e9l\u00e9gu\u00e9e de la promotion.<\/p>\n\n\n<div class=\"wp-block-image\">\n<figure class=\"alignright size-large is-resized\"><img loading=\"lazy\" decoding=\"async\" src=\"https:\/\/macite.tg\/wp-content\/uploads\/2023\/10\/IMG-20231030-WA0075-1024x768.jpg\" alt=\"\" class=\"wp-image-10040\" width=\"441\" height=\"330\" srcset=\"https:\/\/macite.tg\/wp-content\/uploads\/2023\/10\/IMG-20231030-WA0075-1024x768.jpg 1024w, https:\/\/macite.tg\/wp-content\/uploads\/2023\/10\/IMG-20231030-WA0075-300x225.jpg 300w, https:\/\/macite.tg\/wp-content\/uploads\/2023\/10\/IMG-20231030-WA0075-768x576.jpg 768w, https:\/\/macite.tg\/wp-content\/uploads\/2023\/10\/IMG-20231030-WA0075.jpg 1280w\" sizes=\"auto, (max-width: 441px) 100vw, 441px\" \/><\/figure>\n<\/div>\n\n\n<p class=\"wp-block-paragraph\">Cette derni\u00e8re n\u2019a pas h\u00e9sit\u00e9 \u00e0 lancer un appel au public. <em>\u00ab&nbsp;J\u2019invite maintenant tous ceux qui sont d\u00e9sireux d\u2019acc\u00e9der \u00e0 une formation de qualit\u00e9 que ce soit pour eux-m\u00eames ou pour leurs enfants \u00e0 prendre contact avec l\u2019administration de l\u2019Ifap et avec ses responsables pour toute information&nbsp;\u00bb<\/em>, a-t-elle lanc\u00e9.<\/p>\n\n\n\n<p class=\"wp-block-paragraph\">M\u00eame si le chemin fut rude et qu\u2019il faut maintenant affronter les exigences du march\u00e9 de l\u2019emploi, les r\u00e9cipiendaires ont un atout tr\u00e8s important dans leur manche. La preuve, sur les 167 apprenants, 113 ont d\u00e9j\u00e0 leur bon de stage. Les minist\u00e8res, les pharmacies, les centres de sant\u00e9, les supermarch\u00e9s et plein d\u2019autres entreprises de la capitale sont leur point de chute.<\/p>\n\n\n\n<p class=\"wp-block-paragraph\">Que devient le reste des \u00e9tudiants qui n\u2019ont pas encore de bon de stage&nbsp;? A cette interrogation, le fondateur de l\u2019institut a \u00e9t\u00e9 on ne peut plus clair. <em>\u00ab&nbsp;Nous avons pu envoyer 113 \u00e9tudiants dans les entreprises partenaires de l\u2019institut Ifap. Apr\u00e8s ceux-ci, d\u2019autres vont leur embo\u00eeter le pas. Pas d\u2019inqui\u00e9tude&nbsp;\u00bb,<\/em> a rassur\u00e9 Ernest Egbenou, Directeur g\u00e9n\u00e9ral et fondateur de l\u2019Ifap<\/p>\n\n\n<div class=\"wp-block-image\">\n<figure class=\"aligncenter size-large is-resized\"><img loading=\"lazy\" decoding=\"async\" src=\"https:\/\/macite.tg\/wp-content\/uploads\/2023\/10\/IMG-20231030-WA0074-1024x768.jpg\" alt=\"\" class=\"wp-image-10041\" width=\"757\" height=\"568\" srcset=\"https:\/\/macite.tg\/wp-content\/uploads\/2023\/10\/IMG-20231030-WA0074-1024x768.jpg 1024w, https:\/\/macite.tg\/wp-content\/uploads\/2023\/10\/IMG-20231030-WA0074-300x225.jpg 300w, https:\/\/macite.tg\/wp-content\/uploads\/2023\/10\/IMG-20231030-WA0074-768x576.jpg 768w, https:\/\/macite.tg\/wp-content\/uploads\/2023\/10\/IMG-20231030-WA0074.jpg 1280w\" sizes=\"auto, (max-width: 757px) 100vw, 757px\" \/><\/figure>\n<\/div>\n\n\n<p class=\"wp-block-paragraph\">Notons qu\u2019au cours de la c\u00e9r\u00e9monie qui a vu plusieurs anciens \u00e9tudiants de l\u2019Institut log\u00e9 dans le quartier Tokoin Doumassesse de Lom\u00e9, non loin du march\u00e9 d\u2019Adewui, neuf (9) apprenants en plus de leur attestation, ont \u00e9t\u00e9 distingu\u00e9s pour leur rigueur, assiduit\u00e9 et le travail bien fait.<\/p>\n\n\n<div class=\"wp-block-image\">\n<figure class=\"aligncenter size-large is-resized\"><img loading=\"lazy\" decoding=\"async\" src=\"https:\/\/macite.tg\/wp-content\/uploads\/2023\/10\/IMG-20231027-WA00501-1024x1024.jpg\" alt=\"\" class=\"wp-image-9974\" width=\"588\" height=\"588\" srcset=\"https:\/\/macite.tg\/wp-content\/uploads\/2023\/10\/IMG-20231027-WA00501-1024x1024.jpg 1024w, https:\/\/macite.tg\/wp-content\/uploads\/2023\/10\/IMG-20231027-WA00501-300x300.jpg 300w, https:\/\/macite.tg\/wp-content\/uploads\/2023\/10\/IMG-20231027-WA00501-150x150.jpg 150w, https:\/\/macite.tg\/wp-content\/uploads\/2023\/10\/IMG-20231027-WA00501-768x768.jpg 768w, https:\/\/macite.tg\/wp-content\/uploads\/2023\/10\/IMG-20231027-WA00501-122x122.jpg 122w, https:\/\/macite.tg\/wp-content\/uploads\/2023\/10\/IMG-20231027-WA00501.jpg 1181w\" sizes=\"auto, (max-width: 588px) 100vw, 588px\" \/><\/figure>\n<\/div>\n\n\n<p class=\"wp-block-paragraph\">Pour rappel, la 14<sup>e<\/sup> promotion a d\u00e9j\u00e0 repris les cours. Les inscriptions pour le compte de l\u2019ann\u00e9e 2023-2024 se poursuivent \u00e0 IFAP. Une autre rentr\u00e9e est \u00e9galement pr\u00e9vue pour d\u00e9marrer le 08 janvier prochain.<\/p>\n\n\n\n<p class=\"wp-block-paragraph\"><strong><em>Michel AKOETE<\/em><\/strong><\/p>\n\n\n\n<p class=\"wp-block-paragraph\"><strong><em>@macite.tg&nbsp;&nbsp;&nbsp;&nbsp;&nbsp;&nbsp;&nbsp;&nbsp;<\/em><\/strong><\/p>\n\n\n\n<p class=\"wp-block-paragraph\"><strong><em>E-mail&nbsp;: <\/em><\/strong><a href=\"mailto:maciteinfo@gmail.com\"><strong><em>maciteinfo@gmail.com<\/em><\/strong><\/a><strong><em>; <\/em><\/strong><a href=\"mailto:bawela1@gmail.com\"><strong><em>bawela1@gmail.com<\/em><\/strong><\/a><strong><em><\/em><\/strong><\/p>\n\n\n\n<p class=\"wp-block-paragraph\"><strong><em>Pour vos annonces, (publi)reportages, etc., joignez nous au (00228)91515309\/<strong>79872224 <\/strong>www.macite.tg, L\u2019information, la bonne&nbsp;!<\/em><\/strong><\/p>\n","protected":false},"excerpt":{"rendered":"<p class=\"text-justify mb-2\" >\u00ab\u00a0Former pour cr\u00e9er, levier de d\u00e9veloppement \u00e9conomique et social\u00a0\u00bb. C\u2019est le th\u00e8me autour duquel s\u2019est tenue la 13e \u00e9dition de la Journ\u00e9e des futurs jeunes entrepreneurs. Occasion pour les premiers responsables de l\u2019Institut de formation et d\u2019appui professionnel (Ifap), organisateur de l\u2019\u00e9v\u00e9nement, de proc\u00e9der \u00e0 [&hellip;]<\/p>\n","protected":false},"author":2,"featured_media":10037,"comment_status":"open","ping_status":"open","sticky":false,"template":"","format":"standard","meta":{"footnotes":""},"categories":[20,48],"tags":[],"class_list":["post-10033","post","type-post","status-publish","format-standard","has-post-thumbnail","hentry","category-actualite","category-formation"],"yoast_head":"<!-- This site is optimized with the Yoast SEO plugin v28.4 - https:\/\/yoast.com\/product\/yoast-seo-wordpress\/ -->\n<title>IFAP\u00a0: Pr\u00e8s de 200 futurs jeunes entrepreneurs obtiennent leur attestation de fin de formation -<\/title>\n<meta name=\"robots\" content=\"index, follow, max-snippet:-1, max-image-preview:large, max-video-preview:-1\" \/>\n<link rel=\"canonical\" href=\"https:\/\/macite.tg\/?p=10033\" \/>\n<meta property=\"og:locale\" content=\"fr_FR\" \/>\n<meta property=\"og:type\" content=\"article\" \/>\n<meta property=\"og:title\" content=\"IFAP\u00a0: Pr\u00e8s de 200 futurs jeunes entrepreneurs obtiennent leur attestation de fin de formation -\" \/>\n<meta property=\"og:description\" content=\"\u00ab\u00a0Former pour cr\u00e9er, levier de d\u00e9veloppement \u00e9conomique et social\u00a0\u00bb. C\u2019est le th\u00e8me autour duquel s\u2019est tenue la 13e \u00e9dition de la Journ\u00e9e des futurs jeunes entrepreneurs. Occasion pour les premiers responsables de l\u2019Institut de formation et d\u2019appui professionnel (Ifap), organisateur de l\u2019\u00e9v\u00e9nement, de proc\u00e9der \u00e0 [&hellip;]\" \/>\n<meta property=\"og:url\" content=\"https:\/\/macite.tg\/?p=10033\" \/>\n<meta property=\"article:published_time\" content=\"2023-10-30T13:29:52+00:00\" \/>\n<meta property=\"article:modified_time\" content=\"2023-10-30T13:31:37+00:00\" \/>\n<meta property=\"og:image\" content=\"https:\/\/macite.tg\/wp-content\/uploads\/2023\/10\/IMG-20231030-WA0070.jpg\" \/>\n\t<meta property=\"og:image:width\" content=\"1080\" \/>\n\t<meta property=\"og:image:height\" content=\"607\" \/>\n\t<meta property=\"og:image:type\" content=\"image\/jpeg\" \/>\n<meta name=\"author\" content=\"Jean Pierre BAWELA\" \/>\n<meta name=\"twitter:card\" content=\"summary_large_image\" \/>\n<meta name=\"twitter:label1\" content=\"\u00c9crit par\" \/>\n\t<meta name=\"twitter:data1\" content=\"Jean Pierre BAWELA\" \/>\n\t<meta name=\"twitter:label2\" content=\"Dur\u00e9e de lecture estim\u00e9e\" \/>\n\t<meta name=\"twitter:data2\" content=\"3 minutes\" \/>\n<script type=\"application\/ld+json\" class=\"yoast-schema-graph\">{\"@context\":\"https:\\\/\\\/schema.org\",\"@graph\":[{\"@type\":\"Article\",\"@id\":\"https:\\\/\\\/macite.tg\\\/?p=10033#article\",\"isPartOf\":{\"@id\":\"https:\\\/\\\/macite.tg\\\/?p=10033\"},\"author\":{\"name\":\"Jean Pierre BAWELA\",\"@id\":\"https:\\\/\\\/macite.tg\\\/#\\\/schema\\\/person\\\/e9f2de7e5dbbe7770a9402c7ce82f5c2\"},\"headline\":\"IFAP\u00a0: Pr\u00e8s de 200 futurs jeunes entrepreneurs obtiennent leur attestation de fin de formation\",\"datePublished\":\"2023-10-30T13:29:52+00:00\",\"dateModified\":\"2023-10-30T13:31:37+00:00\",\"mainEntityOfPage\":{\"@id\":\"https:\\\/\\\/macite.tg\\\/?p=10033\"},\"wordCount\":687,\"commentCount\":0,\"image\":{\"@id\":\"https:\\\/\\\/macite.tg\\\/?p=10033#primaryimage\"},\"thumbnailUrl\":\"https:\\\/\\\/macite.tg\\\/wp-content\\\/uploads\\\/2023\\\/10\\\/IMG-20231030-WA0070.jpg\",\"articleSection\":[\"ACTUALITE\",\"FORMATION\"],\"inLanguage\":\"fr-FR\",\"potentialAction\":[{\"@type\":\"CommentAction\",\"name\":\"Comment\",\"target\":[\"https:\\\/\\\/macite.tg\\\/?p=10033#respond\"]}]},{\"@type\":\"WebPage\",\"@id\":\"https:\\\/\\\/macite.tg\\\/?p=10033\",\"url\":\"https:\\\/\\\/macite.tg\\\/?p=10033\",\"name\":\"IFAP\u00a0: Pr\u00e8s de 200 futurs jeunes entrepreneurs obtiennent leur attestation de fin de formation -\",\"isPartOf\":{\"@id\":\"https:\\\/\\\/macite.tg\\\/#website\"},\"primaryImageOfPage\":{\"@id\":\"https:\\\/\\\/macite.tg\\\/?p=10033#primaryimage\"},\"image\":{\"@id\":\"https:\\\/\\\/macite.tg\\\/?p=10033#primaryimage\"},\"thumbnailUrl\":\"https:\\\/\\\/macite.tg\\\/wp-content\\\/uploads\\\/2023\\\/10\\\/IMG-20231030-WA0070.jpg\",\"datePublished\":\"2023-10-30T13:29:52+00:00\",\"dateModified\":\"2023-10-30T13:31:37+00:00\",\"author\":{\"@id\":\"https:\\\/\\\/macite.tg\\\/#\\\/schema\\\/person\\\/e9f2de7e5dbbe7770a9402c7ce82f5c2\"},\"breadcrumb\":{\"@id\":\"https:\\\/\\\/macite.tg\\\/?p=10033#breadcrumb\"},\"inLanguage\":\"fr-FR\",\"potentialAction\":[{\"@type\":\"ReadAction\",\"target\":[\"https:\\\/\\\/macite.tg\\\/?p=10033\"]}]},{\"@type\":\"ImageObject\",\"inLanguage\":\"fr-FR\",\"@id\":\"https:\\\/\\\/macite.tg\\\/?p=10033#primaryimage\",\"url\":\"https:\\\/\\\/macite.tg\\\/wp-content\\\/uploads\\\/2023\\\/10\\\/IMG-20231030-WA0070.jpg\",\"contentUrl\":\"https:\\\/\\\/macite.tg\\\/wp-content\\\/uploads\\\/2023\\\/10\\\/IMG-20231030-WA0070.jpg\",\"width\":1080,\"height\":607},{\"@type\":\"BreadcrumbList\",\"@id\":\"https:\\\/\\\/macite.tg\\\/?p=10033#breadcrumb\",\"itemListElement\":[{\"@type\":\"ListItem\",\"position\":1,\"name\":\"Accueil\",\"item\":\"https:\\\/\\\/macite.tg\\\/\"},{\"@type\":\"ListItem\",\"position\":2,\"name\":\"IFAP\u00a0: Pr\u00e8s de 200 futurs jeunes entrepreneurs obtiennent leur attestation de fin de formation\"}]},{\"@type\":\"WebSite\",\"@id\":\"https:\\\/\\\/macite.tg\\\/#website\",\"url\":\"https:\\\/\\\/macite.tg\\\/\",\"name\":\"\",\"description\":\"L&#039;information, la bonne!!!\",\"potentialAction\":[{\"@type\":\"SearchAction\",\"target\":{\"@type\":\"EntryPoint\",\"urlTemplate\":\"https:\\\/\\\/macite.tg\\\/?s={search_term_string}\"},\"query-input\":{\"@type\":\"PropertyValueSpecification\",\"valueRequired\":true,\"valueName\":\"search_term_string\"}}],\"inLanguage\":\"fr-FR\"},{\"@type\":\"Person\",\"@id\":\"https:\\\/\\\/macite.tg\\\/#\\\/schema\\\/person\\\/e9f2de7e5dbbe7770a9402c7ce82f5c2\",\"name\":\"Jean Pierre BAWELA\",\"image\":{\"@type\":\"ImageObject\",\"inLanguage\":\"fr-FR\",\"@id\":\"https:\\\/\\\/macite.tg\\\/wp-content\\\/uploads\\\/2023\\\/09\\\/WhatsApp-Image-2023-09-19-at-14.44.41-122x122.jpeg\",\"url\":\"https:\\\/\\\/macite.tg\\\/wp-content\\\/uploads\\\/2023\\\/09\\\/WhatsApp-Image-2023-09-19-at-14.44.41-122x122.jpeg\",\"contentUrl\":\"https:\\\/\\\/macite.tg\\\/wp-content\\\/uploads\\\/2023\\\/09\\\/WhatsApp-Image-2023-09-19-at-14.44.41-122x122.jpeg\",\"caption\":\"Jean Pierre BAWELA\"},\"url\":\"https:\\\/\\\/macite.tg\\\/?author=2\"}]}<\/script>\n<!-- \/ Yoast SEO plugin. -->","yoast_head_json":{"title":"IFAP\u00a0: Pr\u00e8s de 200 futurs jeunes entrepreneurs obtiennent leur attestation de fin de formation -","robots":{"index":"index","follow":"follow","max-snippet":"max-snippet:-1","max-image-preview":"max-image-preview:large","max-video-preview":"max-video-preview:-1"},"canonical":"https:\/\/macite.tg\/?p=10033","og_locale":"fr_FR","og_type":"article","og_title":"IFAP\u00a0: Pr\u00e8s de 200 futurs jeunes entrepreneurs obtiennent leur attestation de fin de formation -","og_description":"\u00ab\u00a0Former pour cr\u00e9er, levier de d\u00e9veloppement \u00e9conomique et social\u00a0\u00bb. C\u2019est le th\u00e8me autour duquel s\u2019est tenue la 13e \u00e9dition de la Journ\u00e9e des futurs jeunes entrepreneurs. Occasion pour les premiers responsables de l\u2019Institut de formation et d\u2019appui professionnel (Ifap), organisateur de l\u2019\u00e9v\u00e9nement, de proc\u00e9der \u00e0 [&hellip;]","og_url":"https:\/\/macite.tg\/?p=10033","article_published_time":"2023-10-30T13:29:52+00:00","article_modified_time":"2023-10-30T13:31:37+00:00","og_image":[{"width":1080,"height":607,"url":"https:\/\/macite.tg\/wp-content\/uploads\/2023\/10\/IMG-20231030-WA0070.jpg","type":"image\/jpeg"}],"author":"Jean Pierre BAWELA","twitter_card":"summary_large_image","twitter_misc":{"\u00c9crit par":"Jean Pierre BAWELA","Dur\u00e9e de lecture estim\u00e9e":"3 minutes"},"schema":{"@context":"https:\/\/schema.org","@graph":[{"@type":"Article","@id":"https:\/\/macite.tg\/?p=10033#article","isPartOf":{"@id":"https:\/\/macite.tg\/?p=10033"},"author":{"name":"Jean Pierre BAWELA","@id":"https:\/\/macite.tg\/#\/schema\/person\/e9f2de7e5dbbe7770a9402c7ce82f5c2"},"headline":"IFAP\u00a0: Pr\u00e8s de 200 futurs jeunes entrepreneurs obtiennent leur attestation de fin de formation","datePublished":"2023-10-30T13:29:52+00:00","dateModified":"2023-10-30T13:31:37+00:00","mainEntityOfPage":{"@id":"https:\/\/macite.tg\/?p=10033"},"wordCount":687,"commentCount":0,"image":{"@id":"https:\/\/macite.tg\/?p=10033#primaryimage"},"thumbnailUrl":"https:\/\/macite.tg\/wp-content\/uploads\/2023\/10\/IMG-20231030-WA0070.jpg","articleSection":["ACTUALITE","FORMATION"],"inLanguage":"fr-FR","potentialAction":[{"@type":"CommentAction","name":"Comment","target":["https:\/\/macite.tg\/?p=10033#respond"]}]},{"@type":"WebPage","@id":"https:\/\/macite.tg\/?p=10033","url":"https:\/\/macite.tg\/?p=10033","name":"IFAP\u00a0: Pr\u00e8s de 200 futurs jeunes entrepreneurs obtiennent leur attestation de fin de formation -","isPartOf":{"@id":"https:\/\/macite.tg\/#website"},"primaryImageOfPage":{"@id":"https:\/\/macite.tg\/?p=10033#primaryimage"},"image":{"@id":"https:\/\/macite.tg\/?p=10033#primaryimage"},"thumbnailUrl":"https:\/\/macite.tg\/wp-content\/uploads\/2023\/10\/IMG-20231030-WA0070.jpg","datePublished":"2023-10-30T13:29:52+00:00","dateModified":"2023-10-30T13:31:37+00:00","author":{"@id":"https:\/\/macite.tg\/#\/schema\/person\/e9f2de7e5dbbe7770a9402c7ce82f5c2"},"breadcrumb":{"@id":"https:\/\/macite.tg\/?p=10033#breadcrumb"},"inLanguage":"fr-FR","potentialAction":[{"@type":"ReadAction","target":["https:\/\/macite.tg\/?p=10033"]}]},{"@type":"ImageObject","inLanguage":"fr-FR","@id":"https:\/\/macite.tg\/?p=10033#primaryimage","url":"https:\/\/macite.tg\/wp-content\/uploads\/2023\/10\/IMG-20231030-WA0070.jpg","contentUrl":"https:\/\/macite.tg\/wp-content\/uploads\/2023\/10\/IMG-20231030-WA0070.jpg","width":1080,"height":607},{"@type":"BreadcrumbList","@id":"https:\/\/macite.tg\/?p=10033#breadcrumb","itemListElement":[{"@type":"ListItem","position":1,"name":"Accueil","item":"https:\/\/macite.tg\/"},{"@type":"ListItem","position":2,"name":"IFAP\u00a0: Pr\u00e8s de 200 futurs jeunes entrepreneurs obtiennent leur attestation de fin de formation"}]},{"@type":"WebSite","@id":"https:\/\/macite.tg\/#website","url":"https:\/\/macite.tg\/","name":"","description":"L&#039;information, la bonne!!!","potentialAction":[{"@type":"SearchAction","target":{"@type":"EntryPoint","urlTemplate":"https:\/\/macite.tg\/?s={search_term_string}"},"query-input":{"@type":"PropertyValueSpecification","valueRequired":true,"valueName":"search_term_string"}}],"inLanguage":"fr-FR"},{"@type":"Person","@id":"https:\/\/macite.tg\/#\/schema\/person\/e9f2de7e5dbbe7770a9402c7ce82f5c2","name":"Jean Pierre BAWELA","image":{"@type":"ImageObject","inLanguage":"fr-FR","@id":"https:\/\/macite.tg\/wp-content\/uploads\/2023\/09\/WhatsApp-Image-2023-09-19-at-14.44.41-122x122.jpeg","url":"https:\/\/macite.tg\/wp-content\/uploads\/2023\/09\/WhatsApp-Image-2023-09-19-at-14.44.41-122x122.jpeg","contentUrl":"https:\/\/macite.tg\/wp-content\/uploads\/2023\/09\/WhatsApp-Image-2023-09-19-at-14.44.41-122x122.jpeg","caption":"Jean Pierre BAWELA"},"url":"https:\/\/macite.tg\/?author=2"}]}},"_links":{"self":[{"href":"https:\/\/macite.tg\/index.php?rest_route=\/wp\/v2\/posts\/10033","targetHints":{"allow":["GET"]}}],"collection":[{"href":"https:\/\/macite.tg\/index.php?rest_route=\/wp\/v2\/posts"}],"about":[{"href":"https:\/\/macite.tg\/index.php?rest_route=\/wp\/v2\/types\/post"}],"author":[{"embeddable":true,"href":"https:\/\/macite.tg\/index.php?rest_route=\/wp\/v2\/users\/2"}],"replies":[{"embeddable":true,"href":"https:\/\/macite.tg\/index.php?rest_route=%2Fwp%2Fv2%2Fcomments&post=10033"}],"version-history":[{"count":0,"href":"https:\/\/macite.tg\/index.php?rest_route=\/wp\/v2\/posts\/10033\/revisions"}],"wp:featuredmedia":[{"embeddable":true,"href":"https:\/\/macite.tg\/index.php?rest_route=\/wp\/v2\/media\/10037"}],"wp:attachment":[{"href":"https:\/\/macite.tg\/index.php?rest_route=%2Fwp%2Fv2%2Fmedia&parent=10033"}],"wp:term":[{"taxonomy":"category","embeddable":true,"href":"https:\/\/macite.tg\/index.php?rest_route=%2Fwp%2Fv2%2Fcategories&post=10033"},{"taxonomy":"post_tag","embeddable":true,"href":"https:\/\/macite.tg\/index.php?rest_route=%2Fwp%2Fv2%2Ftags&post=10033"}],"curies":[{"name":"wp","href":"https:\/\/api.w.org\/{rel}","templated":true}]}}