{"id":10024,"date":"2023-10-30T12:21:58","date_gmt":"2023-10-30T12:21:58","guid":{"rendered":"https:\/\/macite.tg\/?p=10024"},"modified":"2023-10-30T13:17:20","modified_gmt":"2023-10-30T13:17:20","slug":"justice-grace-presidentielle-pour-956-detenus-de-droit-commun","status":"publish","type":"post","link":"https:\/\/macite.tg\/?p=10024","title":{"rendered":"JUSTICE : Gr\u00e2ce pr\u00e9sidentielle pour 956 d\u00e9tenus de droit commun"},"content":{"rendered":"\n<p class=\"wp-block-paragraph\"><strong><em>Ils sont quelque 965 d\u00e9tenus de droit commun \u00e0 recouvrer, depuis vendredi 27 octobre dernier, leur libert\u00e9 sur toute l\u2019\u00e9tendue du territoire national. Cela fait suite \u00e0 la d\u00e9cision du Pr\u00e9sident de la R\u00e9publique, Faure Gnassingb\u00e9, de leur accorder la gr\u00e2ce pr\u00e9sidentielle.<\/em><\/strong><\/p>\n\n\n\n<p class=\"wp-block-paragraph\">Depuis vendredi 27 octobre dernier, pr\u00e8s d\u2019un millier de d\u00e9tenus de droit commun, ont recouvr\u00e9 leur libert\u00e9 des suites de la gr\u00e2ce pr\u00e9sidentielle \u00e0 eux accord\u00e9e par le Chef de l\u2019Etat, Faure Gnassingb\u00e9.<\/p>\n\n\n<div class=\"wp-block-image\">\n<figure class=\"aligncenter size-large is-resized\"><img loading=\"lazy\" decoding=\"async\" src=\"https:\/\/macite.tg\/wp-content\/uploads\/2023\/10\/IMG-20231027-WA00491-1024x1024.jpg\" alt=\"\" class=\"wp-image-9973\" width=\"542\" height=\"542\" srcset=\"https:\/\/macite.tg\/wp-content\/uploads\/2023\/10\/IMG-20231027-WA00491-1024x1024.jpg 1024w, https:\/\/macite.tg\/wp-content\/uploads\/2023\/10\/IMG-20231027-WA00491-300x300.jpg 300w, https:\/\/macite.tg\/wp-content\/uploads\/2023\/10\/IMG-20231027-WA00491-150x150.jpg 150w, https:\/\/macite.tg\/wp-content\/uploads\/2023\/10\/IMG-20231027-WA00491-768x768.jpg 768w, https:\/\/macite.tg\/wp-content\/uploads\/2023\/10\/IMG-20231027-WA00491-122x122.jpg 122w, https:\/\/macite.tg\/wp-content\/uploads\/2023\/10\/IMG-20231027-WA00491.jpg 1181w\" sizes=\"auto, (max-width: 542px) 100vw, 542px\" \/><\/figure>\n<\/div>\n\n\n<p class=\"wp-block-paragraph\">Cette mesure s\u2019inscrit dans le cadre de la politique de d\u00e9sengorgement des \u00e9tablissements p\u00e9nitentiaires, note-on de sources p\u00e9nitentiaires. Ces d\u00e9tenus, faut-il le rappeler, sont en effet ceux qui ont presque purg\u00e9s la quasi-totalit\u00e9 de leurs peines dans les prisons du pays.<\/p>\n\n\n\n<p class=\"wp-block-paragraph\">Selon les ratios, ce sont 344 personnes lib\u00e9r\u00e9es \u00e0 Lom\u00e9, 76 \u00e0 An\u00e9ho, 47 \u00e0 Vogan, 42 \u00e0 Ts\u00e9vi\u00e9, 46 \u00e0 Nots\u00e8, 96 \u00e0 Kpalim\u00e9, 62 \u00e0 Sokod\u00e9, 23 \u00e0 Bassar, 60 \u00e0 Kara, 03 \u00e0 Kant\u00e9, 73 \u00e0 Mango, et 18 \u00e0 Dapaong.<\/p>\n\n\n\n<p class=\"wp-block-paragraph\">Notons que cette mesure du pr\u00e9sident Faure Gnassingb\u00e9 intervient apr\u00e8s celle de mars dernier qui avait permis de remettre en libert\u00e9 quelque 352 d\u00e9tenus.<\/p>\n\n\n<div class=\"wp-block-image\">\n<figure class=\"aligncenter size-large is-resized\"><img loading=\"lazy\" decoding=\"async\" src=\"https:\/\/macite.tg\/wp-content\/uploads\/2023\/10\/IMG-20231027-WA00501-1024x1024.jpg\" alt=\"\" class=\"wp-image-9974\" width=\"557\" height=\"557\" srcset=\"https:\/\/macite.tg\/wp-content\/uploads\/2023\/10\/IMG-20231027-WA00501-1024x1024.jpg 1024w, https:\/\/macite.tg\/wp-content\/uploads\/2023\/10\/IMG-20231027-WA00501-300x300.jpg 300w, https:\/\/macite.tg\/wp-content\/uploads\/2023\/10\/IMG-20231027-WA00501-150x150.jpg 150w, https:\/\/macite.tg\/wp-content\/uploads\/2023\/10\/IMG-20231027-WA00501-768x768.jpg 768w, https:\/\/macite.tg\/wp-content\/uploads\/2023\/10\/IMG-20231027-WA00501-122x122.jpg 122w, https:\/\/macite.tg\/wp-content\/uploads\/2023\/10\/IMG-20231027-WA00501.jpg 1181w\" sizes=\"auto, (max-width: 557px) 100vw, 557px\" \/><\/figure>\n<\/div>\n\n\n<p class=\"wp-block-paragraph\">Mais une chose est de recouvrer sa libert\u00e9 et l\u2019autre est de se maintenir longtemps en libert\u00e9, ceci gr\u00e2ce \u00e0 un programme de r\u00e9insertion bien ficel\u00e9 et suivi.<\/p>\n\n\n\n<p class=\"wp-block-paragraph\"><strong>La R\u00e9daction<\/strong><\/p>\n\n\n\n<p class=\"wp-block-paragraph\"><strong><em>@macite.tg&nbsp;&nbsp;&nbsp;&nbsp;&nbsp;&nbsp;&nbsp;&nbsp;<\/em><\/strong><\/p>\n\n\n\n<p class=\"wp-block-paragraph\"><strong><em>E-mail&nbsp;: <\/em><\/strong><a href=\"mailto:maciteinfo@gmail.com\"><strong><em>maciteinfo@gmail.com<\/em><\/strong><\/a><strong><em>; <\/em><\/strong><a href=\"mailto:bawela1@gmail.com\"><strong><em>bawela1@gmail.com<\/em><\/strong><\/a><strong><em><\/em><\/strong><\/p>\n\n\n\n<p class=\"wp-block-paragraph\"><strong><em>Pour vos annonces, (publi)reportages, etc., joignez nous au (00228)91515309\/<strong>79872224 <\/strong>www.macite.tg, L\u2019information, la bonne&nbsp;!<\/em><\/strong><\/p>\n","protected":false},"excerpt":{"rendered":"<p class=\"text-justify mb-2\" >Ils sont quelque 965 d\u00e9tenus de droit commun \u00e0 recouvrer, depuis vendredi 27 octobre dernier, leur libert\u00e9 sur toute l\u2019\u00e9tendue du territoire national. Cela fait suite \u00e0 la d\u00e9cision du Pr\u00e9sident de la R\u00e9publique, Faure Gnassingb\u00e9, de leur accorder la gr\u00e2ce pr\u00e9sidentielle. Depuis vendredi 27 [&hellip;]<\/p>\n","protected":false},"author":2,"featured_media":10026,"comment_status":"open","ping_status":"open","sticky":false,"template":"","format":"standard","meta":{"footnotes":""},"categories":[20,26],"tags":[],"class_list":["post-10024","post","type-post","status-publish","format-standard","has-post-thumbnail","hentry","category-actualite","category-justice"],"yoast_head":"<!-- This site is optimized with the Yoast SEO plugin v28.4 - https:\/\/yoast.com\/product\/yoast-seo-wordpress\/ -->\n<title>JUSTICE : Gr\u00e2ce pr\u00e9sidentielle pour 956 d\u00e9tenus de droit commun -<\/title>\n<meta name=\"robots\" content=\"index, follow, max-snippet:-1, max-image-preview:large, max-video-preview:-1\" \/>\n<link rel=\"canonical\" href=\"https:\/\/macite.tg\/?p=10024\" \/>\n<meta property=\"og:locale\" content=\"fr_FR\" \/>\n<meta property=\"og:type\" content=\"article\" \/>\n<meta property=\"og:title\" content=\"JUSTICE : Gr\u00e2ce pr\u00e9sidentielle pour 956 d\u00e9tenus de droit commun -\" \/>\n<meta property=\"og:description\" content=\"Ils sont quelque 965 d\u00e9tenus de droit commun \u00e0 recouvrer, depuis vendredi 27 octobre dernier, leur libert\u00e9 sur toute l\u2019\u00e9tendue du territoire national. Cela fait suite \u00e0 la d\u00e9cision du Pr\u00e9sident de la R\u00e9publique, Faure Gnassingb\u00e9, de leur accorder la gr\u00e2ce pr\u00e9sidentielle. Depuis vendredi 27 [&hellip;]\" \/>\n<meta property=\"og:url\" content=\"https:\/\/macite.tg\/?p=10024\" \/>\n<meta property=\"article:published_time\" content=\"2023-10-30T12:21:58+00:00\" \/>\n<meta property=\"article:modified_time\" content=\"2023-10-30T13:17:20+00:00\" \/>\n<meta property=\"og:image\" content=\"https:\/\/macite.tg\/wp-content\/uploads\/2023\/10\/R.jpg\" \/>\n\t<meta property=\"og:image:width\" content=\"1170\" \/>\n\t<meta property=\"og:image:height\" content=\"778\" \/>\n\t<meta property=\"og:image:type\" content=\"image\/jpeg\" \/>\n<meta name=\"author\" content=\"Jean Pierre BAWELA\" \/>\n<meta name=\"twitter:card\" content=\"summary_large_image\" \/>\n<meta name=\"twitter:label1\" content=\"\u00c9crit par\" \/>\n\t<meta name=\"twitter:data1\" content=\"Jean Pierre BAWELA\" \/>\n\t<meta name=\"twitter:label2\" content=\"Dur\u00e9e de lecture estim\u00e9e\" \/>\n\t<meta name=\"twitter:data2\" content=\"1 minute\" \/>\n<script type=\"application\/ld+json\" class=\"yoast-schema-graph\">{\"@context\":\"https:\\\/\\\/schema.org\",\"@graph\":[{\"@type\":\"Article\",\"@id\":\"https:\\\/\\\/macite.tg\\\/?p=10024#article\",\"isPartOf\":{\"@id\":\"https:\\\/\\\/macite.tg\\\/?p=10024\"},\"author\":{\"name\":\"Jean Pierre BAWELA\",\"@id\":\"https:\\\/\\\/macite.tg\\\/#\\\/schema\\\/person\\\/e9f2de7e5dbbe7770a9402c7ce82f5c2\"},\"headline\":\"JUSTICE : Gr\u00e2ce pr\u00e9sidentielle pour 956 d\u00e9tenus de droit commun\",\"datePublished\":\"2023-10-30T12:21:58+00:00\",\"dateModified\":\"2023-10-30T13:17:20+00:00\",\"mainEntityOfPage\":{\"@id\":\"https:\\\/\\\/macite.tg\\\/?p=10024\"},\"wordCount\":259,\"commentCount\":0,\"image\":{\"@id\":\"https:\\\/\\\/macite.tg\\\/?p=10024#primaryimage\"},\"thumbnailUrl\":\"https:\\\/\\\/macite.tg\\\/wp-content\\\/uploads\\\/2023\\\/10\\\/R.jpg\",\"articleSection\":[\"ACTUALITE\",\"JUSTICE\"],\"inLanguage\":\"fr-FR\",\"potentialAction\":[{\"@type\":\"CommentAction\",\"name\":\"Comment\",\"target\":[\"https:\\\/\\\/macite.tg\\\/?p=10024#respond\"]}]},{\"@type\":\"WebPage\",\"@id\":\"https:\\\/\\\/macite.tg\\\/?p=10024\",\"url\":\"https:\\\/\\\/macite.tg\\\/?p=10024\",\"name\":\"JUSTICE : Gr\u00e2ce pr\u00e9sidentielle pour 956 d\u00e9tenus de droit commun -\",\"isPartOf\":{\"@id\":\"https:\\\/\\\/macite.tg\\\/#website\"},\"primaryImageOfPage\":{\"@id\":\"https:\\\/\\\/macite.tg\\\/?p=10024#primaryimage\"},\"image\":{\"@id\":\"https:\\\/\\\/macite.tg\\\/?p=10024#primaryimage\"},\"thumbnailUrl\":\"https:\\\/\\\/macite.tg\\\/wp-content\\\/uploads\\\/2023\\\/10\\\/R.jpg\",\"datePublished\":\"2023-10-30T12:21:58+00:00\",\"dateModified\":\"2023-10-30T13:17:20+00:00\",\"author\":{\"@id\":\"https:\\\/\\\/macite.tg\\\/#\\\/schema\\\/person\\\/e9f2de7e5dbbe7770a9402c7ce82f5c2\"},\"breadcrumb\":{\"@id\":\"https:\\\/\\\/macite.tg\\\/?p=10024#breadcrumb\"},\"inLanguage\":\"fr-FR\",\"potentialAction\":[{\"@type\":\"ReadAction\",\"target\":[\"https:\\\/\\\/macite.tg\\\/?p=10024\"]}]},{\"@type\":\"ImageObject\",\"inLanguage\":\"fr-FR\",\"@id\":\"https:\\\/\\\/macite.tg\\\/?p=10024#primaryimage\",\"url\":\"https:\\\/\\\/macite.tg\\\/wp-content\\\/uploads\\\/2023\\\/10\\\/R.jpg\",\"contentUrl\":\"https:\\\/\\\/macite.tg\\\/wp-content\\\/uploads\\\/2023\\\/10\\\/R.jpg\",\"width\":1170,\"height\":778},{\"@type\":\"BreadcrumbList\",\"@id\":\"https:\\\/\\\/macite.tg\\\/?p=10024#breadcrumb\",\"itemListElement\":[{\"@type\":\"ListItem\",\"position\":1,\"name\":\"Accueil\",\"item\":\"https:\\\/\\\/macite.tg\\\/\"},{\"@type\":\"ListItem\",\"position\":2,\"name\":\"JUSTICE : Gr\u00e2ce pr\u00e9sidentielle pour 956 d\u00e9tenus de droit commun\"}]},{\"@type\":\"WebSite\",\"@id\":\"https:\\\/\\\/macite.tg\\\/#website\",\"url\":\"https:\\\/\\\/macite.tg\\\/\",\"name\":\"\",\"description\":\"L&#039;information, la bonne!!!\",\"potentialAction\":[{\"@type\":\"SearchAction\",\"target\":{\"@type\":\"EntryPoint\",\"urlTemplate\":\"https:\\\/\\\/macite.tg\\\/?s={search_term_string}\"},\"query-input\":{\"@type\":\"PropertyValueSpecification\",\"valueRequired\":true,\"valueName\":\"search_term_string\"}}],\"inLanguage\":\"fr-FR\"},{\"@type\":\"Person\",\"@id\":\"https:\\\/\\\/macite.tg\\\/#\\\/schema\\\/person\\\/e9f2de7e5dbbe7770a9402c7ce82f5c2\",\"name\":\"Jean Pierre BAWELA\",\"image\":{\"@type\":\"ImageObject\",\"inLanguage\":\"fr-FR\",\"@id\":\"https:\\\/\\\/macite.tg\\\/wp-content\\\/uploads\\\/2023\\\/09\\\/WhatsApp-Image-2023-09-19-at-14.44.41-122x122.jpeg\",\"url\":\"https:\\\/\\\/macite.tg\\\/wp-content\\\/uploads\\\/2023\\\/09\\\/WhatsApp-Image-2023-09-19-at-14.44.41-122x122.jpeg\",\"contentUrl\":\"https:\\\/\\\/macite.tg\\\/wp-content\\\/uploads\\\/2023\\\/09\\\/WhatsApp-Image-2023-09-19-at-14.44.41-122x122.jpeg\",\"caption\":\"Jean Pierre BAWELA\"},\"url\":\"https:\\\/\\\/macite.tg\\\/?author=2\"}]}<\/script>\n<!-- \/ Yoast SEO plugin. -->","yoast_head_json":{"title":"JUSTICE : Gr\u00e2ce pr\u00e9sidentielle pour 956 d\u00e9tenus de droit commun -","robots":{"index":"index","follow":"follow","max-snippet":"max-snippet:-1","max-image-preview":"max-image-preview:large","max-video-preview":"max-video-preview:-1"},"canonical":"https:\/\/macite.tg\/?p=10024","og_locale":"fr_FR","og_type":"article","og_title":"JUSTICE : Gr\u00e2ce pr\u00e9sidentielle pour 956 d\u00e9tenus de droit commun -","og_description":"Ils sont quelque 965 d\u00e9tenus de droit commun \u00e0 recouvrer, depuis vendredi 27 octobre dernier, leur libert\u00e9 sur toute l\u2019\u00e9tendue du territoire national. Cela fait suite \u00e0 la d\u00e9cision du Pr\u00e9sident de la R\u00e9publique, Faure Gnassingb\u00e9, de leur accorder la gr\u00e2ce pr\u00e9sidentielle. Depuis vendredi 27 [&hellip;]","og_url":"https:\/\/macite.tg\/?p=10024","article_published_time":"2023-10-30T12:21:58+00:00","article_modified_time":"2023-10-30T13:17:20+00:00","og_image":[{"width":1170,"height":778,"url":"https:\/\/macite.tg\/wp-content\/uploads\/2023\/10\/R.jpg","type":"image\/jpeg"}],"author":"Jean Pierre BAWELA","twitter_card":"summary_large_image","twitter_misc":{"\u00c9crit par":"Jean Pierre BAWELA","Dur\u00e9e de lecture estim\u00e9e":"1 minute"},"schema":{"@context":"https:\/\/schema.org","@graph":[{"@type":"Article","@id":"https:\/\/macite.tg\/?p=10024#article","isPartOf":{"@id":"https:\/\/macite.tg\/?p=10024"},"author":{"name":"Jean Pierre BAWELA","@id":"https:\/\/macite.tg\/#\/schema\/person\/e9f2de7e5dbbe7770a9402c7ce82f5c2"},"headline":"JUSTICE : Gr\u00e2ce pr\u00e9sidentielle pour 956 d\u00e9tenus de droit commun","datePublished":"2023-10-30T12:21:58+00:00","dateModified":"2023-10-30T13:17:20+00:00","mainEntityOfPage":{"@id":"https:\/\/macite.tg\/?p=10024"},"wordCount":259,"commentCount":0,"image":{"@id":"https:\/\/macite.tg\/?p=10024#primaryimage"},"thumbnailUrl":"https:\/\/macite.tg\/wp-content\/uploads\/2023\/10\/R.jpg","articleSection":["ACTUALITE","JUSTICE"],"inLanguage":"fr-FR","potentialAction":[{"@type":"CommentAction","name":"Comment","target":["https:\/\/macite.tg\/?p=10024#respond"]}]},{"@type":"WebPage","@id":"https:\/\/macite.tg\/?p=10024","url":"https:\/\/macite.tg\/?p=10024","name":"JUSTICE : Gr\u00e2ce pr\u00e9sidentielle pour 956 d\u00e9tenus de droit commun -","isPartOf":{"@id":"https:\/\/macite.tg\/#website"},"primaryImageOfPage":{"@id":"https:\/\/macite.tg\/?p=10024#primaryimage"},"image":{"@id":"https:\/\/macite.tg\/?p=10024#primaryimage"},"thumbnailUrl":"https:\/\/macite.tg\/wp-content\/uploads\/2023\/10\/R.jpg","datePublished":"2023-10-30T12:21:58+00:00","dateModified":"2023-10-30T13:17:20+00:00","author":{"@id":"https:\/\/macite.tg\/#\/schema\/person\/e9f2de7e5dbbe7770a9402c7ce82f5c2"},"breadcrumb":{"@id":"https:\/\/macite.tg\/?p=10024#breadcrumb"},"inLanguage":"fr-FR","potentialAction":[{"@type":"ReadAction","target":["https:\/\/macite.tg\/?p=10024"]}]},{"@type":"ImageObject","inLanguage":"fr-FR","@id":"https:\/\/macite.tg\/?p=10024#primaryimage","url":"https:\/\/macite.tg\/wp-content\/uploads\/2023\/10\/R.jpg","contentUrl":"https:\/\/macite.tg\/wp-content\/uploads\/2023\/10\/R.jpg","width":1170,"height":778},{"@type":"BreadcrumbList","@id":"https:\/\/macite.tg\/?p=10024#breadcrumb","itemListElement":[{"@type":"ListItem","position":1,"name":"Accueil","item":"https:\/\/macite.tg\/"},{"@type":"ListItem","position":2,"name":"JUSTICE : Gr\u00e2ce pr\u00e9sidentielle pour 956 d\u00e9tenus de droit commun"}]},{"@type":"WebSite","@id":"https:\/\/macite.tg\/#website","url":"https:\/\/macite.tg\/","name":"","description":"L&#039;information, la bonne!!!","potentialAction":[{"@type":"SearchAction","target":{"@type":"EntryPoint","urlTemplate":"https:\/\/macite.tg\/?s={search_term_string}"},"query-input":{"@type":"PropertyValueSpecification","valueRequired":true,"valueName":"search_term_string"}}],"inLanguage":"fr-FR"},{"@type":"Person","@id":"https:\/\/macite.tg\/#\/schema\/person\/e9f2de7e5dbbe7770a9402c7ce82f5c2","name":"Jean Pierre BAWELA","image":{"@type":"ImageObject","inLanguage":"fr-FR","@id":"https:\/\/macite.tg\/wp-content\/uploads\/2023\/09\/WhatsApp-Image-2023-09-19-at-14.44.41-122x122.jpeg","url":"https:\/\/macite.tg\/wp-content\/uploads\/2023\/09\/WhatsApp-Image-2023-09-19-at-14.44.41-122x122.jpeg","contentUrl":"https:\/\/macite.tg\/wp-content\/uploads\/2023\/09\/WhatsApp-Image-2023-09-19-at-14.44.41-122x122.jpeg","caption":"Jean Pierre BAWELA"},"url":"https:\/\/macite.tg\/?author=2"}]}},"_links":{"self":[{"href":"https:\/\/macite.tg\/index.php?rest_route=\/wp\/v2\/posts\/10024","targetHints":{"allow":["GET"]}}],"collection":[{"href":"https:\/\/macite.tg\/index.php?rest_route=\/wp\/v2\/posts"}],"about":[{"href":"https:\/\/macite.tg\/index.php?rest_route=\/wp\/v2\/types\/post"}],"author":[{"embeddable":true,"href":"https:\/\/macite.tg\/index.php?rest_route=\/wp\/v2\/users\/2"}],"replies":[{"embeddable":true,"href":"https:\/\/macite.tg\/index.php?rest_route=%2Fwp%2Fv2%2Fcomments&post=10024"}],"version-history":[{"count":0,"href":"https:\/\/macite.tg\/index.php?rest_route=\/wp\/v2\/posts\/10024\/revisions"}],"wp:featuredmedia":[{"embeddable":true,"href":"https:\/\/macite.tg\/index.php?rest_route=\/wp\/v2\/media\/10026"}],"wp:attachment":[{"href":"https:\/\/macite.tg\/index.php?rest_route=%2Fwp%2Fv2%2Fmedia&parent=10024"}],"wp:term":[{"taxonomy":"category","embeddable":true,"href":"https:\/\/macite.tg\/index.php?rest_route=%2Fwp%2Fv2%2Fcategories&post=10024"},{"taxonomy":"post_tag","embeddable":true,"href":"https:\/\/macite.tg\/index.php?rest_route=%2Fwp%2Fv2%2Ftags&post=10024"}],"curies":[{"name":"wp","href":"https:\/\/api.w.org\/{rel}","templated":true}]}}