{"id":10002,"date":"2023-10-27T19:20:10","date_gmt":"2023-10-27T19:20:10","guid":{"rendered":"https:\/\/macite.tg\/?p=10002"},"modified":"2023-10-27T19:21:17","modified_gmt":"2023-10-27T19:21:17","slug":"mouvement-des-sahraoui-pour-la-paix-msp-une-2e-conference-internationale-pour-le-dialogue-et-la-paix-reunie-differents-acteurs-du-27-au-28-octobre-a-dakar","status":"publish","type":"post","link":"https:\/\/macite.tg\/?p=10002","title":{"rendered":"MOUVEMENT DES SAHRAOUI POUR LA PAIX (MSP)\u00a0: Une 2\u00e8 Conf\u00e9rence internationale pour le dialogue et la paix r\u00e9unie diff\u00e9rents acteurs du 27 au 28 octobre \u00e0 Dakar"},"content":{"rendered":"\n<p class=\"wp-block-paragraph\"><strong><em>Dans le cadre du processus de paix pour rapprocher les Sahraouis des Provinces du sud marocain et ceux des camps de Tindouf, en vue d\u2019une solution pacifique au probl\u00e8me du Sahara marocain, il a \u00e9t\u00e9 initi\u00e9 la Conf\u00e9rence internationale pour le dialogue et pour la Paix, r\u00e9unissant diff\u00e9rents acteurs. Cette rencontre internationale sera \u00e0 sa seconde \u00e9dition cette ann\u00e9e.<\/em><\/strong><\/p>\n\n\n\n<p class=\"wp-block-paragraph\">Du 27 au 28 octobre 2023, se tiendra dans la capitale s\u00e9n\u00e9galaise, notamment \u00e0 la salle du 04 avril du Centre international de commerce ext\u00e9rieur du S\u00e9n\u00e9gal (Cices), la seconde Conf\u00e9rence internationale pour la paix et le dialogue.<\/p>\n\n\n<div class=\"wp-block-image\">\n<figure class=\"aligncenter size-large is-resized\"><img loading=\"lazy\" decoding=\"async\" src=\"https:\/\/macite.tg\/wp-content\/uploads\/2023\/10\/IMG-20231027-WA00491-1024x1024.jpg\" alt=\"\" class=\"wp-image-9973\" width=\"625\" height=\"625\" srcset=\"https:\/\/macite.tg\/wp-content\/uploads\/2023\/10\/IMG-20231027-WA00491-1024x1024.jpg 1024w, https:\/\/macite.tg\/wp-content\/uploads\/2023\/10\/IMG-20231027-WA00491-300x300.jpg 300w, https:\/\/macite.tg\/wp-content\/uploads\/2023\/10\/IMG-20231027-WA00491-150x150.jpg 150w, https:\/\/macite.tg\/wp-content\/uploads\/2023\/10\/IMG-20231027-WA00491-768x768.jpg 768w, https:\/\/macite.tg\/wp-content\/uploads\/2023\/10\/IMG-20231027-WA00491-122x122.jpg 122w, https:\/\/macite.tg\/wp-content\/uploads\/2023\/10\/IMG-20231027-WA00491.jpg 1181w\" sizes=\"auto, (max-width: 625px) 100vw, 625px\" \/><\/figure>\n<\/div>\n\n\n<p class=\"wp-block-paragraph\">Organis\u00e9e par le Mouvement des Sahraouis pour la paix (Msp) en collaboration avec le et le Centre africain d\u2019intelligence strat\u00e9gique pour la paix (Cispaix), se veut une nouvelle alternative pour la recherche de solutions pacifiques au conflit encore en cours quant \u00e0 la question du Sahara. Il faut le souligner, ce conflit met \u00e0 nue les multiples exactions contre les populations Sahraouis, pris au pi\u00e8ge par le Polisario.&nbsp;&nbsp;<\/p>\n\n\n\n<p class=\"wp-block-paragraph\">Pour les participants \u00e0 cette Conf\u00e9rence, il va s\u2019agir d\u2019encourager le dialogue entre les populations de cette zone et celles des Provinces du sud du Royaume du Maroc.<\/p>\n\n\n\n<p class=\"wp-block-paragraph\">Au rang des participants, on peut citer, l\u2019ancien pr\u00e9sident du Burundi, SEM Domitien Ndayizeye, l\u2019ancien ministre de la D\u00e9fense espagnol, Monsieur Jose Bono Martinez&nbsp;; l\u2019ancien Ministre des Affaires \u00c9trang\u00e8res du P\u00e9rou, Monsieur Miguel \u00c1ngel Rodriguez Mackay&nbsp;; le politologue et Pr\u00e9sident de l\u2019Institut Argentin des \u00c9tudes Strat\u00e9giques, Adalberto Carlos Agozino&nbsp;; sans oublier l\u2019ancien Pr\u00e9sident du Gouvernement espagnol Rodriguez Zapatero et l\u2019ancien Ministre des Affaires Etrang\u00e8res espagnol, Miguel Angel Moratinos.<\/p>\n\n\n<div class=\"wp-block-image\">\n<figure class=\"aligncenter size-large is-resized\"><img loading=\"lazy\" decoding=\"async\" src=\"https:\/\/macite.tg\/wp-content\/uploads\/2023\/10\/IMG-20231027-WA00501-1024x1024.jpg\" alt=\"\" class=\"wp-image-9974\" width=\"610\" height=\"610\" srcset=\"https:\/\/macite.tg\/wp-content\/uploads\/2023\/10\/IMG-20231027-WA00501-1024x1024.jpg 1024w, https:\/\/macite.tg\/wp-content\/uploads\/2023\/10\/IMG-20231027-WA00501-300x300.jpg 300w, https:\/\/macite.tg\/wp-content\/uploads\/2023\/10\/IMG-20231027-WA00501-150x150.jpg 150w, https:\/\/macite.tg\/wp-content\/uploads\/2023\/10\/IMG-20231027-WA00501-768x768.jpg 768w, https:\/\/macite.tg\/wp-content\/uploads\/2023\/10\/IMG-20231027-WA00501-122x122.jpg 122w, https:\/\/macite.tg\/wp-content\/uploads\/2023\/10\/IMG-20231027-WA00501.jpg 1181w\" sizes=\"auto, (max-width: 610px) 100vw, 610px\" \/><\/figure>\n<\/div>\n\n\n<p class=\"wp-block-paragraph\">Pour rappel, le Mouvement des Sahraouis pour la Paix (Msp) est dirig\u00e9 par lhaj Ahmed Barikalla. Ce Mouvement est une force alternative \u00e9mergente&nbsp; qui r\u00e9unis des Sahraouis qui, loin de s\u2019identifier aux projets du Polisario, veulent au contraire se rapprocher des Sahraouis des Provinces du Sud Marocain et des Sahraouis des camps de Tindouf.<\/p>\n\n\n\n<p class=\"wp-block-paragraph\"><strong>M.C<\/strong><\/p>\n\n\n\n<p class=\"wp-block-paragraph\"><strong><em>@macite.tg&nbsp;&nbsp;&nbsp;&nbsp;&nbsp;&nbsp;&nbsp;&nbsp;<\/em><\/strong><\/p>\n\n\n\n<p class=\"wp-block-paragraph\"><strong><em>E-mail&nbsp;: <\/em><\/strong><a href=\"mailto:maciteinfo@gmail.com\"><strong><em>maciteinfo@gmail.com<\/em><\/strong><\/a><strong><em>; <\/em><\/strong><a href=\"mailto:bawela1@gmail.com\"><strong><em>bawela1@gmail.com<\/em><\/strong><\/a><strong><em><\/em><\/strong><\/p>\n\n\n\n<p class=\"wp-block-paragraph\"><strong><em>Pour vos annonces, (publi)reportages, etc., joignez nous au (00228)91515309\/<strong>79872224 <\/strong>www.macite.tg, L\u2019information, la bonne&nbsp;!<\/em><\/strong><\/p>\n","protected":false},"excerpt":{"rendered":"<p class=\"text-justify mb-2\" >Dans le cadre du processus de paix pour rapprocher les Sahraouis des Provinces du sud marocain et ceux des camps de Tindouf, en vue d\u2019une solution pacifique au probl\u00e8me du Sahara marocain, il a \u00e9t\u00e9 initi\u00e9 la Conf\u00e9rence internationale pour le dialogue et pour la [&hellip;]<\/p>\n","protected":false},"author":2,"featured_media":10004,"comment_status":"open","ping_status":"open","sticky":false,"template":"","format":"standard","meta":{"footnotes":""},"categories":[20,1],"tags":[],"class_list":["post-10002","post","type-post","status-publish","format-standard","has-post-thumbnail","hentry","category-actualite","category-politique"],"yoast_head":"<!-- This site is optimized with the Yoast SEO plugin v28.4 - https:\/\/yoast.com\/product\/yoast-seo-wordpress\/ -->\n<title>MOUVEMENT DES SAHRAOUI POUR LA PAIX (MSP)\u00a0: Une 2\u00e8 Conf\u00e9rence internationale pour le dialogue et la paix r\u00e9unie diff\u00e9rents acteurs du 27 au 28 octobre \u00e0 Dakar -<\/title>\n<meta name=\"robots\" content=\"index, follow, max-snippet:-1, max-image-preview:large, max-video-preview:-1\" \/>\n<link rel=\"canonical\" href=\"https:\/\/macite.tg\/?p=10002\" \/>\n<meta property=\"og:locale\" content=\"fr_FR\" \/>\n<meta property=\"og:type\" content=\"article\" \/>\n<meta property=\"og:title\" content=\"MOUVEMENT DES SAHRAOUI POUR LA PAIX (MSP)\u00a0: Une 2\u00e8 Conf\u00e9rence internationale pour le dialogue et la paix r\u00e9unie diff\u00e9rents acteurs du 27 au 28 octobre \u00e0 Dakar -\" \/>\n<meta property=\"og:description\" content=\"Dans le cadre du processus de paix pour rapprocher les Sahraouis des Provinces du sud marocain et ceux des camps de Tindouf, en vue d\u2019une solution pacifique au probl\u00e8me du Sahara marocain, il a \u00e9t\u00e9 initi\u00e9 la Conf\u00e9rence internationale pour le dialogue et pour la [&hellip;]\" \/>\n<meta property=\"og:url\" content=\"https:\/\/macite.tg\/?p=10002\" \/>\n<meta property=\"article:published_time\" content=\"2023-10-27T19:20:10+00:00\" \/>\n<meta property=\"article:modified_time\" content=\"2023-10-27T19:21:17+00:00\" \/>\n<meta property=\"og:image\" content=\"https:\/\/macite.tg\/wp-content\/uploads\/2023\/10\/IMG-20231027-WA0126.jpg\" \/>\n\t<meta property=\"og:image:width\" content=\"2560\" \/>\n\t<meta property=\"og:image:height\" content=\"1600\" \/>\n\t<meta property=\"og:image:type\" content=\"image\/jpeg\" \/>\n<meta name=\"author\" content=\"Jean Pierre BAWELA\" \/>\n<meta name=\"twitter:card\" content=\"summary_large_image\" \/>\n<meta name=\"twitter:label1\" content=\"\u00c9crit par\" \/>\n\t<meta name=\"twitter:data1\" content=\"Jean Pierre BAWELA\" \/>\n\t<meta name=\"twitter:label2\" content=\"Dur\u00e9e de lecture estim\u00e9e\" \/>\n\t<meta name=\"twitter:data2\" content=\"2 minutes\" \/>\n<script type=\"application\/ld+json\" class=\"yoast-schema-graph\">{\"@context\":\"https:\\\/\\\/schema.org\",\"@graph\":[{\"@type\":\"Article\",\"@id\":\"https:\\\/\\\/macite.tg\\\/?p=10002#article\",\"isPartOf\":{\"@id\":\"https:\\\/\\\/macite.tg\\\/?p=10002\"},\"author\":{\"name\":\"Jean Pierre BAWELA\",\"@id\":\"https:\\\/\\\/macite.tg\\\/#\\\/schema\\\/person\\\/e9f2de7e5dbbe7770a9402c7ce82f5c2\"},\"headline\":\"MOUVEMENT DES SAHRAOUI POUR LA PAIX (MSP)\u00a0: Une 2\u00e8 Conf\u00e9rence internationale pour le dialogue et la paix r\u00e9unie diff\u00e9rents acteurs du 27 au 28 octobre \u00e0 Dakar\",\"datePublished\":\"2023-10-27T19:20:10+00:00\",\"dateModified\":\"2023-10-27T19:21:17+00:00\",\"mainEntityOfPage\":{\"@id\":\"https:\\\/\\\/macite.tg\\\/?p=10002\"},\"wordCount\":410,\"commentCount\":0,\"image\":{\"@id\":\"https:\\\/\\\/macite.tg\\\/?p=10002#primaryimage\"},\"thumbnailUrl\":\"https:\\\/\\\/macite.tg\\\/wp-content\\\/uploads\\\/2023\\\/10\\\/IMG-20231027-WA0126.jpg\",\"articleSection\":[\"ACTUALITE\",\"POLITIQUE\"],\"inLanguage\":\"fr-FR\",\"potentialAction\":[{\"@type\":\"CommentAction\",\"name\":\"Comment\",\"target\":[\"https:\\\/\\\/macite.tg\\\/?p=10002#respond\"]}]},{\"@type\":\"WebPage\",\"@id\":\"https:\\\/\\\/macite.tg\\\/?p=10002\",\"url\":\"https:\\\/\\\/macite.tg\\\/?p=10002\",\"name\":\"MOUVEMENT DES SAHRAOUI POUR LA PAIX (MSP)\u00a0: Une 2\u00e8 Conf\u00e9rence internationale pour le dialogue et la paix r\u00e9unie diff\u00e9rents acteurs du 27 au 28 octobre \u00e0 Dakar -\",\"isPartOf\":{\"@id\":\"https:\\\/\\\/macite.tg\\\/#website\"},\"primaryImageOfPage\":{\"@id\":\"https:\\\/\\\/macite.tg\\\/?p=10002#primaryimage\"},\"image\":{\"@id\":\"https:\\\/\\\/macite.tg\\\/?p=10002#primaryimage\"},\"thumbnailUrl\":\"https:\\\/\\\/macite.tg\\\/wp-content\\\/uploads\\\/2023\\\/10\\\/IMG-20231027-WA0126.jpg\",\"datePublished\":\"2023-10-27T19:20:10+00:00\",\"dateModified\":\"2023-10-27T19:21:17+00:00\",\"author\":{\"@id\":\"https:\\\/\\\/macite.tg\\\/#\\\/schema\\\/person\\\/e9f2de7e5dbbe7770a9402c7ce82f5c2\"},\"breadcrumb\":{\"@id\":\"https:\\\/\\\/macite.tg\\\/?p=10002#breadcrumb\"},\"inLanguage\":\"fr-FR\",\"potentialAction\":[{\"@type\":\"ReadAction\",\"target\":[\"https:\\\/\\\/macite.tg\\\/?p=10002\"]}]},{\"@type\":\"ImageObject\",\"inLanguage\":\"fr-FR\",\"@id\":\"https:\\\/\\\/macite.tg\\\/?p=10002#primaryimage\",\"url\":\"https:\\\/\\\/macite.tg\\\/wp-content\\\/uploads\\\/2023\\\/10\\\/IMG-20231027-WA0126.jpg\",\"contentUrl\":\"https:\\\/\\\/macite.tg\\\/wp-content\\\/uploads\\\/2023\\\/10\\\/IMG-20231027-WA0126.jpg\",\"width\":2560,\"height\":1600},{\"@type\":\"BreadcrumbList\",\"@id\":\"https:\\\/\\\/macite.tg\\\/?p=10002#breadcrumb\",\"itemListElement\":[{\"@type\":\"ListItem\",\"position\":1,\"name\":\"Accueil\",\"item\":\"https:\\\/\\\/macite.tg\\\/\"},{\"@type\":\"ListItem\",\"position\":2,\"name\":\"MOUVEMENT DES SAHRAOUI POUR LA PAIX (MSP)\u00a0: Une 2\u00e8 Conf\u00e9rence internationale pour le dialogue et la paix r\u00e9unie diff\u00e9rents acteurs du 27 au 28 octobre \u00e0 Dakar\"}]},{\"@type\":\"WebSite\",\"@id\":\"https:\\\/\\\/macite.tg\\\/#website\",\"url\":\"https:\\\/\\\/macite.tg\\\/\",\"name\":\"\",\"description\":\"L&#039;information, la bonne!!!\",\"potentialAction\":[{\"@type\":\"SearchAction\",\"target\":{\"@type\":\"EntryPoint\",\"urlTemplate\":\"https:\\\/\\\/macite.tg\\\/?s={search_term_string}\"},\"query-input\":{\"@type\":\"PropertyValueSpecification\",\"valueRequired\":true,\"valueName\":\"search_term_string\"}}],\"inLanguage\":\"fr-FR\"},{\"@type\":\"Person\",\"@id\":\"https:\\\/\\\/macite.tg\\\/#\\\/schema\\\/person\\\/e9f2de7e5dbbe7770a9402c7ce82f5c2\",\"name\":\"Jean Pierre BAWELA\",\"image\":{\"@type\":\"ImageObject\",\"inLanguage\":\"fr-FR\",\"@id\":\"https:\\\/\\\/macite.tg\\\/wp-content\\\/uploads\\\/2023\\\/09\\\/WhatsApp-Image-2023-09-19-at-14.44.41-122x122.jpeg\",\"url\":\"https:\\\/\\\/macite.tg\\\/wp-content\\\/uploads\\\/2023\\\/09\\\/WhatsApp-Image-2023-09-19-at-14.44.41-122x122.jpeg\",\"contentUrl\":\"https:\\\/\\\/macite.tg\\\/wp-content\\\/uploads\\\/2023\\\/09\\\/WhatsApp-Image-2023-09-19-at-14.44.41-122x122.jpeg\",\"caption\":\"Jean Pierre BAWELA\"},\"url\":\"https:\\\/\\\/macite.tg\\\/?author=2\"}]}<\/script>\n<!-- \/ Yoast SEO plugin. -->","yoast_head_json":{"title":"MOUVEMENT DES SAHRAOUI POUR LA PAIX (MSP)\u00a0: Une 2\u00e8 Conf\u00e9rence internationale pour le dialogue et la paix r\u00e9unie diff\u00e9rents acteurs du 27 au 28 octobre \u00e0 Dakar -","robots":{"index":"index","follow":"follow","max-snippet":"max-snippet:-1","max-image-preview":"max-image-preview:large","max-video-preview":"max-video-preview:-1"},"canonical":"https:\/\/macite.tg\/?p=10002","og_locale":"fr_FR","og_type":"article","og_title":"MOUVEMENT DES SAHRAOUI POUR LA PAIX (MSP)\u00a0: Une 2\u00e8 Conf\u00e9rence internationale pour le dialogue et la paix r\u00e9unie diff\u00e9rents acteurs du 27 au 28 octobre \u00e0 Dakar -","og_description":"Dans le cadre du processus de paix pour rapprocher les Sahraouis des Provinces du sud marocain et ceux des camps de Tindouf, en vue d\u2019une solution pacifique au probl\u00e8me du Sahara marocain, il a \u00e9t\u00e9 initi\u00e9 la Conf\u00e9rence internationale pour le dialogue et pour la [&hellip;]","og_url":"https:\/\/macite.tg\/?p=10002","article_published_time":"2023-10-27T19:20:10+00:00","article_modified_time":"2023-10-27T19:21:17+00:00","og_image":[{"width":2560,"height":1600,"url":"https:\/\/macite.tg\/wp-content\/uploads\/2023\/10\/IMG-20231027-WA0126.jpg","type":"image\/jpeg"}],"author":"Jean Pierre BAWELA","twitter_card":"summary_large_image","twitter_misc":{"\u00c9crit par":"Jean Pierre BAWELA","Dur\u00e9e de lecture estim\u00e9e":"2 minutes"},"schema":{"@context":"https:\/\/schema.org","@graph":[{"@type":"Article","@id":"https:\/\/macite.tg\/?p=10002#article","isPartOf":{"@id":"https:\/\/macite.tg\/?p=10002"},"author":{"name":"Jean Pierre BAWELA","@id":"https:\/\/macite.tg\/#\/schema\/person\/e9f2de7e5dbbe7770a9402c7ce82f5c2"},"headline":"MOUVEMENT DES SAHRAOUI POUR LA PAIX (MSP)\u00a0: Une 2\u00e8 Conf\u00e9rence internationale pour le dialogue et la paix r\u00e9unie diff\u00e9rents acteurs du 27 au 28 octobre \u00e0 Dakar","datePublished":"2023-10-27T19:20:10+00:00","dateModified":"2023-10-27T19:21:17+00:00","mainEntityOfPage":{"@id":"https:\/\/macite.tg\/?p=10002"},"wordCount":410,"commentCount":0,"image":{"@id":"https:\/\/macite.tg\/?p=10002#primaryimage"},"thumbnailUrl":"https:\/\/macite.tg\/wp-content\/uploads\/2023\/10\/IMG-20231027-WA0126.jpg","articleSection":["ACTUALITE","POLITIQUE"],"inLanguage":"fr-FR","potentialAction":[{"@type":"CommentAction","name":"Comment","target":["https:\/\/macite.tg\/?p=10002#respond"]}]},{"@type":"WebPage","@id":"https:\/\/macite.tg\/?p=10002","url":"https:\/\/macite.tg\/?p=10002","name":"MOUVEMENT DES SAHRAOUI POUR LA PAIX (MSP)\u00a0: Une 2\u00e8 Conf\u00e9rence internationale pour le dialogue et la paix r\u00e9unie diff\u00e9rents acteurs du 27 au 28 octobre \u00e0 Dakar -","isPartOf":{"@id":"https:\/\/macite.tg\/#website"},"primaryImageOfPage":{"@id":"https:\/\/macite.tg\/?p=10002#primaryimage"},"image":{"@id":"https:\/\/macite.tg\/?p=10002#primaryimage"},"thumbnailUrl":"https:\/\/macite.tg\/wp-content\/uploads\/2023\/10\/IMG-20231027-WA0126.jpg","datePublished":"2023-10-27T19:20:10+00:00","dateModified":"2023-10-27T19:21:17+00:00","author":{"@id":"https:\/\/macite.tg\/#\/schema\/person\/e9f2de7e5dbbe7770a9402c7ce82f5c2"},"breadcrumb":{"@id":"https:\/\/macite.tg\/?p=10002#breadcrumb"},"inLanguage":"fr-FR","potentialAction":[{"@type":"ReadAction","target":["https:\/\/macite.tg\/?p=10002"]}]},{"@type":"ImageObject","inLanguage":"fr-FR","@id":"https:\/\/macite.tg\/?p=10002#primaryimage","url":"https:\/\/macite.tg\/wp-content\/uploads\/2023\/10\/IMG-20231027-WA0126.jpg","contentUrl":"https:\/\/macite.tg\/wp-content\/uploads\/2023\/10\/IMG-20231027-WA0126.jpg","width":2560,"height":1600},{"@type":"BreadcrumbList","@id":"https:\/\/macite.tg\/?p=10002#breadcrumb","itemListElement":[{"@type":"ListItem","position":1,"name":"Accueil","item":"https:\/\/macite.tg\/"},{"@type":"ListItem","position":2,"name":"MOUVEMENT DES SAHRAOUI POUR LA PAIX (MSP)\u00a0: Une 2\u00e8 Conf\u00e9rence internationale pour le dialogue et la paix r\u00e9unie diff\u00e9rents acteurs du 27 au 28 octobre \u00e0 Dakar"}]},{"@type":"WebSite","@id":"https:\/\/macite.tg\/#website","url":"https:\/\/macite.tg\/","name":"","description":"L&#039;information, la bonne!!!","potentialAction":[{"@type":"SearchAction","target":{"@type":"EntryPoint","urlTemplate":"https:\/\/macite.tg\/?s={search_term_string}"},"query-input":{"@type":"PropertyValueSpecification","valueRequired":true,"valueName":"search_term_string"}}],"inLanguage":"fr-FR"},{"@type":"Person","@id":"https:\/\/macite.tg\/#\/schema\/person\/e9f2de7e5dbbe7770a9402c7ce82f5c2","name":"Jean Pierre BAWELA","image":{"@type":"ImageObject","inLanguage":"fr-FR","@id":"https:\/\/macite.tg\/wp-content\/uploads\/2023\/09\/WhatsApp-Image-2023-09-19-at-14.44.41-122x122.jpeg","url":"https:\/\/macite.tg\/wp-content\/uploads\/2023\/09\/WhatsApp-Image-2023-09-19-at-14.44.41-122x122.jpeg","contentUrl":"https:\/\/macite.tg\/wp-content\/uploads\/2023\/09\/WhatsApp-Image-2023-09-19-at-14.44.41-122x122.jpeg","caption":"Jean Pierre BAWELA"},"url":"https:\/\/macite.tg\/?author=2"}]}},"_links":{"self":[{"href":"https:\/\/macite.tg\/index.php?rest_route=\/wp\/v2\/posts\/10002","targetHints":{"allow":["GET"]}}],"collection":[{"href":"https:\/\/macite.tg\/index.php?rest_route=\/wp\/v2\/posts"}],"about":[{"href":"https:\/\/macite.tg\/index.php?rest_route=\/wp\/v2\/types\/post"}],"author":[{"embeddable":true,"href":"https:\/\/macite.tg\/index.php?rest_route=\/wp\/v2\/users\/2"}],"replies":[{"embeddable":true,"href":"https:\/\/macite.tg\/index.php?rest_route=%2Fwp%2Fv2%2Fcomments&post=10002"}],"version-history":[{"count":0,"href":"https:\/\/macite.tg\/index.php?rest_route=\/wp\/v2\/posts\/10002\/revisions"}],"wp:featuredmedia":[{"embeddable":true,"href":"https:\/\/macite.tg\/index.php?rest_route=\/wp\/v2\/media\/10004"}],"wp:attachment":[{"href":"https:\/\/macite.tg\/index.php?rest_route=%2Fwp%2Fv2%2Fmedia&parent=10002"}],"wp:term":[{"taxonomy":"category","embeddable":true,"href":"https:\/\/macite.tg\/index.php?rest_route=%2Fwp%2Fv2%2Fcategories&post=10002"},{"taxonomy":"post_tag","embeddable":true,"href":"https:\/\/macite.tg\/index.php?rest_route=%2Fwp%2Fv2%2Ftags&post=10002"}],"curies":[{"name":"wp","href":"https:\/\/api.w.org\/{rel}","templated":true}]}}